{"id":125491,"date":"2025-09-19T15:37:13","date_gmt":"2025-09-19T15:37:13","guid":{"rendered":"https:\/\/www.europesays.com\/es\/125491\/"},"modified":"2025-09-19T15:37:13","modified_gmt":"2025-09-19T15:37:13","slug":"chayanne-orgulloso-con-nominacion-de-su-hija-isadora-a-un-latin-grammy","status":"publish","type":"post","link":"https:\/\/www.europesays.com\/es\/125491\/","title":{"rendered":"Chayanne orgulloso con nominaci\u00f3n de su hija Isadora a un Latin Grammy"},"content":{"rendered":"<p>El cantante puertorrique\u00f1o <a href=\"https:\/\/www.primerahora.com\/tema\/chayanne\/\" target=\"_blank\" rel=\"nofollow noopener\" title=\"https:\/\/www.primerahora.com\/tema\/chayanne\/\"><b>Chayanne<\/b><\/a> no pudo contener el orgullo de padre y comparti\u00f3 con sus seguidores en Instagram la gran noticia de que su hija, <b>Isadora<\/b> Figueroa, fue nominada a un <a href=\"https:\/\/www.primerahora.com\/tema\/latin-grammy\/\" target=\"_blank\" rel=\"nofollow noopener\" title=\"https:\/\/www.primerahora.com\/tema\/latin-grammy\/\"><b>Latin Grammy<\/b><\/a>.<\/p>\n<p>Hoy se dieron a conocer las nominaciones, y entre ellas destaca Isadora en la <b>categor\u00eda<\/b> de <b>Mejor Nuevo Artista<\/b>.<\/p>\n<p><img decoding=\"async\" class=\"ResponsiveImage__img\" src=\"https:\/\/www.europesays.com\/es\/wp-content\/uploads\/2025\/09\/NZDD324TBVDLPOGOYYBP5UNBMQ.jpg\" alt=\"Chayanne junto a su hija Isadora\" loading=\"lazy\"\/>Chayanne junto a su hija Isadora (Instagram)<\/p>\n<p>\u201cMi ni\u00f1a bonita, me siento orgulloso por tu nominaci\u00f3n al Grammy. Es algo que se gana con esfuerzo y dedicaci\u00f3n, y eso es lo que veo en ti todos los d\u00edas. Se hace camino al andar, sigue adelante!\u201d, escribi\u00f3 el int\u00e9rprete de \u201cDejar\u00eda todo\u201d.<\/p>\n<ol class=\"list-items-wrapper\">\n<li class=\"ArticleTeaser ArticleTeaser--bullets u-section--entretenimiento ContentRecirculation__item\"><a href=\"https:\/\/www.primerahora.com\/entretenimiento\/musica\/notas\/chayanne-entrena-en-el-gimnasio-a-pesar-de-lesion-en-una-rodilla\/\" rel=\"nofollow noopener\" target=\"_blank\">Chayanne entrena en el gimnasio a pesar de lesi\u00f3n en una rodilla<\/a><\/li>\n<li class=\"ArticleTeaser ArticleTeaser--bullets u-section--entretenimiento ContentRecirculation__item\"><a href=\"https:\/\/www.primerahora.com\/entretenimiento\/farandula\/notas\/presentan-demanda-por-estafa-millonaria-relacionada-con-un-supuesto-concierto-de-chayanne\/\" rel=\"nofollow noopener\" target=\"_blank\">Presentan demanda por estafa millonaria relacionada con un supuesto concierto de Chayanne <\/a><\/li>\n<li class=\"ArticleTeaser ArticleTeaser--bullets u-section--entretenimiento ContentRecirculation__item\"><a href=\"https:\/\/www.primerahora.com\/entretenimiento\/musica\/notas\/chayanne-anuncia-cuarta-funcion-en-el-choliseo\/\" rel=\"nofollow noopener\" target=\"_blank\">Chayanne anuncia cuarta funci\u00f3n en el Choliseo<\/a><\/li>\n<\/ol>\n<p>Por su parte,<b> Isadora tambi\u00e9n reaccion\u00f3 con emoci\u00f3n<\/b> a trav\u00e9s de sus redes sociales.<\/p>\n<p>\u201cIntento poner en palabras lo que siento\u2026 pero todav\u00eda no me lo creo\u2026 y cada vez que lo pienso, se me aguan los ojos. C\u00f3mo le explico a la nenita de 6 a\u00f1os que escrib\u00eda canciones en su cuarto, que HOY EST\u00c1 NOMINADA A UN LATIN GRAMMY. QUEEEEEEEEEEEE\u201d, expres\u00f3 la cantante de 24\u00a0a\u00f1os en una publicaci\u00f3n.<\/p>\n<p>En la categor\u00eda, <b>Isadora<\/b> compite con otros nueve artistas: Alleh, Annasofia, Yerai Cort\u00e9s, Juliane Gamboa, Camila Guevara, Alex Luna, Paloma Morphy, Sued Nunes y Ruzzi.<\/p>\n<p>La ceremonia de premiaci\u00f3n de la 26 edici\u00f3n de los <b>Latin Grammy <\/b>se celebrar\u00e1 el pr\u00f3ximo <b>13 de noviembre<\/b> en el MGM Grand Garden Arena de <b>Las Vegas<\/b>.<\/p>\n","protected":false},"excerpt":{"rendered":"El cantante puertorrique\u00f1o Chayanne no pudo contener el orgullo de padre y comparti\u00f3 con sus seguidores en Instagram&hellip;\n","protected":false},"author":2,"featured_media":125492,"comment_status":"","ping_status":"","sticky":false,"template":"","format":"standard","meta":{"footnotes":""},"categories":[170],"tags":[40119,146,147,25,24,17870,184,185,23],"class_list":{"0":"post-125491","1":"post","2":"type-post","3":"status-publish","4":"format-standard","5":"has-post-thumbnail","7":"category-musica","8":"tag-chayanne","9":"tag-entertainment","10":"tag-entretenimiento","11":"tag-es","12":"tag-espana","13":"tag-latin-grammy","14":"tag-music","15":"tag-musica","16":"tag-spain"},"share_on_mastodon":{"url":"","error":""},"_links":{"self":[{"href":"https:\/\/www.europesays.com\/es\/wp-json\/wp\/v2\/posts\/125491","targetHints":{"allow":["GET"]}}],"collection":[{"href":"https:\/\/www.europesays.com\/es\/wp-json\/wp\/v2\/posts"}],"about":[{"href":"https:\/\/www.europesays.com\/es\/wp-json\/wp\/v2\/types\/post"}],"author":[{"embeddable":true,"href":"https:\/\/www.europesays.com\/es\/wp-json\/wp\/v2\/users\/2"}],"replies":[{"embeddable":true,"href":"https:\/\/www.europesays.com\/es\/wp-json\/wp\/v2\/comments?post=125491"}],"version-history":[{"count":0,"href":"https:\/\/www.europesays.com\/es\/wp-json\/wp\/v2\/posts\/125491\/revisions"}],"wp:featuredmedia":[{"embeddable":true,"href":"https:\/\/www.europesays.com\/es\/wp-json\/wp\/v2\/media\/125492"}],"wp:attachment":[{"href":"https:\/\/www.europesays.com\/es\/wp-json\/wp\/v2\/media?parent=125491"}],"wp:term":[{"taxonomy":"category","embeddable":true,"href":"https:\/\/www.europesays.com\/es\/wp-json\/wp\/v2\/categories?post=125491"},{"taxonomy":"post_tag","embeddable":true,"href":"https:\/\/www.europesays.com\/es\/wp-json\/wp\/v2\/tags?post=125491"}],"curies":[{"name":"wp","href":"https:\/\/api.w.org\/{rel}","templated":true}]}}