{"id":125497,"date":"2025-09-19T15:40:10","date_gmt":"2025-09-19T15:40:10","guid":{"rendered":"https:\/\/www.europesays.com\/es\/125497\/"},"modified":"2025-09-19T15:40:10","modified_gmt":"2025-09-19T15:40:10","slug":"ciclo-videoconferencias-salud-digestiva-en-la-mujer-inflamacion-detoxificacion-y-microbiota","status":"publish","type":"post","link":"https:\/\/www.europesays.com\/es\/125497\/","title":{"rendered":"CICLO VIDEOCONFERENCIAS: \u00abSalud digestiva en la mujer. Inflamaci\u00f3n, detoxificaci\u00f3n y microbiota\u00bb"},"content":{"rendered":"<p>La Mancomunidad THAM, en colaboraci\u00f3n con la Comunidad de Madrid, organiza el ciclo de videoconferencias \u00abSalud digestiva en la mujer. Inflamaci\u00f3n, detoxificaci\u00f3n y microbiota\u00bb, para comprender la importancia de la salud digestiva en la salud global de la mujer y su relaci\u00f3n con el bienestar hormonal, metab\u00f3lico e inmunol\u00f3gico.<\/p>\n<p>El objetivo de este ciclo de talleres es mostrar la <strong>importancia del sistema digestivo y la nutrici\u00f3n en el bienestar de la mujer, no s\u00f3lo f\u00edsico sino tambi\u00e9n emocional.<\/strong><\/p>\n<p>Entender estas relaciones, su importancia, contar con herramientas claves para <strong>controlar la inflamaci\u00f3n, la microbiota y saber qu\u00e9 nutrientes son la base de nuestro equilibrio<\/strong> dotar\u00e1n a las mujeres de potentes habilidades para empoderarse y responsabilizarse de su estado de salud y bienestar.<\/p>\n<p>Continuamos con estas sesiones con el objetivo de mostrar la importancia del sistema digestivo y la nutrici\u00f3n en el bienestar de la mujer, no s\u00f3lo f\u00edsico sino tambi\u00e9n emocional.<\/p>\n<p>Entender estas relaciones, su importancia, contar con herramientas claves para controlar la inflamaci\u00f3n, la microbiota y saber qu\u00e9 nutrientes son la base de nuestro equilibrio qu\u00e9 dotar\u00e1n a las mujeres de potentes habilidades para empoderarse y responsabilizarse de su estado de salud y bienestar.<\/p>\n<p>Al finalizar la inscripci\u00f3n a estas sesiones recibir\u00e1s el enlace para poder participar en las videoconferencias\u00a0 (es el mismo enlace para las tres sesiones)<\/p>\n<ul>\n<li><b>23 de septiembre<\/b>: Inflamaci\u00f3n intestinal y patolog\u00edas digestivas en la mujer<\/li>\n<li><b>21 octubre<\/b>: Detoxificaci\u00f3n hep\u00e1tica y salud digestiva femenina<\/li>\n<li><b>1<\/b><b>8 de noviembre<\/b>: Microbiota intestinal y su impacto en la salud hormonal femenina<\/li>\n<\/ul>\n<p><b>Las videoconferencias comenzar\u00e1n a las 18:30h.<\/b><\/p>\n","protected":false},"excerpt":{"rendered":"La Mancomunidad THAM, en colaboraci\u00f3n con la Comunidad de Madrid, organiza el ciclo de videoconferencias \u00abSalud digestiva en&hellip;\n","protected":false},"author":2,"featured_media":125498,"comment_status":"","ping_status":"","sticky":false,"template":"","format":"standard","meta":{"footnotes":""},"categories":[92],"tags":[25,24,165,166,23],"class_list":{"0":"post-125497","1":"post","2":"type-post","3":"status-publish","4":"format-standard","5":"has-post-thumbnail","7":"category-salud","8":"tag-es","9":"tag-espana","10":"tag-health","11":"tag-salud","12":"tag-spain"},"share_on_mastodon":{"url":"","error":""},"_links":{"self":[{"href":"https:\/\/www.europesays.com\/es\/wp-json\/wp\/v2\/posts\/125497","targetHints":{"allow":["GET"]}}],"collection":[{"href":"https:\/\/www.europesays.com\/es\/wp-json\/wp\/v2\/posts"}],"about":[{"href":"https:\/\/www.europesays.com\/es\/wp-json\/wp\/v2\/types\/post"}],"author":[{"embeddable":true,"href":"https:\/\/www.europesays.com\/es\/wp-json\/wp\/v2\/users\/2"}],"replies":[{"embeddable":true,"href":"https:\/\/www.europesays.com\/es\/wp-json\/wp\/v2\/comments?post=125497"}],"version-history":[{"count":0,"href":"https:\/\/www.europesays.com\/es\/wp-json\/wp\/v2\/posts\/125497\/revisions"}],"wp:featuredmedia":[{"embeddable":true,"href":"https:\/\/www.europesays.com\/es\/wp-json\/wp\/v2\/media\/125498"}],"wp:attachment":[{"href":"https:\/\/www.europesays.com\/es\/wp-json\/wp\/v2\/media?parent=125497"}],"wp:term":[{"taxonomy":"category","embeddable":true,"href":"https:\/\/www.europesays.com\/es\/wp-json\/wp\/v2\/categories?post=125497"},{"taxonomy":"post_tag","embeddable":true,"href":"https:\/\/www.europesays.com\/es\/wp-json\/wp\/v2\/tags?post=125497"}],"curies":[{"name":"wp","href":"https:\/\/api.w.org\/{rel}","templated":true}]}}