{"id":125505,"date":"2025-09-19T15:44:08","date_gmt":"2025-09-19T15:44:08","guid":{"rendered":"https:\/\/www.europesays.com\/es\/125505\/"},"modified":"2025-09-19T15:44:08","modified_gmt":"2025-09-19T15:44:08","slug":"donde-esta-la-flotilla-global-sumud-el-mapa-en-el-que-se-puede-seguir-su-camino-hacia-gaza","status":"publish","type":"post","link":"https:\/\/www.europesays.com\/es\/125505\/","title":{"rendered":"\u00bfD\u00f3nde est\u00e1 la flotilla Global Sumud? El mapa en el que se puede seguir su camino hacia Gaza"},"content":{"rendered":"<p class=\"article-text\">\n        Un total de 42 barcos de la flotilla que pretende llevar ayuda a la Franja de Gaza, procedentes de Espa\u00f1a, Italia y el Magreb, han retomado este viernes su viaje. La delegaci\u00f3n que zarp\u00f3 de T\u00fanez el pasado domingo, compuesta por naves de pa\u00edses magreb\u00edes y otras salidas de Espa\u00f1a, se ha unido a las diecisiete embarcaciones italianas en el puerto siciliano de Portopalo.\n    <\/p>\n<p class=\"article-text\">\n        La organizaci\u00f3n dispone de un mapa interactivo en el que <a href=\"https:\/\/globalsumudflotilla.org\/tracker\/#help\" target=\"_blank\" data-mrf-recirculation=\"links-noticia\" class=\"link\" rel=\"nofollow noopener\">se puede seguir en tiempo real d\u00f3nde est\u00e1n los barcos.<\/a>\n    <\/p>\n<blockquote class=\"instagram-media\" data-instgrm-version=\"14\" data-instgrm-permalink=\"https:\/\/www.instagram.com\/p\/DOts5dDAnmq\/\" data-instgrm-captioned=\"\"\/>\n<p class=\"article-text\">\n        El Gobierno de Israel ha apuntado hacia la Flotilla que va camino a Gaza y les ha acusado de estar respaldados por Ham\u00e1s, como es frecuente que hagan con cualquier iniciativa contra el genocidio sobre la poblaci\u00f3n palestina. Hace solo unos d\u00edas, Israel tambi\u00e9n acus\u00f3 a los expertos de la comisi\u00f3n de la ONU de ser \u201crepresentantes de Ham\u00e1s\u201d.\n    <\/p>\n<p class=\"article-text\">\n        \u201cLa Flotilla no es humanitaria. Es una iniciativa yihadista al servicio de la agenda del terror del grupo [Ham\u00e1s]\u201d, han escrito en Twitter sobre el grupo de embarcaciones, que ya ha sido atacado con drones en varias ocasiones.\n    <\/p>\n<blockquote class=\"twitter-tweet\" data-lang=\"es\"><p><a href=\"https:\/\/twitter.com\/X\/status\/1968723136754381116?ref_src=twsrc%5Etfw\" rel=\"nofollow noopener\" target=\"_blank\"><\/p><\/blockquote>\n<p class=\"article-text\">\n        \u00a0Diecis\u00e9is pa\u00edses, entre ellos Espa\u00f1a, han expresado su preocupaci\u00f3n por la seguridad de la flotilla \u201cSumud\u201d que se dirige a Gaza con ayuda humanitaria tras ser atacada, advirtiendo que cualquier ataque en aguas internacionales \u201cdar\u00e1 lugar a la rendici\u00f3n de cuentas\u201d.\n    <\/p>\n<p class=\"article-text\">\n        De ah\u00ed que hayan hecho un llamamiento \u201ca la abstenci\u00f3n de todo acto ilegal o violento contra la Flotilla\u201d, y a que se respeten el derecho internacional y el derecho internacional humanitario.\n    <\/p>\n<p class=\"article-text\">\n        El Ministerio de Asuntos Exteriores ha informado en un comunicado de que Espa\u00f1a, Turqu\u00eda, Bangladesh, Brasil, Colombia, Eslovenia, Indonesia, Irlanda, Libia, Malasia, Maldivas, M\u00e9xico, Om\u00e1n, Pakist\u00e1n, Qatar, y Sud\u00e1frica han manifestado su inquietud por la situaci\u00f3n de esta expedici\u00f3n, en la que participan activistas de estos pa\u00edses y que han sido objeto de ataques con drones.\n    <\/p>\n<p>    Qui\u00e9nes viajan en la coalici\u00f3n<\/p>\n<p class=\"article-text\">\n        La coalici\u00f3n de la &#8216;Global Sumud Flotilla&#8217; tiene por objetivo sumar barcos a lo largo del Mediterr\u00e1neo para llevar alimentos y ayuda humanitaria a la Franja de Gaza, rompiendo el bloqueo israel\u00ed. A bordo viajan activistas, artistas y otras personalidades como la sueca Greta Thunberg o la exalcaldesa de Barcelona Ada Colau.\n    <\/p>\n<p class=\"article-text\">\n        La flota italiana cuenta con cuatro pol\u00edticos: las eurodiputadas Benedetta Scuderi y Annalisa Corrado, de Alianza Verde e Izquierdas y el Partido Dem\u00f3crata, respectivamente; el diputado de esta \u00faltima formaci\u00f3n, Arturo Scotto, y el senador Marco Croatti, del Movimiento 5 Estrellas.\n    <\/p>\n<p class=\"article-text\">\n        Los dos grupos -italiano y tunecino- han sufrido retrasos en sus planes: los italianos deb\u00edan zarpar el pasado 4 de septiembre pero no fue posible por problemas log\u00edsticos o por las condiciones meteorol\u00f3gicas adversas, entre otros contratiempos.\n    <\/p>\n<p>    <a href=\"https:\/\/www.eldiario.es\/internacional\/boicot-sudafrica-apartheid-inspira-bloqueo-israel_1_12611015.html\" data-mrf-recirculation=\"saber-mas-abajo\" data-dl-event=\"saber-mas-abajo\" rel=\"nofollow noopener\" target=\"_blank\"><\/p>\n<p class=\"know-more__title\">C\u00f3mo fue el boicot a Sud\u00e1frica por el apartheid y c\u00f3mo inspira el bloqueo a Israel\n<\/p>\n<p>            <img decoding=\"async\" class=\"lazy\" loading=\"lazy\" data-src=\"https:\/\/static.eldiario.es\/clip\/53e567d6-e6db-47e2-ae79-1d37ddae276a_16-9-aspect-ratio_default_0.jpg\" src=\"data:image\/svg+xml,%3Csvg xmlns=\" http:=\"\" viewbox=\"0 0 880 495\" alt=\"C\u00f3mo fue el boicot a Sud\u00e1frica por el apartheid y c\u00f3mo inspira el bloqueo a Israel\"\/><\/p>\n<p>                        <\/a><\/p>\n<p class=\"article-text\">\n        Adem\u00e1s, la delegaci\u00f3n tunecina denunci\u00f3 la pasada semana el ataque con drones a dos de sus barcos, el &#8216;Familia&#8217; y &#8216;Alma&#8217;.\n    <\/p>\n<p>                                    <script async src=\"https:\/\/platform.twitter.com\/widgets.js\" charset=\"utf-8\"><\/script><script async src=\"\/\/www.instagram.com\/embed.js\"><\/script><\/p>\n","protected":false},"excerpt":{"rendered":"Un total de 42 barcos de la flotilla que pretende llevar ayuda a la Franja de Gaza, procedentes&hellip;\n","protected":false},"author":2,"featured_media":125506,"comment_status":"","ping_status":"","sticky":false,"template":"","format":"standard","meta":{"footnotes":""},"categories":[42],"tags":[17,18,5141,13,14,9144,694,4975,11,61,62,63,64,19,20,23373,9,10,15,16,1791,32388,12,21,22,65,66,67],"class_list":{"0":"post-125505","1":"post","2":"type-post","3":"status-publish","4":"format-standard","5":"has-post-thumbnail","7":"category-internacional","8":"tag-breaking-news","9":"tag-breakingnews","10":"tag-camino","11":"tag-featured-news","12":"tag-featurednews","13":"tag-flotilla","14":"tag-gaza","15":"tag-global","16":"tag-headlines","17":"tag-internacional","18":"tag-international","19":"tag-international-news","20":"tag-internationalnews","21":"tag-latest-news","22":"tag-latestnews","23":"tag-mapa","24":"tag-news","25":"tag-noticias","26":"tag-noticias-destacadas","27":"tag-noticiasdestacadas","28":"tag-seguir","29":"tag-sumud","30":"tag-titulares","31":"tag-ultimas-noticias","32":"tag-ultimasnoticias","33":"tag-world","34":"tag-world-news","35":"tag-worldnews"},"share_on_mastodon":{"url":"","error":""},"_links":{"self":[{"href":"https:\/\/www.europesays.com\/es\/wp-json\/wp\/v2\/posts\/125505","targetHints":{"allow":["GET"]}}],"collection":[{"href":"https:\/\/www.europesays.com\/es\/wp-json\/wp\/v2\/posts"}],"about":[{"href":"https:\/\/www.europesays.com\/es\/wp-json\/wp\/v2\/types\/post"}],"author":[{"embeddable":true,"href":"https:\/\/www.europesays.com\/es\/wp-json\/wp\/v2\/users\/2"}],"replies":[{"embeddable":true,"href":"https:\/\/www.europesays.com\/es\/wp-json\/wp\/v2\/comments?post=125505"}],"version-history":[{"count":0,"href":"https:\/\/www.europesays.com\/es\/wp-json\/wp\/v2\/posts\/125505\/revisions"}],"wp:featuredmedia":[{"embeddable":true,"href":"https:\/\/www.europesays.com\/es\/wp-json\/wp\/v2\/media\/125506"}],"wp:attachment":[{"href":"https:\/\/www.europesays.com\/es\/wp-json\/wp\/v2\/media?parent=125505"}],"wp:term":[{"taxonomy":"category","embeddable":true,"href":"https:\/\/www.europesays.com\/es\/wp-json\/wp\/v2\/categories?post=125505"},{"taxonomy":"post_tag","embeddable":true,"href":"https:\/\/www.europesays.com\/es\/wp-json\/wp\/v2\/tags?post=125505"}],"curies":[{"name":"wp","href":"https:\/\/api.w.org\/{rel}","templated":true}]}}