{"id":125507,"date":"2025-09-19T15:45:10","date_gmt":"2025-09-19T15:45:10","guid":{"rendered":"https:\/\/www.europesays.com\/es\/125507\/"},"modified":"2025-09-19T15:45:10","modified_gmt":"2025-09-19T15:45:10","slug":"aznar-y-feijoo-sortean-sus-fisuras-sobre-gaza-y-acusan-a-sanchez-de-explotar-en-beneficio-propio-la-violencia-espana","status":"publish","type":"post","link":"https:\/\/www.europesays.com\/es\/125507\/","title":{"rendered":"Aznar y Feij\u00f3o sortean sus fisuras sobre Gaza y acusan a S\u00e1nchez de \u201cexplotar en beneficio propio la violencia\u201d | Espa\u00f1a"},"content":{"rendered":"<p class=\"\">Alberto N\u00fa\u00f1ez Feij\u00f3o y Jos\u00e9 Mar\u00eda Aznar <a href=\"https:\/\/elpais.com\/espana\/2025-09-19\/ayuso-tensiona-al-pp-al-resistirse-a-acatar-a-la-estrategia-de-feijoo-sobre-gaza.html\" target=\"_blank\" rel=\"nofollow noopener\" title=\"https:\/\/elpais.com\/espana\/2025-09-19\/ayuso-tensiona-al-pp-al-resistirse-a-acatar-a-la-estrategia-de-feijoo-sobre-gaza.html\">han sorteado este viernes sus diferencias sobre la masacre de Israel en Gaza <\/a>y han convergido sus discursos en atacar con la m\u00e1xima dureza a Pedro S\u00e1nchez, a quien han acusado de \u201cexplotar en beneficio propio la violencia\u201d. El l\u00edder del PP y el expresidente del Gobierno popular han compartido la clausura del campus FAES despu\u00e9s de haber evidenciado esta semana fisuras en su posici\u00f3n sobre el conflicto en Oriente Pr\u00f3ximo. Mientras <a href=\"https:\/\/elpais.com\/espana\/2025-09-18\/feijoo-modula-su-posicion-sobre-gaza-para-tratar-de-escapar-de-la-pinza-del-gobierno-y-vox.html\" target=\"_blank\" rel=\"nofollow noopener\" title=\"https:\/\/elpais.com\/espana\/2025-09-18\/feijoo-modula-su-posicion-sobre-gaza-para-tratar-de-escapar-de-la-pinza-del-gobierno-y-vox.html\">Feij\u00f3o hab\u00eda condenado en el Congreso la \u201cmasacre de civiles\u201d palestinos,<\/a> Aznar <a href=\"https:\/\/elpais.com\/espana\/2025-09-17\/aznar-asegura-que-si-israel-pierde-lo-que-esta-haciendo-occidente-se-pondria-al-borde-de-una-derrota-total.html\" target=\"_blank\" rel=\"nofollow noopener\" title=\"https:\/\/elpais.com\/espana\/2025-09-17\/aznar-asegura-que-si-israel-pierde-lo-que-esta-haciendo-occidente-se-pondria-al-borde-de-una-derrota-total.html\">justific\u00f3 la ofensiva de Israel, avisando de que si el Gobierno de Benjam\u00edn Netanyahu perd\u00eda \u201clo que est\u00e1 haciendo\u201d, <\/a>Occidente se situar\u00eda \u201cal borde de la derrota total\u201d. Uno y otro han evitado hoy esa grieta y se han centrado en su punto de encuentro, la cr\u00edtica feroz contra el presidente del Gobierno socialista.<\/p>\n<p class=\"\">Feij\u00f3o, adem\u00e1s, ha modulado de nuevo su discurso delante de Aznar, y ha defendido una posici\u00f3n m\u00e1s equidistante entre las v\u00edctimas palestinas e Israel. El l\u00edder del PP ha rechazado \u201cque se condene al pueblo israel\u00ed, que todav\u00eda espera la liberaci\u00f3n de sus rehenes y que es la \u00fanica democracia vigente en Oriente Medio\u201d. Y, despu\u00e9s, ha criticado \u201cque se use la masacre en Gaza para deshumanizar a sus rivales pol\u00edticos\u201d, en referencia a S\u00e1nchez.<\/p>\n<p class=\"\">Feij\u00f3o ha retrocedido de nuevo, ya que ven\u00eda de endurecer su discurso contra Israel esta semana, presionado por el contexto internacional y el rechazo mayoritario de la sociedad espa\u00f1ola, seg\u00fan las encuestas, a la ofensiva israel\u00ed sobre la Franja, que consideran un genocidio. <\/p>\n<p class=\"\">El problema para el l\u00edder del PP es que se ha topado con un foco de resistencia a esa estrategia en la presidenta de la Comunidad de Madrid, Isabel D\u00edaz Ayuso, y el propio Aznar, que han amparando la actuaci\u00f3n del Gobierno de Netanyahu. La decisi\u00f3n de Ayuso <a href=\"https:\/\/elpais.com\/espana\/madrid\/2025-09-18\/el-pp-de-ayuso-se-desmarca-de-la-postura-de-feijoo-sobre-gaza-y-anuncia-que-premiara-al-campeon-y-a-la-organizacion-de-la-vuelta.html\" rel=\"nofollow noopener\" title=\"https:\/\/elpais.com\/espana\/madrid\/2025-09-18\/el-pp-de-ayuso-se-desmarca-de-la-postura-de-feijoo-sobre-gaza-y-anuncia-que-premiara-al-campeon-y-a-la-organizacion-de-la-vuelta.html\" target=\"_blank\">de entregar una medalla a la organizaci\u00f3n de la Vuelta ciclista a Espa\u00f1a,<\/a> en el centro de la pol\u00e9mica por su boicot por parte de manifestantes propalestinos, ha tensionado internamente al PP. <\/p>\n<p class=\"\">En ese contexto de tensi\u00f3n intramuros en el PP, y condicionado por Ayuso y Aznar, Feij\u00f3o ha vuelto a embridar sus cr\u00edticas a Israel. El l\u00edder del PP no ha escuchado a algunos sectores del PP, que creen que debe seguir endureciendo su rechazo a la matanza que est\u00e1 cometiendo el Gobierno de Netanyahu. \u201cHay que marcar posici\u00f3n y nada se nos pierde con Israel\u201d, opina en cambio un veterano.<\/p>\n<p class=\"\">Aznar ha echado este viernes un capote a Feij\u00f3o y ha evitado defender de nuevo a Israel, a quien directamente ni ha citado en su discurso. \u201cLos sentimientos humanitarios no son monopolio de nadie\u201d, ha reflexionado hoy. \u201c\u00bfC\u00f3mo uno no va a conmoverse ante el sufrimiento? Nadie tiene derecho a manipular los sentimientos de la gente para huir de las responsabilidades\u201d, se ha quejado. <\/p>\n<p class=\"\">Para Aznar, \u201clo que menos importa a S\u00e1nchez es contribuir a la soluci\u00f3n de ning\u00fan conflicto internacional. Para \u00e9l, la pol\u00edtica exterior es un burladero. Un gobernante responsable tiene la obligaci\u00f3n de analizar el contexto estrat\u00e9gico. Nunca deber\u00eda entender la pol\u00edtica exterior como una escapatoria de sus problemas internos o un espejo donde ensayar morales\u201d. <\/p>\n<p class=\"\">Aznar y Feij\u00f3o han coincidido en que el presidente socialista usa la masacre en Gaza como cortina de humo de sus problemas internos. Y han coordinado tambi\u00e9n una acusaci\u00f3n de calibre grueso contra S\u00e1nchez, a quien responsabilizan de utilizar instrumentalmente \u201cla violencia\u201d, en referencia a las protestas pro palestinas en la Vuelta Ciclista a Espa\u00f1a, en beneficio propio. \u201cMucho cuidado con un poder dispuesto a ser reh\u00e9n voluntario de la violencia\u201d, ha alertado el expresidente del Gobierno. \u201cSe vislumbra un sanchismo terminal. Y por eso mismo, como todo lo que es terminal, es peligroso, muy peligroso\u201d, ha advertido Aznar. \u201cLe dar\u00e1 exactamente igual explotar en beneficio propio la violencia que pueda venir\u201d. <\/p>\n<p class=\"\">En la misma l\u00ednea que Aznar, Feij\u00f3o ha alertado de que la intenci\u00f3n de S\u00e1nchez \u201ces mantener a toda costa la conflictividad\u201d social, en la b\u00fasqueda de una tensi\u00f3n que le favorezca electoralmente. \u201cLa violencia es el \u00faltimo recurso de un incompetente. Lo que vive hoy Espa\u00f1a es el ejemplo. Quien carece de ideas y est\u00e1 hasta el cuello de corrupci\u00f3n necesita conflictividad cronificada\u201d, ha defendido. <\/p>\n<p class=\"\">Ambos se han mostrado c\u00f3mplices en un acto en el que han sido arropados por algunos dirigentes de la c\u00fapula del PP, como la portavoz parlamentaria, Ester Mu\u00f1oz, y figuras de etapas pasadas como la exsecretaria general y ministra de Defensa Mar\u00eda Dolores de Cospedal. El evento ha demostrado que el polo de atracci\u00f3n de FAES ha conseguido atraer hacia s\u00ed la posici\u00f3n del PP, al menos de momento. <\/p>\n","protected":false},"excerpt":{"rendered":"Alberto N\u00fa\u00f1ez Feij\u00f3o y Jos\u00e9 Mar\u00eda Aznar han sorteado este viernes sus diferencias sobre la masacre de Israel&hellip;\n","protected":false},"author":2,"featured_media":125508,"comment_status":"","ping_status":"","sticky":false,"template":"","format":"standard","meta":{"footnotes":""},"categories":[8],"tags":[6069,17,18,68,25,24,13,14,73,11,10318,19,20,9,10,15,16,956,23,12,21,22],"class_list":{"0":"post-125507","1":"post","2":"type-post","3":"status-publish","4":"format-standard","5":"has-post-thumbnail","7":"category-espana","8":"tag-alberto-nunez-feijoo","9":"tag-breaking-news","10":"tag-breakingnews","11":"tag-conflicto-arabe-israeli","12":"tag-es","13":"tag-espana","14":"tag-featured-news","15":"tag-featurednews","16":"tag-franja-gaza","17":"tag-headlines","18":"tag-jose-maria-aznar","19":"tag-latest-news","20":"tag-latestnews","21":"tag-news","22":"tag-noticias","23":"tag-noticias-destacadas","24":"tag-noticiasdestacadas","25":"tag-pp","26":"tag-spain","27":"tag-titulares","28":"tag-ultimas-noticias","29":"tag-ultimasnoticias"},"share_on_mastodon":{"url":"","error":""},"_links":{"self":[{"href":"https:\/\/www.europesays.com\/es\/wp-json\/wp\/v2\/posts\/125507","targetHints":{"allow":["GET"]}}],"collection":[{"href":"https:\/\/www.europesays.com\/es\/wp-json\/wp\/v2\/posts"}],"about":[{"href":"https:\/\/www.europesays.com\/es\/wp-json\/wp\/v2\/types\/post"}],"author":[{"embeddable":true,"href":"https:\/\/www.europesays.com\/es\/wp-json\/wp\/v2\/users\/2"}],"replies":[{"embeddable":true,"href":"https:\/\/www.europesays.com\/es\/wp-json\/wp\/v2\/comments?post=125507"}],"version-history":[{"count":0,"href":"https:\/\/www.europesays.com\/es\/wp-json\/wp\/v2\/posts\/125507\/revisions"}],"wp:featuredmedia":[{"embeddable":true,"href":"https:\/\/www.europesays.com\/es\/wp-json\/wp\/v2\/media\/125508"}],"wp:attachment":[{"href":"https:\/\/www.europesays.com\/es\/wp-json\/wp\/v2\/media?parent=125507"}],"wp:term":[{"taxonomy":"category","embeddable":true,"href":"https:\/\/www.europesays.com\/es\/wp-json\/wp\/v2\/categories?post=125507"},{"taxonomy":"post_tag","embeddable":true,"href":"https:\/\/www.europesays.com\/es\/wp-json\/wp\/v2\/tags?post=125507"}],"curies":[{"name":"wp","href":"https:\/\/api.w.org\/{rel}","templated":true}]}}