{"id":125509,"date":"2025-09-19T15:46:20","date_gmt":"2025-09-19T15:46:20","guid":{"rendered":"https:\/\/www.europesays.com\/es\/125509\/"},"modified":"2025-09-19T15:46:20","modified_gmt":"2025-09-19T15:46:20","slug":"el-gobierno-regional-destina-en-la-ultima-decada-mas-de-95-millones-de-euros-para-garantizar-el-servicio-de-becas-de-comedor-escolar-gobierno-de-castilla-la-mancha","status":"publish","type":"post","link":"https:\/\/www.europesays.com\/es\/125509\/","title":{"rendered":"El Gobierno regional destina en la \u00faltima d\u00e9cada m\u00e1s de 95 millones de euros para garantizar el servicio de becas de comedor escolar &#8211; Gobierno de Castilla-La Mancha"},"content":{"rendered":"<ol>\n<li><a href=\"https:\/\/news.google.com\/rss\/articles\/CBMi-wFBVV95cUxQcFV0eTJDcjJiTHNzaVNlN3RleUF3U056THlqUUUtMlJCVGJ2MGJPM3dGYXl6cEM4NnJ0V3JSOEhjanh0bnlrb3FHTDF1RkowdVQ1M3lWZ29vcHRLZnFGTGI2ZDV1VzA2dFNfOUhqRU1xd29JT1daT3MzZ0xHSVFKNEIwbkZyWnpKSlM2S2E0cnZSMnlQU3pla09vRVBVQk41RUVxbGJhSFYyaHMxdGhVbjlZN0paQVpDTUlRM01pbld6V21pY2FKUXJpbzJDSThTa0thdHpMVHBLZURocDRkYklfVDBPX1ZpYU5admI4SW50UjhaSkFqcy1RUQ?oc=5\" target=\"_blank\" rel=\"nofollow noopener\">El Gobierno regional destina en la \u00faltima d\u00e9cada m\u00e1s de 95 millones de euros para garantizar el servicio de becas de comedor escolar<\/a>&nbsp;&nbsp;Gobierno de Castilla-La Mancha<\/li>\n<li><a href=\"https:\/\/news.google.com\/rss\/articles\/CBMijgFBVV95cUxNa2QwSjlaZVNPWExLYUNqaGNqdTBYdWtyemEycWVtZkJBS0F4RjVWLUxmcXZhVkc2ZHFtekx4UVFBU1pEd2ZTc3Bxams2aWphc21hSTk1UlZrQ0ZYZ1FkSS1rUWx2RE9BSFhHMW5sU0lnbHZ6dHRtSjdwdEtwSVc2LTNWUEFuMWJoN2huNEln0gGOAUFVX3lxTE9CNnpXdU9jTEdOck9xVzZJZnF4NWJUdGpuNVlMWHlpN0Q2MWVzXzNBN1BIR1QzSXpKRFBfTzU1WXhpaDBLaU16ZFVYamVuZXFvOVpXTUpCdGFnMUswRGZPc184ZVdVbTY0ajNwOFQ5VlFILXJkUXRkOWRCR3BlLWc3M0ZrcV96d0tFdlU3aXc?oc=5\" target=\"_blank\" rel=\"nofollow noopener\">El Gobierno reformar\u00e1 la publicidad de los alimentos dirigidos a los menores para poner coto a las cifras de obesidad<\/a>&nbsp;&nbsp;El Mundo<\/li>\n<li><a href=\"https:\/\/news.google.com\/rss\/articles\/CBMi2AFBVV95cUxOV2J0c2JCOG1EbjhYS1FDZXI1VWV0bEpxRVdVMnQyVU5RclU2MFhJWU5KREdqZk1DU0RsN3dKclllRTBWRkFkal85NjBrblpUQ2NIQnRYZlZ6anlNczhQYzFfN29zOHp6TGVXZXFpLTZlcWJWQ3dGaGdtLVdxOUk1THZ5elNyLUZfb3NSNkJZWVNVeExHZWgwVlRsTHp4SmJFZzRPZHE5OGJvM3ZVMlNibG93TTVzOTA5aHhlYktqbXBMdjVqN1dwVVBOZllKckw0VGRhM2tKby0?oc=5\" target=\"_blank\" rel=\"nofollow noopener\">Bustinduy pretende restringir que los menores se expongan a 4.000 anuncios de comida insana al a\u00f1o<\/a>&nbsp;&nbsp;EL PA\u00cdS<\/li>\n<li><a href=\"https:\/\/news.google.com\/rss\/articles\/CBMi0gFBVV95cUxONTc1bEVfWW03d3N2Q0RoTHJIcEJpNFlJX2dVdURtaFJuc21ESFQyM1U2c3pXRVNkc2pjNGR1Wm5MLU5sNUVsSk9mTUJYcWN0OWlVUlhDaUloTG1NMnVaalNWWDdPNlRRb2pVaU5CamZxSkJiLS1kMnZqSkRrelhVVmhfWExKbUxtNi1WSkF6WGVJTHJtOUVFZy1HdVpzLUVXbVVJNU92YkJYbE1SUzRxcERHNTU5djRuWmxRaXhIMVZZdDVUUktmUTlqY0ZNdkNGVUHSAdcBQVVfeXFMTnM0eWxmUHF1Y2NReG1uZkc5Z0dESFpEZ3JhR2dTbU1lZXk2WHlGSTZNQzVUYUo3YTNYamd6a1FvTElsZ3hxa2swWk1ZbE5nS25KOER2LWE2SjE0WURCbzNyZFIyVHVkYXpzQkotcVhwT0d5Um1HVEdYSlpBQmREZVV2YmpNS2Fyd3RQRWdqWG9NM3RBQVBqdW9jeHBsRzNoaTY5SDFrZnJ0ZGw4VzFwNDl2WGZoSktBY3NFSS1Gazc1ZXZBUWpFNF81dmFyaU1RQ3ZkTWw3bXM?oc=5\" target=\"_blank\" rel=\"nofollow noopener\">Nuevo reto de Bustinduy: acabar con los 4.000 anuncios publicitarios de comida insana infantil<\/a>&nbsp;&nbsp;La Vanguardia<\/li>\n<li><a href=\"https:\/\/news.google.com\/rss\/articles\/CBMizgFBVV95cUxPYU81R2kyME1XQVM3elJGRXlHakxBb3RZV3Y4Q3FlWXFscWY2NFFaMWs0UURzUmJfLTgtOW9KM3VpRlBpVl9EOWdaNU1mQ2l3SFd2dHZ0QjJyX3Z6NDhDU25SbUgwM2hkYklseVV4X0xmVUZrQnc2NjZEdThSZXlsZFhrVDRncVZLY0NiS0dlQ1o3aFpBNE9GMHdRSGdQSktpdmdKZXJlanZTN0R6eDJ1dS1kZGFlVzVYU0JwdjNRbmFMQWFoZFUxNkVnVXhXQdIBzgFBVV95cUxOdEdxVHBjMGVEbmVIVVR3YVJ3b0JLaTh4M0V2cWl3aHphT0l5SlVoVTVTSTNjUlBIZXlySUlhSmp6SUpSNnhsTW1QcHJySXFnRmxQcnNPdE1uMS1GY2JvdXFoTnpxeV9Gd05sS045UWJ3TU4xcGlXaktOcGFLdGFDb0tCcFg4ZEdyYXpKaUJvb1dINXFkVGQtU3hnekpUaExhOXdfcjhPWTdlNHg0azhpaXV1eWhrS2Y5QldlcHJYd1ktQmdXMTBobzktMzFTQQ?oc=5\" target=\"_blank\" rel=\"nofollow noopener\">Consumo anuncia que regular\u00e1 la publicidad de alimentos insanos para combatir la obesidad infantil<\/a>&nbsp;&nbsp;RTVE.es<\/li>\n<\/ol>\n","protected":false},"excerpt":{"rendered":"El Gobierno regional destina en la \u00faltima d\u00e9cada m\u00e1s de 95 millones de euros para garantizar el servicio&hellip;\n","protected":false},"author":2,"featured_media":123323,"comment_status":"","ping_status":"","sticky":false,"template":"","format":"standard","meta":{"footnotes":""},"categories":[5],"tags":[17,18,25,24,13,14,11,19,20,9,10,15,16,23,12,21,22],"class_list":{"0":"post-125509","1":"post","2":"type-post","3":"status-publish","4":"format-standard","5":"has-post-thumbnail","7":"category-titulares","8":"tag-breaking-news","9":"tag-breakingnews","10":"tag-es","11":"tag-espana","12":"tag-featured-news","13":"tag-featurednews","14":"tag-headlines","15":"tag-latest-news","16":"tag-latestnews","17":"tag-news","18":"tag-noticias","19":"tag-noticias-destacadas","20":"tag-noticiasdestacadas","21":"tag-spain","22":"tag-titulares","23":"tag-ultimas-noticias","24":"tag-ultimasnoticias"},"share_on_mastodon":{"url":"","error":""},"_links":{"self":[{"href":"https:\/\/www.europesays.com\/es\/wp-json\/wp\/v2\/posts\/125509","targetHints":{"allow":["GET"]}}],"collection":[{"href":"https:\/\/www.europesays.com\/es\/wp-json\/wp\/v2\/posts"}],"about":[{"href":"https:\/\/www.europesays.com\/es\/wp-json\/wp\/v2\/types\/post"}],"author":[{"embeddable":true,"href":"https:\/\/www.europesays.com\/es\/wp-json\/wp\/v2\/users\/2"}],"replies":[{"embeddable":true,"href":"https:\/\/www.europesays.com\/es\/wp-json\/wp\/v2\/comments?post=125509"}],"version-history":[{"count":0,"href":"https:\/\/www.europesays.com\/es\/wp-json\/wp\/v2\/posts\/125509\/revisions"}],"wp:featuredmedia":[{"embeddable":true,"href":"https:\/\/www.europesays.com\/es\/wp-json\/wp\/v2\/media\/123323"}],"wp:attachment":[{"href":"https:\/\/www.europesays.com\/es\/wp-json\/wp\/v2\/media?parent=125509"}],"wp:term":[{"taxonomy":"category","embeddable":true,"href":"https:\/\/www.europesays.com\/es\/wp-json\/wp\/v2\/categories?post=125509"},{"taxonomy":"post_tag","embeddable":true,"href":"https:\/\/www.europesays.com\/es\/wp-json\/wp\/v2\/tags?post=125509"}],"curies":[{"name":"wp","href":"https:\/\/api.w.org\/{rel}","templated":true}]}}