{"id":125510,"date":"2025-09-19T15:47:10","date_gmt":"2025-09-19T15:47:10","guid":{"rendered":"https:\/\/www.europesays.com\/es\/125510\/"},"modified":"2025-09-19T15:47:10","modified_gmt":"2025-09-19T15:47:10","slug":"duelo-por-el-cetro-andaluz-entre-costa-del-sol-malaga-y-rahi-sepisur-cordoba-federacion-andaluza-balonmano","status":"publish","type":"post","link":"https:\/\/www.europesays.com\/es\/125510\/","title":{"rendered":"Duelo por el cetro andaluz entre Costa del Sol M\u00e1laga y RAHI-Sepisur C\u00f3rdoba &#8211; Federaci\u00f3n Andaluza Balonmano"},"content":{"rendered":"<ol>\n<li><a href=\"https:\/\/news.google.com\/rss\/articles\/CBMiowFBVV95cUxPM0sta1l1b1pXUjB4cm9CZXM1b01rbmdNcVBYWTY1eEJRZW54dXpBLXJCTWVuRU9YMk1jSEN5dGdjQnR4bnpTMXUtTlktQlJ1WTF0V0dUUHlmdDVVaU9CbjF3UE5WMlpCczN6S0VLOUxpVExMOWdwQ054aGd4M29VYWxORnl2dW4wRmVuMFVRNENvc3NDc2Vfc094eHFtWWtjMUw0?oc=5\" target=\"_blank\" rel=\"nofollow noopener\">Duelo por el cetro andaluz entre Costa del Sol M\u00e1laga y RAHI-Sepisur C\u00f3rdoba<\/a>&nbsp;&nbsp;Federaci\u00f3n Andaluza Balonmano<\/li>\n<li><a href=\"https:\/\/news.google.com\/rss\/articles\/CBMiuAFBVV95cUxOc3cyYkdlTVZ6TnZBTlFsQ2dNd0JqWFBhU0hBMWRTNUg3TWEtU3AxRlgxZGF6WjBUZ3V1OW9QLUZvbjFKXzZJLXpDV2RWTzNHY2JPX2pXUl9zclJkLUdNdlo1OVAzZlV4MHRuajJJVXVKdEpCT0ZVYmc0SFY3RkpsMmxubExOaWx0OUcyQlZmeWJsYVZfOGc0WXZmdnpFSFM2QUpmWkxJQWtMcjVobnRBdUY5RG96NEVE?oc=5\" target=\"_blank\" rel=\"nofollow noopener\">ATV emite en directo la final de la Copa de Andaluc\u00eda Femenina de Balonmano<\/a>&nbsp;&nbsp;Canal Sur<\/li>\n<li><a href=\"https:\/\/news.google.com\/rss\/articles\/CBMilwFBVV95cUxNV3RQTnIwU0c4ZlFneHFGcmJzekFfeTR0ZEFvSGRNWU1KRXYwSUVsQmY0NWR2NlIwc1FXTlFMUFlVOFBRTUI0RkFEMndORE1FU254LVBteUxRWFdPUDNHOGozTDV1YXZrVkExTnl0RnFlSlN0SU9QWHRqMU51bEhMZ3NEcDJrUFd6SmZFcXBfUjAtVk9oN1Vn?oc=5\" target=\"_blank\" rel=\"nofollow noopener\">El Rahi-Sepisur C\u00f3rdoba se mete con holgura en la final de la Copa Andaluc\u00eda<\/a>&nbsp;&nbsp;Cordobadeporte<\/li>\n<li><a href=\"https:\/\/news.google.com\/rss\/articles\/CBMijwFBVV95cUxQd1BmcEh5WXY1clFZZmZlaDRVNUxqS1UwM1RlNlBucVp3ZHpZMVRnb2dEMzl4Y0ZYTWVqVDlFLTZMY0JnelQtcnRLcTFjLW1abTZTQXlNYXNNZWZscUpfSDBfamk0d3NPMEdlb2syZFJBZzJBczZOdWppR0xBNWVLRXg1NFMtX3A2bll4SzRyVQ?oc=5\" target=\"_blank\" rel=\"nofollow noopener\">RAHI-Sepisur C\u00f3rdoba vuela a la Final de la Copa de Andaluc\u00eda<\/a>&nbsp;&nbsp;Federaci\u00f3n Andaluza Balonmano<\/li>\n<\/ol>\n","protected":false},"excerpt":{"rendered":"Duelo por el cetro andaluz entre Costa del Sol M\u00e1laga y RAHI-Sepisur C\u00f3rdoba&nbsp;&nbsp;Federaci\u00f3n Andaluza Balonmano ATV emite en&hellip;\n","protected":false},"author":2,"featured_media":125511,"comment_status":"","ping_status":"","sticky":false,"template":"","format":"standard","meta":{"footnotes":""},"categories":[278],"tags":[376,168,25,24,375,23,167],"class_list":{"0":"post-125510","1":"post","2":"type-post","3":"status-publish","4":"format-standard","5":"has-post-thumbnail","7":"category-balonmano","8":"tag-balonmano","9":"tag-deportes","10":"tag-es","11":"tag-espana","12":"tag-handball","13":"tag-spain","14":"tag-sports"},"share_on_mastodon":{"url":"","error":""},"_links":{"self":[{"href":"https:\/\/www.europesays.com\/es\/wp-json\/wp\/v2\/posts\/125510","targetHints":{"allow":["GET"]}}],"collection":[{"href":"https:\/\/www.europesays.com\/es\/wp-json\/wp\/v2\/posts"}],"about":[{"href":"https:\/\/www.europesays.com\/es\/wp-json\/wp\/v2\/types\/post"}],"author":[{"embeddable":true,"href":"https:\/\/www.europesays.com\/es\/wp-json\/wp\/v2\/users\/2"}],"replies":[{"embeddable":true,"href":"https:\/\/www.europesays.com\/es\/wp-json\/wp\/v2\/comments?post=125510"}],"version-history":[{"count":0,"href":"https:\/\/www.europesays.com\/es\/wp-json\/wp\/v2\/posts\/125510\/revisions"}],"wp:featuredmedia":[{"embeddable":true,"href":"https:\/\/www.europesays.com\/es\/wp-json\/wp\/v2\/media\/125511"}],"wp:attachment":[{"href":"https:\/\/www.europesays.com\/es\/wp-json\/wp\/v2\/media?parent=125510"}],"wp:term":[{"taxonomy":"category","embeddable":true,"href":"https:\/\/www.europesays.com\/es\/wp-json\/wp\/v2\/categories?post=125510"},{"taxonomy":"post_tag","embeddable":true,"href":"https:\/\/www.europesays.com\/es\/wp-json\/wp\/v2\/tags?post=125510"}],"curies":[{"name":"wp","href":"https:\/\/api.w.org\/{rel}","templated":true}]}}