{"id":125512,"date":"2025-09-19T15:48:14","date_gmt":"2025-09-19T15:48:14","guid":{"rendered":"https:\/\/www.europesays.com\/es\/125512\/"},"modified":"2025-09-19T15:48:14","modified_gmt":"2025-09-19T15:48:14","slug":"presentacion-en-el-casino-de-cartel-de-confirmacion-de-alternativa-de-ruben-sanz","status":"publish","type":"post","link":"https:\/\/www.europesays.com\/es\/125512\/","title":{"rendered":"Presentaci\u00f3n en el Casino de cartel de confirmaci\u00f3n de alternativa de Rub\u00e9n Sanz"},"content":{"rendered":"<p>        Jueves, 18 Septiembre 2025 12:58    La A.C. pe\u00f1a taurina Ruben Sanz presentar\u00e1 el pr\u00f3ximo s\u00e1bado en el Casino Amistad Numancia el cartel del pr\u00f3ximo 28 de septiembre en la plaza de toros de las Ventas, en la que el torero soriano Rub\u00e9n Sanz confirmar\u00e1 su alternativa.   <\/p>\n<p> <img decoding=\"async\" class=\"lazyM\" src=\"https:\/\/www.europesays.com\/es\/wp-content\/uploads\/2025\/09\/2-29torosages.jpg\" width=\"1498\" height=\"1000\" loading=\"lazy\" data-path=\"local-images:\/2025\/06junio\/29torosages\/2-29torosages.jpgalt=\" presentaci=\"\" en=\"\" el=\"\" casino=\"\" de=\"\" cartel=\"\" confirmaci=\"\" alternativa=\"\" rub=\"\" sanz=\"\" title=\"Presentaci\u00f3n en el Casino de cartel de confirmaci\u00f3n de alternativa de Rub\u00e9n Sanz\"\/>     <\/p>\n<p>La presnentaci\u00f3n ser\u00e1 a las 12.30 horas.<\/p>\n<p>Soria se cita con una fecha hist\u00f3rica, no s\u00f3lo para la tauromaquia sino tambi\u00e9n para la ciudad y la provincia, con la confirmaci\u00f3n de alternativa del matador de toros Ruben Sanz ,con toros de Concha y Sierra y Murteira Grave, acompa\u00f1ado en el cartel por los matadores Javier Herrero y Gomez del Pilar.<\/p>\n<p>En el acto intervendr\u00e1n Ruben Sanz, Jose Luis Palomar y Jose Maria Lopez \u201cel Jose\u201d (ganadero de Concha y Sierra), todo ello moderado por Cesar Usan gran aficionado y documentalista.<\/p>\n<p>Tambi\u00e9n se entregaran los premios que esta pe\u00f1a convoca anualmente: Trofeo \u201cA la torer\u00eda\u00bb\u201d que este a\u00f1o recay\u00f3 en David Espej\u00f3n por su actuaci\u00f3n en la ma\u00f1ana del viernes de toros; este trofeo en a\u00f1os anteriores ha sido otorgado a matadores de toros como Jose Maria Manzanares, Ruben Sanz o Pepe Moral, ganader\u00edas como la de Los Ma\u00f1os o Algarra y subalternos como Miguel Martin, tambi\u00e9n se entregaran las distinciones a mejor aficionado que en el 2024 fue concedida a Angel Jimenez y en 2025 a Francisco Martinez \u00a0, mas conocido como Paco Monta\u00f1a<\/p>\n","protected":false},"excerpt":{"rendered":"Jueves, 18 Septiembre 2025 12:58 La A.C. pe\u00f1a taurina Ruben Sanz presentar\u00e1 el pr\u00f3ximo s\u00e1bado en el Casino&hellip;\n","protected":false},"author":2,"featured_media":125513,"comment_status":"","ping_status":"","sticky":false,"template":"","format":"standard","meta":{"footnotes":""},"categories":[277],"tags":[373,168,25,24,23,167,374],"class_list":{"0":"post-125512","1":"post","2":"type-post","3":"status-publish","4":"format-standard","5":"has-post-thumbnail","7":"category-toreo","8":"tag-bullfighting","9":"tag-deportes","10":"tag-es","11":"tag-espana","12":"tag-spain","13":"tag-sports","14":"tag-toreo"},"share_on_mastodon":{"url":"","error":""},"_links":{"self":[{"href":"https:\/\/www.europesays.com\/es\/wp-json\/wp\/v2\/posts\/125512","targetHints":{"allow":["GET"]}}],"collection":[{"href":"https:\/\/www.europesays.com\/es\/wp-json\/wp\/v2\/posts"}],"about":[{"href":"https:\/\/www.europesays.com\/es\/wp-json\/wp\/v2\/types\/post"}],"author":[{"embeddable":true,"href":"https:\/\/www.europesays.com\/es\/wp-json\/wp\/v2\/users\/2"}],"replies":[{"embeddable":true,"href":"https:\/\/www.europesays.com\/es\/wp-json\/wp\/v2\/comments?post=125512"}],"version-history":[{"count":0,"href":"https:\/\/www.europesays.com\/es\/wp-json\/wp\/v2\/posts\/125512\/revisions"}],"wp:featuredmedia":[{"embeddable":true,"href":"https:\/\/www.europesays.com\/es\/wp-json\/wp\/v2\/media\/125513"}],"wp:attachment":[{"href":"https:\/\/www.europesays.com\/es\/wp-json\/wp\/v2\/media?parent=125512"}],"wp:term":[{"taxonomy":"category","embeddable":true,"href":"https:\/\/www.europesays.com\/es\/wp-json\/wp\/v2\/categories?post=125512"},{"taxonomy":"post_tag","embeddable":true,"href":"https:\/\/www.europesays.com\/es\/wp-json\/wp\/v2\/tags?post=125512"}],"curies":[{"name":"wp","href":"https:\/\/api.w.org\/{rel}","templated":true}]}}