{"id":125516,"date":"2025-09-19T15:51:10","date_gmt":"2025-09-19T15:51:10","guid":{"rendered":"https:\/\/www.europesays.com\/es\/125516\/"},"modified":"2025-09-19T15:51:10","modified_gmt":"2025-09-19T15:51:10","slug":"la-espalda-obliga-a-tsitsipas-a-pasar-por-el-quirofano","status":"publish","type":"post","link":"https:\/\/www.europesays.com\/es\/125516\/","title":{"rendered":"La espalda obliga a Tsitsipas a pasar por el quir\u00f3fano"},"content":{"rendered":"<p data-gtm-element-container=\"modulo-texto-link\" class=\"paragraph\"><strong>Siguen los problemas para Stefanos Tsitsipas<\/strong>. A los malos resultados de los \u00faltimos meses se le han unido unos problemas en la espalda que le han obligado a pasar por el quir\u00f3fano.<\/p>\n<p data-gtm-element-container=\"modulo-texto-link\" class=\"paragraph\">Seg\u00fan publica &#8216;Tennis24&#8217;, el actual n\u00famero 27 de la ATP<strong> se someti\u00f3 en la tarde del jueves a una operaci\u00f3n en la parte baja de la espalda<\/strong> para tratar el problema que le hab\u00eda estado causando molestias \u00faltimamente.<\/p>\n<p data-gtm-element-container=\"modulo-texto-link\" class=\"paragraph\">Seg\u00fan el citado medio, <strong>se le extirp\u00f3 una hernia, que le causaba fuertes dolores<\/strong> y dificultades en los partidos y los entrenamientos.<\/p>\n<p>    Lee tambi\u00e9n<\/p>\n<p data-gtm-element-container=\"modulo-texto-link\" class=\"paragraph\">Aunque la operaci\u00f3n se considera un \u00e9xito, a\u00fan se desconoce cu\u00e1ndo volver\u00e1 Tsitsipas a las pistas, aunque<strong> se habla de un periodo de baja cercano al mes.<\/strong><\/p>\n<p data-gtm-element-container=\"modulo-texto-link\" class=\"paragraph\">As\u00ed pues, Tsitsipas se perder\u00e1 la gira asi\u00e1tica, que deb\u00eda llevarle primero a Pek\u00edn y despu\u00e9s a Shanghai, y <strong>su reaparici\u00f3n podr\u00eda llegar, del 15 al 18 de octubre,\u00a0en el torneo de exhibici\u00f3n Six Kings Slam<\/strong>, que anunci\u00f3 su presencia como sustituto del lesionado Jack Draper.<\/p>\n","protected":false},"excerpt":{"rendered":"Siguen los problemas para Stefanos Tsitsipas. A los malos resultados de los \u00faltimos meses se le han unido&hellip;\n","protected":false},"author":2,"featured_media":125517,"comment_status":"","ping_status":"","sticky":false,"template":"","format":"standard","meta":{"footnotes":""},"categories":[274],"tags":[168,25,24,23,167,327,326],"class_list":{"0":"post-125516","1":"post","2":"type-post","3":"status-publish","4":"format-standard","5":"has-post-thumbnail","7":"category-tenis","8":"tag-deportes","9":"tag-es","10":"tag-espana","11":"tag-spain","12":"tag-sports","13":"tag-tenis","14":"tag-tennis"},"share_on_mastodon":{"url":"","error":""},"_links":{"self":[{"href":"https:\/\/www.europesays.com\/es\/wp-json\/wp\/v2\/posts\/125516","targetHints":{"allow":["GET"]}}],"collection":[{"href":"https:\/\/www.europesays.com\/es\/wp-json\/wp\/v2\/posts"}],"about":[{"href":"https:\/\/www.europesays.com\/es\/wp-json\/wp\/v2\/types\/post"}],"author":[{"embeddable":true,"href":"https:\/\/www.europesays.com\/es\/wp-json\/wp\/v2\/users\/2"}],"replies":[{"embeddable":true,"href":"https:\/\/www.europesays.com\/es\/wp-json\/wp\/v2\/comments?post=125516"}],"version-history":[{"count":0,"href":"https:\/\/www.europesays.com\/es\/wp-json\/wp\/v2\/posts\/125516\/revisions"}],"wp:featuredmedia":[{"embeddable":true,"href":"https:\/\/www.europesays.com\/es\/wp-json\/wp\/v2\/media\/125517"}],"wp:attachment":[{"href":"https:\/\/www.europesays.com\/es\/wp-json\/wp\/v2\/media?parent=125516"}],"wp:term":[{"taxonomy":"category","embeddable":true,"href":"https:\/\/www.europesays.com\/es\/wp-json\/wp\/v2\/categories?post=125516"},{"taxonomy":"post_tag","embeddable":true,"href":"https:\/\/www.europesays.com\/es\/wp-json\/wp\/v2\/tags?post=125516"}],"curies":[{"name":"wp","href":"https:\/\/api.w.org\/{rel}","templated":true}]}}