{"id":125518,"date":"2025-09-19T15:52:13","date_gmt":"2025-09-19T15:52:13","guid":{"rendered":"https:\/\/www.europesays.com\/es\/125518\/"},"modified":"2025-09-19T15:52:13","modified_gmt":"2025-09-19T15:52:13","slug":"la-idea-surgio-de-la-madre-de-tom-pidcock-y-fue-fantastico","status":"publish","type":"post","link":"https:\/\/www.europesays.com\/es\/125518\/","title":{"rendered":"\u00abLa idea surgi\u00f3 de la madre de Tom Pidcock y fue fant\u00e1stico\u00bb"},"content":{"rendered":"<p><img decoding=\"async\" class=\"voc-author__img\" src=\"https:\/\/www.europesays.com\/es\/wp-content\/uploads\/2025\/09\/1757090349_862_autor-1395-foto-9.jpeg\" alt=\"Miguel Zarza\"\/><\/p>\n<p class=\"voc-p\" style=\"\">Las <a href=\"https:\/\/www.abc.es\/deportes\/ciclismo\/antiviolencia-propone-sancionar-personas-incidentes-vuelta-multas-20250917190011-nt.html\" target=\"_self\" data-voc-vtm-id=\"in-text-traffic\" title=\"protestas pro Palestina y contra la participaci\u00f3n del equipo Israel\" rel=\"nofollow noopener\">protestas pro Palestina y contra la participaci\u00f3n del equipo Israel<\/a> sacudieron la \u00faltima edici\u00f3n de <strong>La Vuelta a Espa\u00f1a<\/strong> casi desde su inicio a su final, con un abrupto cierre en las calles de Madrid. El ganador, el dan\u00e9s<a href=\"https:\/\/www.abc.es\/deportes\/ciclismo\/vingegaard-campeon-normal-20250914121421-nt.html\" target=\"_self\" data-voc-vtm-id=\"in-text-traffic\" title=\" Jonas Vingegaard\" rel=\"nofollow noopener\"> Jonas Vingegaard<\/a>, se vio privado de la fiesta habitual que suele se la \u00faltima etapa de las grandes rondas ciclistas. La violencia de algunos grupos de manifestantes <strong>oblig\u00f3 a terminar el recorrido antes de lo previsto y provoc\u00f3 la suspensi\u00f3n de la ceremonia de entrega de premios<\/strong>. <\/p>\n<p class=\"voc-p\" style=\"\">\u00abCuando supe que no habr\u00eda podio me sent\u00ed <a href=\"https:\/\/www.abc.es\/deportes\/ciclismo\/vingegaard-lamenta-robado-momento-eternidad-celebra-podio-20250915092633-nt.html\" target=\"_self\" data-voc-vtm-id=\"in-text-traffic\" title=\"muy decepcionado\" rel=\"nofollow noopener\">muy decepcionado<\/a>\u00bb, reconoci\u00f3 este jueves el ciclista dan\u00e9s de 28 a\u00f1os, que fue la estrella de una rueda de prensa en la sede de su equipo, el Visma-Lease a Bike, este jueves para celebrar <a href=\"https:\/\/www.abc.es\/deportes\/ciclismo\/vio-mundo-abrupto-desenlace-vuelta-admiracion-sanchez-20250915102939-nt.html\" target=\"_self\" data-voc-vtm-id=\"in-text-traffic\" title=\"su triunfo en la accidentada edici\u00f3n de la carrera espa\u00f1ola\" rel=\"nofollow noopener\">su triunfo en la accidentada edici\u00f3n de la carrera espa\u00f1ola<\/a>. \u00abMe estaban arrebatando este momento\u00bb, agreg\u00f3.<\/p>\n<p class=\"voc-p\" style=\"\">Las protestas afectaron a un d\u00eda que qued\u00f3 marcado en la carrera del dos veces ganador del Tour de Francia para siempre, el de su primer triunfo en <a href=\"https:\/\/www.abc.es\/deportes\/ciclismo\/vuelta-perdio-ningun-patrocinador-pese-altercados-israel-20250916182356-nt.html\" target=\"_self\" data-voc-vtm-id=\"in-text-traffic\" title=\"La Vuelta\" rel=\"nofollow noopener\">La Vuelta<\/a>. Sin embargo, de la decepci\u00f3n naci\u00f3 una imagen que quedar\u00e1 tambi\u00e9n para la posteridad y que se construy\u00f3 en la oscuridad del parking de un hotel sobre tres peque\u00f1as neveras port\u00e1tiles. <\/p>\n<p class=\"voc-p\" style=\"\">Para resarcirse de <a href=\"https:\/\/www.abc.es\/deportes\/ciclismo\/javier-guillen-llamas-boicotear-boicoteas-haces-dano-20250915125852-nt.html\" target=\"_self\" data-voc-vtm-id=\"in-text-traffic\" title=\"la suspensi\u00f3n de la ceremonia de premios oficial\" rel=\"nofollow noopener\">la suspensi\u00f3n de la ceremonia de premios oficial<\/a>, los equipos lograron organizar un podio para homenajear al campe\u00f3n dan\u00e9s como lo merec\u00eda. No tuvo la grandiosidad del escenario oficialmente previsto, pero el acto dej\u00f3 a Vingegaard un gran sabor de boca pese a hacerse de noche y bajo la luz de unos pocos focos. <\/p>\n<p class=\"voc-p\" style=\"\">\u00abA pesar de todo, celebrarlo en una nevera port\u00e1til fue mucho m\u00e1s bonito, un recuerdo m\u00e1s \u00edntimo. Fue mucho m\u00e1s bonito de lo que imaginaba, y sigue siendo uno de los mejores momentos de mi carrera\u00bb, confes\u00f3 el vencedor de La Vuelta 2025 en la sede de su equipo.<\/p>\n<p class=\"voc-p\" style=\"\">La log\u00edstica no tuvo nada que ver con la que estaba prevista para la ceremonia oficial, pero emocion\u00f3 al ciclista dan\u00e9s por la implicaci\u00f3n de sus compa\u00f1eros y rivales a la hora de montar a toda prisa un homenaje para que no abandonara Madrid de vac\u00edo. <\/p>\n<p class=\"voc-p\" style=\"\">\u00ab<strong>La idea del podio surgi\u00f3 de la madre de Tom Pidcock<\/strong>. Gracias a Q36.5 (el equipo del ciclista brit\u00e1nico) y a nuestro equipo, lo organizamos todo r\u00e1pidamente\u00bb, relat\u00f3 Vingegaard. \u00abTodos ven\u00edamos de hoteles diferentes, pero nos entendimos bien con el equipo de Pidcock\u00bb. <\/p>\n<p class=\"voc-p\" style=\"\">\u00ab<strong>Fue fant\u00e1stico que ocurriera, aunque tuvimos que mantenerlo en secreto<\/strong> porque Riccitello (Israel) iba a recibir su maillot blanco, y si los manifestantes lo hubieran sabido, no habr\u00eda sido tan seguro\u00bb, agreg\u00f3.<\/p>\n<p>\nReconocimiento de la Comunidad de Madrid\n<\/p>\n<p class=\"voc-p\" style=\"\">A este \u00edntimo reconocimiento se unir\u00e1 pr\u00f3ximamente el de la Comunidad de Madrid pues, como este jueves desvel\u00f3 Isabel D\u00edaz Ayuso en el pleno de la Asamblea de Madrid, <a href=\"https:\/\/www.abc.es\/espana\/madrid\/ayuso-concede-medalla-internacional-madrid-jonas-vingegaard-20250918103456-nt.html\" target=\"_self\" data-voc-vtm-id=\"in-text-traffic\" title=\"entregar\u00e1 la Medalla Internacional de Madrid al ganador de la Vuelta\" rel=\"nofollow noopener\">entregar\u00e1 la Medalla Internacional de Madrid al ganador de la Vuelta<\/a>. \u00abPorque no merece ser recibido sobre cajas de hielo por culpa de lo que ustedes provocaron\u00bb, acus\u00f3 a la izquierda. <\/p>\n<p class=\"voc-p\" style=\"\">Adem\u00e1s, conceder\u00e1 tambi\u00e9n la Medalla de Oro de la Comunidad de Madrid en el pr\u00f3ximo Dos de Mayo a la Vuelta Ciclista a Espa\u00f1a, \u00abporque es una de las competiciones de Espa\u00f1a que han intentado desguazar\u00bb.<\/p>\n<p>Reportar un error<\/p>\n","protected":false},"excerpt":{"rendered":"Las protestas pro Palestina y contra la participaci\u00f3n del equipo Israel sacudieron la \u00faltima edici\u00f3n de La Vuelta&hellip;\n","protected":false},"author":2,"featured_media":125519,"comment_status":"","ping_status":"","sticky":false,"template":"","format":"standard","meta":{"footnotes":""},"categories":[273],"tags":[313,312,168,25,24,39013,324,205,40888,22058,57,23,167,325],"class_list":{"0":"post-125518","1":"post","2":"type-post","3":"status-publish","4":"format-standard","5":"has-post-thumbnail","7":"category-ciclismo","8":"tag-ciclismo","9":"tag-cycling","10":"tag-deportes","11":"tag-es","12":"tag-espana","13":"tag-improvisado","14":"tag-jonas","15":"tag-madrid","16":"tag-neveras","17":"tag-podio","18":"tag-sobre","19":"tag-spain","20":"tag-sports","21":"tag-vingegaard"},"share_on_mastodon":{"url":"","error":""},"_links":{"self":[{"href":"https:\/\/www.europesays.com\/es\/wp-json\/wp\/v2\/posts\/125518","targetHints":{"allow":["GET"]}}],"collection":[{"href":"https:\/\/www.europesays.com\/es\/wp-json\/wp\/v2\/posts"}],"about":[{"href":"https:\/\/www.europesays.com\/es\/wp-json\/wp\/v2\/types\/post"}],"author":[{"embeddable":true,"href":"https:\/\/www.europesays.com\/es\/wp-json\/wp\/v2\/users\/2"}],"replies":[{"embeddable":true,"href":"https:\/\/www.europesays.com\/es\/wp-json\/wp\/v2\/comments?post=125518"}],"version-history":[{"count":0,"href":"https:\/\/www.europesays.com\/es\/wp-json\/wp\/v2\/posts\/125518\/revisions"}],"wp:featuredmedia":[{"embeddable":true,"href":"https:\/\/www.europesays.com\/es\/wp-json\/wp\/v2\/media\/125519"}],"wp:attachment":[{"href":"https:\/\/www.europesays.com\/es\/wp-json\/wp\/v2\/media?parent=125518"}],"wp:term":[{"taxonomy":"category","embeddable":true,"href":"https:\/\/www.europesays.com\/es\/wp-json\/wp\/v2\/categories?post=125518"},{"taxonomy":"post_tag","embeddable":true,"href":"https:\/\/www.europesays.com\/es\/wp-json\/wp\/v2\/tags?post=125518"}],"curies":[{"name":"wp","href":"https:\/\/api.w.org\/{rel}","templated":true}]}}