{"id":125524,"date":"2025-09-19T15:55:08","date_gmt":"2025-09-19T15:55:08","guid":{"rendered":"https:\/\/www.europesays.com\/es\/125524\/"},"modified":"2025-09-19T15:55:08","modified_gmt":"2025-09-19T15:55:08","slug":"estudia-comprar-un-70-del-atletico-de-madrid","status":"publish","type":"post","link":"https:\/\/www.europesays.com\/es\/125524\/","title":{"rendered":"estudia comprar un 70% del Atl\u00e9tico de Madrid"},"content":{"rendered":"<p>El gigante de inversi\u00f3n, <strong>Apollo<\/strong>, est\u00e1 estudiando tomar una participaci\u00f3n mayoritaria en el <strong><a href=\"https:\/\/okdiario.com\/noticias\/atletico-madrid\/\" target=\"_blank\" rel=\"noopener noreferrer nofollow\">Atl\u00e9tico de Madrid<\/a>,<\/strong> seg\u00fan ha adelantado el diario Expansi\u00f3n, citando a tres accionistas pr\u00f3ximos a las negociaciones. El fondo estadounidense est\u00e1 en las \u00faltimas fases de negociaci\u00f3n con los accionistas del Atl\u00e9tico para comprar hasta un 70% del equipo rojiblanco. El equipo podr\u00eda ser el primer fichaje para su nuevo fondo dedicado a activos deportivos que Apollo lanzar\u00e1 este a\u00f1o.<\/p>\n<p>Entre los accionistas que han dejado una <a href=\"https:\/\/en.atleticodemadrid.com\/noticias\/club-atletico-de-madrid-general-meeting-agrees-181-8-million-euro-capital-increase\" target=\"_blank\" rel=\"noopener noreferrer nofollow\">participaci\u00f3n<\/a> sobre la mesa est\u00e1n <strong>Miguel \u00c1ngel Gil Mar\u00edn<\/strong>, el consejero delegado, que retiene un 51% del capital, as\u00ed como el presidente<strong> Enrique Cerezo<\/strong> (15%) y <strong>Ares<\/strong>, otro gigante de capital privado, fondo que retiene aproximadamente un 34% del Atl\u00e9tico a trav\u00e9s de su veh\u00edculo de inversi\u00f3n, <strong>HoldCo<\/strong>.<\/p>\n<p>Apollo podr\u00eda entrar en la c\u00fapula del equipo deportivo por esta v\u00eda o a trav\u00e9s de una ampliaci\u00f3n de capital, que cifrar\u00eda el valor del club en los 2.500 millones de euros. Est\u00e1 ampliaci\u00f3n se destinar\u00eda a la Ciudad del Deporte del <strong>Atl\u00e9tico de Madrid<\/strong>. Por otro lado, otro 27% queda en manos del empresario israel\u00ed <strong>Idan Ofer,<\/strong> due\u00f1o del fondo de inversi\u00f3n, <strong>Quantum Pacific,\u00a0<\/strong>qui\u00e9n tambi\u00e9n est\u00e1 en conversaciones con Apollo.<\/p>\n<p>El Atl\u00e9tico de Madrid logr\u00f3 facturar<strong> 410 millones de euros<\/strong> al cierre de 2024, seg\u00fan cifras de Deloitte, y ser\u00eda el primer salto del fondo hacia el mundo deportivo. No obstante, los fondos de capital riesgo han mostrado cada vez m\u00e1s inter\u00e9s en adquirir equipos deportivos en su cartera de inversiones: desde LaLiga hasta el National Football League (NFL), la liga del f\u00fatbol americano en Estados Unidos.<\/p>\n","protected":false},"excerpt":{"rendered":"El gigante de inversi\u00f3n, Apollo, est\u00e1 estudiando tomar una participaci\u00f3n mayoritaria en el Atl\u00e9tico de Madrid, seg\u00fan ha&hellip;\n","protected":false},"author":2,"featured_media":125525,"comment_status":"","ping_status":"","sticky":false,"template":"","format":"standard","meta":{"footnotes":""},"categories":[268],"tags":[168,25,24,280,282,281,23,167],"class_list":{"0":"post-125524","1":"post","2":"type-post","3":"status-publish","4":"format-standard","5":"has-post-thumbnail","7":"category-futbol","8":"tag-deportes","9":"tag-es","10":"tag-espana","11":"tag-football","12":"tag-futbol","13":"tag-soccer","14":"tag-spain","15":"tag-sports"},"share_on_mastodon":{"url":"","error":""},"_links":{"self":[{"href":"https:\/\/www.europesays.com\/es\/wp-json\/wp\/v2\/posts\/125524","targetHints":{"allow":["GET"]}}],"collection":[{"href":"https:\/\/www.europesays.com\/es\/wp-json\/wp\/v2\/posts"}],"about":[{"href":"https:\/\/www.europesays.com\/es\/wp-json\/wp\/v2\/types\/post"}],"author":[{"embeddable":true,"href":"https:\/\/www.europesays.com\/es\/wp-json\/wp\/v2\/users\/2"}],"replies":[{"embeddable":true,"href":"https:\/\/www.europesays.com\/es\/wp-json\/wp\/v2\/comments?post=125524"}],"version-history":[{"count":0,"href":"https:\/\/www.europesays.com\/es\/wp-json\/wp\/v2\/posts\/125524\/revisions"}],"wp:featuredmedia":[{"embeddable":true,"href":"https:\/\/www.europesays.com\/es\/wp-json\/wp\/v2\/media\/125525"}],"wp:attachment":[{"href":"https:\/\/www.europesays.com\/es\/wp-json\/wp\/v2\/media?parent=125524"}],"wp:term":[{"taxonomy":"category","embeddable":true,"href":"https:\/\/www.europesays.com\/es\/wp-json\/wp\/v2\/categories?post=125524"},{"taxonomy":"post_tag","embeddable":true,"href":"https:\/\/www.europesays.com\/es\/wp-json\/wp\/v2\/tags?post=125524"}],"curies":[{"name":"wp","href":"https:\/\/api.w.org\/{rel}","templated":true}]}}