{"id":125538,"date":"2025-09-19T16:03:08","date_gmt":"2025-09-19T16:03:08","guid":{"rendered":"https:\/\/www.europesays.com\/es\/125538\/"},"modified":"2025-09-19T16:03:08","modified_gmt":"2025-09-19T16:03:08","slug":"como-prevenir-el-alzheimer-las-cuatro-recomendaciones-de-la-neurociencia-para-cuidar-el-cerebro-cada-dia","status":"publish","type":"post","link":"https:\/\/www.europesays.com\/es\/125538\/","title":{"rendered":"C\u00f3mo prevenir el Alzheimer: las cuatro recomendaciones de la neurociencia para cuidar el cerebro cada d\u00eda"},"content":{"rendered":"<p><img alt=\"El ejercicio f\u00edsico no solo\" class=\"global-image\" decoding=\"async\" fetchpriority=\"high\" height=\"1024\" loading=\"eager\" src=\"https:\/\/www.europesays.com\/es\/wp-content\/uploads\/2025\/09\/7IXKT7NP2JCATAQG7QUZ5UIR2M.png\" width=\"1536\"\/>El ejercicio f\u00edsico no solo fortalece m\u00fasculos y huesos: tambi\u00e9n es un aliado clave del cerebro (Imagen Ilustrativa Infobae)<\/p>\n<p class=\"paragraph\">Este domingo 21 de septiembre se conmemora el <a rel=\"noopener noreferrer nofollow\" href=\"https:\/\/www.infobae.com\/tag\/dia-mundial-del-alzheimer\/\" target=\"_blank\" title=\"https:\/\/www.infobae.com\/tag\/dia-mundial-del-alzheimer\/\"><b>D\u00eda Mundial del Alzheimer<\/b><\/a>, una fecha que busca <b>sensibilizar<\/b> a la sociedad sobre <b>la enfermedad neurodegenerativa m\u00e1s frecuente en el mundo<\/b>. <\/p>\n<p class=\"paragraph\">El <a rel=\"noopener noreferrer nofollow\" href=\"https:\/\/www.infobae.com\/tag\/alzheimer\/\" target=\"_blank\" title=\"https:\/\/www.infobae.com\/tag\/alzheimer\/\"><b>Alzheimer <\/b><\/a>representa entre <b>el 60 y el 70% de todos los casos de <\/b><a rel=\"noopener noreferrer nofollow\" href=\"https:\/\/www.infobae.com\/tag\/demencia\/\" target=\"_blank\" title=\"https:\/\/www.infobae.com\/tag\/demencia\/\"><b>demencia<\/b><\/a>, y se estima que actualmente m\u00e1s de 55 millones de personas viven con alg\u00fan tipo de esta enfermedad a nivel global, cifra que podr\u00eda <b>triplicarse hacia 2050<\/b> si no se encuentran estrategias efectivas de prevenci\u00f3n y tratamiento.<\/p>\n<p class=\"paragraph\">En <b>Argentina<\/b>, el impacto es tambi\u00e9n creciente: se calcula que unas <b>500.000 personas viven con demencia<\/b>, la mayor\u00eda con enfermedad de <b>Alzheimer<\/b>. Estas cifras no solo implican un enorme desaf\u00edo para los sistemas de salud, sino tambi\u00e9n para las familias, que son quienes sostienen la mayor parte del <b>cuidado <\/b>cotidiano.<\/p>\n<p class=\"paragraph\">\u201cSi bien <b>hasta hoy no existe una cura definitiva<\/b>, la investigaci\u00f3n cient\u00edfica avanza de manera acelerada. Por un lado, con terapias innovadoras, como los <b>anticuerpos monoclonales<\/b> dirigidos contra el amiloide, que abren nuevas perspectivas. Y, por otro, con estudios sobre c\u00f3mo el <b>estilo de vida <\/b>puede contribuir a proteger el cerebro y <b>enlentecer el deterioro cognitivo<\/b>\u201d, sostiene el doctor <b>Guido Dorman<\/b>, m\u00e9dico neur\u00f3logo.<\/p>\n<p><img alt=\"El Alzheimer representa entre el\" class=\"global-image\" decoding=\"async\" fetchpriority=\"low\" height=\"816\" loading=\"lazy\" src=\"https:\/\/www.europesays.com\/es\/wp-content\/uploads\/2025\/09\/XE3RYFM4DFH2TMIL4ZPYT7FIYQ.jpg\" width=\"1456\"\/>El Alzheimer representa entre el 60 y el 70% de todos los casos de demencia- (Imagen Ilustrativa Infobae)<\/p>\n<p class=\"paragraph\">En esta \u00faltima l\u00ednea, se destacan los resultados recientes del <a rel=\"noopener nofollow\" href=\"https:\/\/aaic.alz.org\/releases-2025\/us-pointer-study-results-announced.asp\" target=\"_blank\" title=\"https:\/\/aaic.alz.org\/releases-2025\/us-pointer-study-results-announced.asp\"><b>estudio US-POINTER<\/b><\/a>, un ensayo multic\u00e9ntrico realizado en Estados Unidos, que demostr\u00f3 que una <b>intervenci\u00f3n intensiva en el estilo de vida<\/b> puede <b>mejorar la memoria<\/b> y otras funciones cognitivas en adultos mayores en riesgo de deterioro cognitivo. <\/p>\n<p class=\"paragraph\">El trabajo, inspirado en el ya cl\u00e1sico <b>estudio FINGER de Finlandia<\/b>, refuerza la idea de que la prevenci\u00f3n est\u00e1, en gran medida, en nuestras manos.<\/p>\n<p><img alt=\"\" class=\"global-image\" decoding=\"async\" fetchpriority=\"low\" height=\"1080\" loading=\"lazy\" src=\"https:\/\/www.europesays.com\/es\/wp-content\/uploads\/2025\/09\/XQUNAL7X6BDQTL6REUP6JWKPGQ.png\" width=\"1920\"\/><\/p>\n<p class=\"paragraph\">El ejercicio f\u00edsico no solo fortalece m\u00fasculos y huesos: tambi\u00e9n es un aliado clave del <b>cerebro<\/b>. Caminar a paso ligero, andar en bicicleta, nadar o bailar al menos <b>150 minutos por semana<\/b> se asocia con mejor rendimiento cognitivo y menor riesgo de deterioro. El US-POINTER mostr\u00f3 que incorporar <b>actividad f\u00edsica aer\u00f3bica<\/b> adaptada a la edad y condici\u00f3n de cada persona tiene beneficios medibles en la memoria. Adem\u00e1s, combinarlo con <b>ejercicios de fuerza dos veces por semana <\/b>potencia la <b>salud cardiovascular<\/b>, otro factor \u00edntimamente ligado al cerebro.<\/p>\n<p><img alt=\"\" class=\"global-image\" decoding=\"async\" fetchpriority=\"low\" height=\"1080\" loading=\"lazy\" src=\"https:\/\/www.europesays.com\/es\/wp-content\/uploads\/2025\/09\/QVTDGGNUWBE75NG7CLSE4ONATY.png\" width=\"1920\"\/><\/p>\n<p class=\"paragraph\">La<b> dieta MIND<\/b>, que combina elementos de la <b>dieta mediterr\u00e1nea y la DASH<\/b> (dise\u00f1ada para controlar la hipertensi\u00f3n), ha demostrado efectos protectores contra el deterioro cognitivo. Se basa en un alto consumo de frutas, verduras de hoja verde, cereales integrales, pescado, legumbres, frutos secos y aceite de oliva, mientras <b>limita carnes rojas, ultraprocesados y az\u00facares agregados<\/b>. <\/p>\n<p class=\"paragraph\">En el US-POINTER, una alimentaci\u00f3n balanceada fue un componente esencial para lograr beneficios cognitivos. En la pr\u00e1ctica, esto significa optar por un plato de ensalada fresca o pescado con vegetales, en lugar de comidas ultraprocesadas, cada vez que sea posible.<\/p>\n<p><img alt=\"\" class=\"global-image\" decoding=\"async\" fetchpriority=\"low\" height=\"1080\" loading=\"lazy\" src=\"https:\/\/www.europesays.com\/es\/wp-content\/uploads\/2025\/09\/FS2QMMDOZZEXXORFQDAQC2LPVA.png\" width=\"1920\"\/><\/p>\n<p class=\"paragraph\">La mente, al igual que el cuerpo, necesita <b>entrenamiento<\/b>. Leer, aprender un idioma, tocar un instrumento, resolver <b>crucigramas<\/b>, jugar al <b>ajedrez <\/b>o participar en talleres y actividades sociales estimula lo que se conoce como <b>reserva cognitiva<\/b>, un mecanismo que protege frente al impacto de la enfermedad. <\/p>\n<p class=\"paragraph\">Estudios poblacionales muestran que las personas con mayor participaci\u00f3n social e intelectual presentan un menor riesgo de desarrollar demencia. Por eso, mantener la <b>curiosidad <\/b>y la vida social activa no es solo un placer: es tambi\u00e9n una forma de prevenci\u00f3n.<\/p>\n<p><img alt=\"\" class=\"global-image\" decoding=\"async\" fetchpriority=\"low\" height=\"1080\" loading=\"lazy\" src=\"https:\/\/www.europesays.com\/es\/wp-content\/uploads\/2025\/09\/OQDTITKK3NECVGIUQGWRMWMSE4.png\" width=\"1920\"\/><\/p>\n<p class=\"paragraph\">Lo que es bueno para el coraz\u00f3n es bueno para el cerebro. Hipertensi\u00f3n, diabetes, obesidad, colesterol elevado y sedentarismo son factores de riesgo que da\u00f1an tanto al sistema vascular como al tejido cerebral. <\/p>\n<p class=\"paragraph\"><b>Mantener la presi\u00f3n arterial, la glucosa y los l\u00edpidos en rangos saludables<\/b>, junto con <b>dejar de fumar, <\/b>reduce significativamente el riesgo de Alzheimer y otras demencias. El US-POINTER confirm\u00f3 que un abordaje integral, que incluya el control de estos factores, tiene efectos protectores sobre la cognici\u00f3n.<\/p>\n<p class=\"paragraph\">Adem\u00e1s de los cambios en el estilo de vida, la <b>ciencia <\/b>avanza en el desarrollo de <b>tratamientos farmacol\u00f3gicos innovadores<\/b>. Los anticuerpos monoclonales antiamiloide, como lecanemab y donanemab, han mostrado por primera vez la capacidad de enlentecer el curso de la enfermedad en ensayos cl\u00ednicos de fase 3. Estos resultados, junto con el desarrollo de <b>biomarcadores <\/b>en sangre que permiten un diagn\u00f3stico m\u00e1s temprano y accesible, configuran un panorama alentador en la lucha contra el Alzheimer.<\/p>\n<p class=\"paragraph\">En conclusi\u00f3n, el <b>D\u00eda Mundial del Alzheimer<\/b> es un recordatorio de que esta enfermedad, aunque desafiante, no nos encuentra indefensos. La <b>prevenci\u00f3n y el cuidado del cerebro comienzan mucho antes de la aparici\u00f3n de los s\u00edntomas<\/b>, y h\u00e1bitos cotidianos como moverse m\u00e1s, comer mejor, ejercitar la mente y controlar la salud cardiovascular pueden marcar una diferencia real.<\/p>\n<p class=\"paragraph\">\u201cLa evidencia cient\u00edfica confirma que adoptar un estilo de vida saludable no solo mejora la calidad de vida en el presente, sino que tambi\u00e9n puede proteger la memoria en el futuro. <b>Frente a una enfermedad que a\u00fan no tiene cura, cada acci\u00f3n preventiva cuenta<\/b>\u201d, concluye el doctor Dorman.<\/p>\n<p><img alt=\"La prevenci\u00f3n y el cuidado\" class=\"global-image\" decoding=\"async\" fetchpriority=\"low\" height=\"816\" loading=\"lazy\" src=\"https:\/\/www.europesays.com\/es\/wp-content\/uploads\/2025\/09\/U623D6QRXJB3BEJ3MCNHFSWM5A.jpg\" width=\"1456\"\/>La prevenci\u00f3n y el cuidado del cerebro comienzan mucho antes de la aparici\u00f3n de los s\u00edntomas, y h\u00e1bitos saludables pueden marcar una diferencia real (Imagen ilustrativa Infobae)<\/p>\n<p class=\"paragraph\">En el marco de esta fecha, se realizar\u00e1n <b>actividades gratuitas<\/b> que invitan a reflexionar y acompa\u00f1ar:<\/p>\n<ul data-icon=\"\u2b24\" class=\"list\">\n<li data-icon=\"\u2b24\"><b>Charla abierta \u201cLa memoria de las fotos\u201d. <\/b>A cargo de profesionales de la Cl\u00ednica de la Memoria del Instituto de Neurociencias de la Fundaci\u00f3n Favaloro &#8211; INECO, con la participaci\u00f3n especial del Conjunto de M\u00fasica de C\u00e1mara del Conservatorio Gilardo Gilardi. <b>Viernes 19 de septiembre \u2013 14:00 h: en<\/b> <b>Aula Magna, Instituto de Neurociencias Fundaci\u00f3n Favaloro. INECO (Sol\u00eds 453, CABA).<\/b> Actividad gratuita \u2013 No requiere inscripci\u00f3n.<\/li>\n<li data-icon=\"\u2b24\"><b>Declaraci\u00f3n de Inter\u00e9s Social, Cultural y para la Promoci\u00f3n de la Salud. <\/b>La Legislatura de la Ciudad Aut\u00f3noma de Buenos Aires declarar\u00e1 de Inter\u00e9s a la muestra Los hilos de la memoria y al libro Saber acompa\u00f1ar. Durante el acto se exhibir\u00e1 parte de la muestra y se abrir\u00e1 un espacio de di\u00e1logo con autoridades de Fundaci\u00f3n INECO y los autores del libro para reflexionar sobre el acompa\u00f1amiento a personas con Alzheimer y sus familias. <b>Lunes 22 de septiembre \u2013 10:00 h en<\/b> <b>Sal\u00f3n Dorado de la Legislatura Porte\u00f1a (Per\u00fa 160, CABA)<\/b> <a href=\"https:\/\/docs.google.com\/forms\/d\/e\/1FAIpQLSeA9ITmkhZ0jooUAcWbwtmQ-ddWv8GWYanfDgs7j0XDOx1gdw\/viewform\" rel=\"nofollow noopener\" target=\"_blank\">Confirm\u00e1 tu asistencia aqu\u00ed<\/a><\/li>\n<\/ul>\n","protected":false},"excerpt":{"rendered":"El ejercicio f\u00edsico no solo fortalece m\u00fasculos y huesos: tambi\u00e9n es un aliado clave del cerebro (Imagen Ilustrativa&hellip;\n","protected":false},"author":2,"featured_media":125539,"comment_status":"","ping_status":"","sticky":false,"template":"","format":"standard","meta":{"footnotes":""},"categories":[92],"tags":[25,24,165,166,23],"class_list":{"0":"post-125538","1":"post","2":"type-post","3":"status-publish","4":"format-standard","5":"has-post-thumbnail","7":"category-salud","8":"tag-es","9":"tag-espana","10":"tag-health","11":"tag-salud","12":"tag-spain"},"share_on_mastodon":{"url":"","error":""},"_links":{"self":[{"href":"https:\/\/www.europesays.com\/es\/wp-json\/wp\/v2\/posts\/125538","targetHints":{"allow":["GET"]}}],"collection":[{"href":"https:\/\/www.europesays.com\/es\/wp-json\/wp\/v2\/posts"}],"about":[{"href":"https:\/\/www.europesays.com\/es\/wp-json\/wp\/v2\/types\/post"}],"author":[{"embeddable":true,"href":"https:\/\/www.europesays.com\/es\/wp-json\/wp\/v2\/users\/2"}],"replies":[{"embeddable":true,"href":"https:\/\/www.europesays.com\/es\/wp-json\/wp\/v2\/comments?post=125538"}],"version-history":[{"count":0,"href":"https:\/\/www.europesays.com\/es\/wp-json\/wp\/v2\/posts\/125538\/revisions"}],"wp:featuredmedia":[{"embeddable":true,"href":"https:\/\/www.europesays.com\/es\/wp-json\/wp\/v2\/media\/125539"}],"wp:attachment":[{"href":"https:\/\/www.europesays.com\/es\/wp-json\/wp\/v2\/media?parent=125538"}],"wp:term":[{"taxonomy":"category","embeddable":true,"href":"https:\/\/www.europesays.com\/es\/wp-json\/wp\/v2\/categories?post=125538"},{"taxonomy":"post_tag","embeddable":true,"href":"https:\/\/www.europesays.com\/es\/wp-json\/wp\/v2\/tags?post=125538"}],"curies":[{"name":"wp","href":"https:\/\/api.w.org\/{rel}","templated":true}]}}