{"id":125540,"date":"2025-09-19T16:04:04","date_gmt":"2025-09-19T16:04:04","guid":{"rendered":"https:\/\/www.europesays.com\/es\/125540\/"},"modified":"2025-09-19T16:04:04","modified_gmt":"2025-09-19T16:04:04","slug":"merce-2025-dispositivo-especial-de-seguridad-limpieza-y-movilidad-info-barcelona","status":"publish","type":"post","link":"https:\/\/www.europesays.com\/es\/125540\/","title":{"rendered":"Merc\u00e8 2025: dispositivo especial de seguridad, limpieza y movilidad | Info Barcelona"},"content":{"rendered":"<p>La Guardia Urbana, conjuntamente con el cuerpo de Bomberos de Barcelona, los Mossos d\u2019Esquadra, Protecci\u00f3n Civil y la Polic\u00eda Portuaria, coordinar\u00e1 distintas medidas para <strong>garantizar la seguridad, la convivencia y la fluidez de la movilidad<\/strong> durante La Merc\u00e8:<\/p>\n<ul>\n<li style=\"font-weight: 400\">Ordenaci\u00f3n y regulaci\u00f3n del tr\u00e1fico.<\/li>\n<li>Gesti\u00f3n y control de conductas que alteren la convivencia.<\/li>\n<li>Controles de alcohol y drogas.<\/li>\n<li style=\"font-weight: 400\">Control de aforo y accesos a la plaza de Sant Jaume para evitar situaciones de riesgo provocadas por la alta densidad de personas.<\/li>\n<li>Prevenci\u00f3n y atenci\u00f3n sobre las violencias machistas y LGTBI-f\u00f3bicas y las violencias sexuales.<\/li>\n<\/ul>\n<p>Se activar\u00e1 un servicio de drones como elemento de apoyo e informaci\u00f3n para el servicio operativo de seguridad. El visionado de las im\u00e1genes se har\u00e1 siempre en tiempo real y en ning\u00fan caso quedar\u00e1n registradas. <\/p>\n<p>En el marco de la operaci\u00f3n Ferro de la Guardia Urbana, se incrementar\u00e1n las acciones para detectar e intervenir armas blancas y otros objetos peligrosos en la v\u00eda p\u00fablica.<\/p>\n<p><strong>Prevenci\u00f3n y atenci\u00f3n de las violencias machistas y LGTBI-f\u00f3bicas<\/strong><\/p>\n<p>Se habilitar\u00e1n <strong>itinerarios seguros<\/strong> que se sumar\u00e1n a los que tiene establecidos el cuerpo de polic\u00eda en diferentes zonas de ocio nocturno hasta las paradas de transporte p\u00fablico m\u00e1s pr\u00f3ximas. Por las noches habr\u00e1 puntos lila de BCNantimasclista en las siguientes ubicaciones: <\/p>\n<ul>\n<li><strong>Avenida de la Reina Maria Cristina.<\/strong> Viernes 26 y s\u00e1bado 27, desde las 19.00 horas hasta que se acaben los conciertos.<\/li>\n<li><strong>Playa del Bogatell.<\/strong> Viernes 26 y s\u00e1bado 27, desde las 19.00 horas hasta que se acaben los conciertos.<\/li>\n<li><strong>Correfoc<\/strong>. En la calle de Proven\u00e7a, entre el paseo de Gr\u00e0cia y la rambla de Catalunya, el s\u00e1bado 27, de las 19.00 horas hasta medianoche.<\/li>\n<li><strong>Estaci\u00f3n de metro Marina (L1)<\/strong>. Viernes, domingo y lunes, de 22.00 a 2.00 horas, y s\u00e1bado, de 23.30 a 3.30 horas.<\/li>\n<\/ul>\n<p><strong>Refuerzo de la limpieza con m\u00e1s personal y veh\u00edculos<\/strong><\/p>\n<p>El dispositivo extraordinario de limpieza se <strong>incrementar\u00e1 hasta los 1.271 operarios y operarias, en 557 equipos, durante la noche y en las zonas con actividades de las Fiestas de La Merc\u00e8<\/strong>. Tambi\u00e9n se distribuir\u00e1n 1.365 papeleras de recogida selectiva temporales.<\/p>\n<p><strong>Servicio continuado de metro las noches del martes, el viernes y el s\u00e1bado<\/strong><\/p>\n<p>El metro ofrecer\u00e1 servicio de manera ininterrumpida <strong>las noches del martes 23, viernes 26 y s\u00e1bado 27 de septiembre<\/strong>, con m\u00e1s trenes y personal.<\/p>\n<p><strong>Refuerzos para espect\u00e1culos<\/strong><\/p>\n<p>Para acceder en transporte p\u00fablico al espig\u00f3n del Gas y disfrutar del Festival Internacional Pirot\u00e9cnico (martes 23 y mi\u00e9rcoles 24) y el espect\u00e1culo de drones (viernes 26 de septiembre), se recomienda el metro a Barceloneta (L4), tambi\u00e9n llegan las l\u00edneas de bus de TMB D20, H16, V21, V23, V25, V27, 6, 47 y 59. A los conciertos programados en la playa del Bogatell se puede llegar con las l\u00edneas de bus H16, V23, V25, V27, V29, 6 y 59, y las estaciones de metro m\u00e1s pr\u00f3ximas son las de Llacuna y Poblenou, de la l\u00ednea 4.<\/p>\n<p>Al escenario de conciertos en la avenida de la Reina Maria Cristina se puede llegar en metro (Espanya, L1 y L3) y con las l\u00edneas de autob\u00fas D20, D40, H12, H16, V7, X2, X3, 13, 46, 52, 55, 65, 109 y 150.<\/p>\n<p>Las l\u00edneas de autob\u00fas que pasan por el paseo de Gr\u00e0cia y la ruta entre la calle de Pelai y la plaza de Sant Jaume pueden verse afectadas, respectivamente, por el Correfoc del s\u00e1bado 27 y la Cabalgata del mi\u00e9rcoles 24.<\/p>\n<p>El fin de semana del 27 y 28 de septiembre, en el Parque del F\u00f2rum TMB expondr\u00e1 seis autobuses hist\u00f3ricos.<\/p>\n","protected":false},"excerpt":{"rendered":"La Guardia Urbana, conjuntamente con el cuerpo de Bomberos de Barcelona, los Mossos d\u2019Esquadra, Protecci\u00f3n Civil y la&hellip;\n","protected":false},"author":2,"featured_media":125541,"comment_status":"","ping_status":"","sticky":false,"template":"","format":"standard","meta":{"footnotes":""},"categories":[91],"tags":[146,147,25,24,8408,23],"class_list":{"0":"post-125540","1":"post","2":"type-post","3":"status-publish","4":"format-standard","5":"has-post-thumbnail","7":"category-entretenimiento","8":"tag-entertainment","9":"tag-entretenimiento","10":"tag-es","11":"tag-espana","12":"tag-info-barcelona","13":"tag-spain"},"share_on_mastodon":{"url":"","error":""},"_links":{"self":[{"href":"https:\/\/www.europesays.com\/es\/wp-json\/wp\/v2\/posts\/125540","targetHints":{"allow":["GET"]}}],"collection":[{"href":"https:\/\/www.europesays.com\/es\/wp-json\/wp\/v2\/posts"}],"about":[{"href":"https:\/\/www.europesays.com\/es\/wp-json\/wp\/v2\/types\/post"}],"author":[{"embeddable":true,"href":"https:\/\/www.europesays.com\/es\/wp-json\/wp\/v2\/users\/2"}],"replies":[{"embeddable":true,"href":"https:\/\/www.europesays.com\/es\/wp-json\/wp\/v2\/comments?post=125540"}],"version-history":[{"count":0,"href":"https:\/\/www.europesays.com\/es\/wp-json\/wp\/v2\/posts\/125540\/revisions"}],"wp:featuredmedia":[{"embeddable":true,"href":"https:\/\/www.europesays.com\/es\/wp-json\/wp\/v2\/media\/125541"}],"wp:attachment":[{"href":"https:\/\/www.europesays.com\/es\/wp-json\/wp\/v2\/media?parent=125540"}],"wp:term":[{"taxonomy":"category","embeddable":true,"href":"https:\/\/www.europesays.com\/es\/wp-json\/wp\/v2\/categories?post=125540"},{"taxonomy":"post_tag","embeddable":true,"href":"https:\/\/www.europesays.com\/es\/wp-json\/wp\/v2\/tags?post=125540"}],"curies":[{"name":"wp","href":"https:\/\/api.w.org\/{rel}","templated":true}]}}