{"id":125555,"date":"2025-09-19T16:14:08","date_gmt":"2025-09-19T16:14:08","guid":{"rendered":"https:\/\/www.europesays.com\/es\/125555\/"},"modified":"2025-09-19T16:14:08","modified_gmt":"2025-09-19T16:14:08","slug":"la-polemica-frase-que-comparaba-a-jannik-sinner-con-adolf-hitler-lleva-al-cantante-fedez-a-los-tribunales-por-incitacion-al-odio","status":"publish","type":"post","link":"https:\/\/www.europesays.com\/es\/125555\/","title":{"rendered":"La pol\u00e9mica frase que comparaba a Jannik Sinner con Adolf Hitler lleva al cantante Fedez a los tribunales por \u00abincitaci\u00f3n al odio\u00bb"},"content":{"rendered":"<p class=\"c-paragraph\">El cantante italiano Fedez <b>tendr\u00e1 que explicar ante los tribunales su pol\u00e9mica frase sobre <a href=\"https:\/\/www.20minutos.es\/tags\/deportes\/jannik-sinner.html\" title=\"Jannik Sinner\" rel=\"nofollow noopener\" target=\"_blank\">Jannik Sinner<\/a><\/b>, al que defin\u00eda como \u00abun italiano purasangre con acento de Adolf Hitler\u00bb en lo que apunta a ser la letra de una nueva canci\u00f3n, despu\u00e9s de que Giuseppe Martucci, concejal de la localidad de Bolzano, haya <b>presentado una denuncia en su contra por \u00abincitaci\u00f3n al odio\u00bb<\/b>.<\/p>\n<p class=\"c-paragraph\">\u00abSent\u00ed el deber de actuar en defensa de los valores fundamentales de nuestra Constituci\u00f3n. <b>No podemos permitir que un lenguaje que evoca el racismo y el odio sea normalizado por figuras p\u00fablicas<\/b>\u00ab, ha explicado ante los medios de comunicaci\u00f3n el concejal, que acusa al artista de \u00abpropaganda e incitaci\u00f3n al odio por motivos raciales, \u00e9tnicos, nacionales o religiosos\u00bb en su escrito de denuncia.<\/p>\n<p class=\"c-paragraph\">El rapero, exmarido de la influencer italiana Chiara Ferragni, con 3,4 millones de oyentes mensuales en Spotify, public\u00f3 en redes sociales una serie de <b>l\u00edneas escritas en su bloc de notas personal en las que habla de varios personajes de la actualidad<\/b>.<\/p>\n<p class=\"c-paragraph\">En ellas se refer\u00eda al tenista nacido en San C\u00e1ndido, al que calificaba como\u00a0\u00abun italiano purasangre con acento de Adolf Hitler\u00bb, en referencia a su forma de hablar, ya que su familia, <b>sus padres Hanspeter y Siglinde, hablan alem\u00e1n<\/b>, idioma oficial del Alto-Adigio (S\u00fcdtirol, en alem\u00e1n), junto con el italiano y el ladino.<\/p>\n<p class=\"c-paragraph\">La publicaci\u00f3n de la estrofa sobre el tenista provoc\u00f3 <b>una pol\u00e9mica y un multitudinario debate en redes sociales<\/b>.<\/p>\n","protected":false},"excerpt":{"rendered":"El cantante italiano Fedez tendr\u00e1 que explicar ante los tribunales su pol\u00e9mica frase sobre Jannik Sinner, al que&hellip;\n","protected":false},"author":2,"featured_media":125556,"comment_status":"","ping_status":"","sticky":false,"template":"","format":"standard","meta":{"footnotes":""},"categories":[274],"tags":[168,25,24,27524,544,23,167,327,326],"class_list":{"0":"post-125555","1":"post","2":"type-post","3":"status-publish","4":"format-standard","5":"has-post-thumbnail","7":"category-tenis","8":"tag-deportes","9":"tag-es","10":"tag-espana","11":"tag-fedez","12":"tag-jannik-sinner","13":"tag-spain","14":"tag-sports","15":"tag-tenis","16":"tag-tennis"},"share_on_mastodon":{"url":"","error":""},"_links":{"self":[{"href":"https:\/\/www.europesays.com\/es\/wp-json\/wp\/v2\/posts\/125555","targetHints":{"allow":["GET"]}}],"collection":[{"href":"https:\/\/www.europesays.com\/es\/wp-json\/wp\/v2\/posts"}],"about":[{"href":"https:\/\/www.europesays.com\/es\/wp-json\/wp\/v2\/types\/post"}],"author":[{"embeddable":true,"href":"https:\/\/www.europesays.com\/es\/wp-json\/wp\/v2\/users\/2"}],"replies":[{"embeddable":true,"href":"https:\/\/www.europesays.com\/es\/wp-json\/wp\/v2\/comments?post=125555"}],"version-history":[{"count":0,"href":"https:\/\/www.europesays.com\/es\/wp-json\/wp\/v2\/posts\/125555\/revisions"}],"wp:featuredmedia":[{"embeddable":true,"href":"https:\/\/www.europesays.com\/es\/wp-json\/wp\/v2\/media\/125556"}],"wp:attachment":[{"href":"https:\/\/www.europesays.com\/es\/wp-json\/wp\/v2\/media?parent=125555"}],"wp:term":[{"taxonomy":"category","embeddable":true,"href":"https:\/\/www.europesays.com\/es\/wp-json\/wp\/v2\/categories?post=125555"},{"taxonomy":"post_tag","embeddable":true,"href":"https:\/\/www.europesays.com\/es\/wp-json\/wp\/v2\/tags?post=125555"}],"curies":[{"name":"wp","href":"https:\/\/api.w.org\/{rel}","templated":true}]}}