{"id":125561,"date":"2025-09-19T16:17:12","date_gmt":"2025-09-19T16:17:12","guid":{"rendered":"https:\/\/www.europesays.com\/es\/125561\/"},"modified":"2025-09-19T16:17:12","modified_gmt":"2025-09-19T16:17:12","slug":"doncic-suelta-la-bomba-mi-ultimo-destino-es-el-madrid","status":"publish","type":"post","link":"https:\/\/www.europesays.com\/es\/125561\/","title":{"rendered":"Doncic suelta la bomba: \u00abMi \u00faltimo destino es el Madrid\u00bb"},"content":{"rendered":"<p class=\"ft-text\"><a class=\"ft-link ft-link--decoration\" href=\"https:\/\/www.sport.es\/es\/noticias\/baloncesto\/nba\/doncic-insultaron-idioma-gire-kobe-121662277\" rel=\"nofollow noopener\" target=\"_blank\">Luka Doncic<\/a> siempre ha estado muy vinculado al <strong>Real Madrid<\/strong>. L\u00f3gicamente, durante su etapa en la capital espa\u00f1ola, fue un madridista m\u00e1s y su espectacular rendimiento <strong>durante tres temporadas lo catapult\u00f3 hasta el otro lado del Atl\u00e1ntico<\/strong>, para emprender su verdadera carrera en la NBA. Sin embargo, el esloveno nunca se ha olvidado del lugar donde fue feliz y<strong> le permiti\u00f3 triunfar en Estados Unidos<\/strong>.<\/p>\n<p class=\"ft-text\">Desde que aterrizara en Dallas, de aquello hace ya ocho temporadas, <strong>Luka siempre ha celebrado los \u00e9xitos del Real Madrid<\/strong>, tanto en la secci\u00f3n de f\u00fatbol como de baloncesto. \u00ab<strong>Hala Madrid y nada m\u00e1s!!!!\u00bb<\/strong>, public\u00f3 en sus redes sociales cuando el conjunto dirigido por Carlo Ancelotti<strong> conquist\u00f3 su Champions n\u00famero 15 ante el Borussia Dortmund. <\/strong><\/p>\n<p class=\"ft-text\">Es por eso que, en una entrevista para &#8216;The Wall Street Journal&#8217;, cuando le han preguntado <strong>si se retirar\u00eda en el Madrid<\/strong>, el esloveno lo ha tenido claro. \u00ab<strong>Sin duda, ellos me criaron<\/strong>\u00ab, reconoci\u00f3, y luego a\u00f1adi\u00f3 que \u00ab<strong>para jugar en el Real Madrid tienes que ser muy bueno<\/strong>\u00ab. Nunca se hab\u00eda pronunciado al respecto de esta cuesti\u00f3n, aunque sus acciones indican que este es su camino a seguir.<\/p>\n<p><img decoding=\"async\" src=\"https:\/\/www.europesays.com\/es\/wp-content\/uploads\/2025\/09\/a8ecd4e6-c64f-4814-ab52-a352f15a6505_alta-libre-aspect-ratio_default_0.jpg\" width=\"1200\" height=\"675\" alt=\"Luka Doncic dej\u00f3 el Madrid con 19 a\u00f1os\" class=\"ft-helper-img-rd\" loading=\"lazy\" hasdataaida=\"true\"\/><\/p>\n<p class=\"ft-helper-fontColor-quaternary ft-helper-fontSize-body-S ft-helper-spacer-t-xxs\">Luka Doncic dej\u00f3 el Madrid con 19 a\u00f1os  \/ EFE<\/p>\n<p class=\"ft-text\">A sus 26 a\u00f1os, todav\u00eda queda muy lejos la retirada. Ahora,<strong> tiene la oportunidad de liderar una franquicia hist\u00f3rica en la NBA como la de Los \u00c1ngeles Lakers<\/strong>. Que LeBron est\u00e1 en la recta final de su carrera es una evidencia y ah\u00ed es donde aparece su nombre, que entra en un proyecto a medio y largo plazo. Aun as\u00ed, dej\u00f3 claro que no tiene pensado llegar a los 41 a\u00f1os en activo como su compa\u00f1ero.<\/p>\n<p class=\"ft-text\">Doncic, adem\u00e1s de elogiar siempre que puede al Real Madrid, <strong>tiene una gran relaci\u00f3n con Florentino P\u00e9rez.<\/strong> De hecho, en el a\u00f1o 2023 se jug\u00f3 un partido en Madrid entre los blancos y los <strong>Dallas Mavericks<\/strong>, en un duelo con un gran valor sentimental para el esloveno, <strong>que regresaba a casa<\/strong>. Eso s\u00ed, parece dif\u00edcil que el actual presidente siga en el cargo cuando Luka decida volver.<\/p>\n<p class=\"ft-text\">El esloveno lleg\u00f3 a Madrid <strong>con tan solo 13 a\u00f1os<\/strong>, procedente de Liubliana, y <strong>ascendi\u00f3 r\u00e1pidamente en el juvenil para debutar con el primer equipo en el a\u00f1o 2015.<\/strong> Durante los siguientes tres a\u00f1os, consigui\u00f3 un t\u00edtulo de Euroliga, fue nombrado MVP de la FInal Four y se convirti\u00f3 en el <strong>MVP m\u00e1s joven de la historia <\/strong>de la competici\u00f3n continental en 2018.<\/p>\n<p>Vida en Los \u00c1ngeles<\/p>\n<p class=\"ft-text\">Tras la temprana eliminaci\u00f3n de los Lakers en los playoffs, <strong>Doncic tuvo la inusual oportunidad de tomarse un descanso prologando<\/strong>, lo que le benefici\u00f3 para mejorar su estado f\u00edsico y ganar agilidad en pista. Durante su participaci\u00f3n en el Eurobasket con la selecci\u00f3n de Eslovenia, fue el faro y el m\u00e1ximo anotador de la competici\u00f3n, con una media superior a los 34 puntos por encuentro.<\/p>\n<p class=\"ft-text\">La vida del esloveno pasa por California.\u00a0<strong>De hecho, varios medios estadounidenses han desvelado que el esloveno ha comprado la mansi\u00f3n de Maria Sharapova<\/strong>, extenista rusa, por 25 millones de d\u00f3lares. Situada en la zona de Hill Section, en Manhattan Beach, la mansi\u00f3n cuenta con\u00a0<strong>casi 800 metros cuadrados, adem\u00e1s de disponer una bolera con dos pistas y un cine.<\/strong><\/p>\n","protected":false},"excerpt":{"rendered":"Luka Doncic siempre ha estado muy vinculado al Real Madrid. L\u00f3gicamente, durante su etapa en la capital espa\u00f1ola,&hellip;\n","protected":false},"author":2,"featured_media":125562,"comment_status":"","ping_status":"","sticky":false,"template":"","format":"standard","meta":{"footnotes":""},"categories":[269],"tags":[299,298,168,7426,25,24,205,1725,23,167],"class_list":{"0":"post-125561","1":"post","2":"type-post","3":"status-publish","4":"format-standard","5":"has-post-thumbnail","7":"category-baloncesto","8":"tag-baloncesto","9":"tag-basketball","10":"tag-deportes","11":"tag-doncic","12":"tag-es","13":"tag-espana","14":"tag-madrid","15":"tag-nba","16":"tag-spain","17":"tag-sports"},"share_on_mastodon":{"url":"","error":""},"_links":{"self":[{"href":"https:\/\/www.europesays.com\/es\/wp-json\/wp\/v2\/posts\/125561","targetHints":{"allow":["GET"]}}],"collection":[{"href":"https:\/\/www.europesays.com\/es\/wp-json\/wp\/v2\/posts"}],"about":[{"href":"https:\/\/www.europesays.com\/es\/wp-json\/wp\/v2\/types\/post"}],"author":[{"embeddable":true,"href":"https:\/\/www.europesays.com\/es\/wp-json\/wp\/v2\/users\/2"}],"replies":[{"embeddable":true,"href":"https:\/\/www.europesays.com\/es\/wp-json\/wp\/v2\/comments?post=125561"}],"version-history":[{"count":0,"href":"https:\/\/www.europesays.com\/es\/wp-json\/wp\/v2\/posts\/125561\/revisions"}],"wp:featuredmedia":[{"embeddable":true,"href":"https:\/\/www.europesays.com\/es\/wp-json\/wp\/v2\/media\/125562"}],"wp:attachment":[{"href":"https:\/\/www.europesays.com\/es\/wp-json\/wp\/v2\/media?parent=125561"}],"wp:term":[{"taxonomy":"category","embeddable":true,"href":"https:\/\/www.europesays.com\/es\/wp-json\/wp\/v2\/categories?post=125561"},{"taxonomy":"post_tag","embeddable":true,"href":"https:\/\/www.europesays.com\/es\/wp-json\/wp\/v2\/tags?post=125561"}],"curies":[{"name":"wp","href":"https:\/\/api.w.org\/{rel}","templated":true}]}}