{"id":125589,"date":"2025-09-19T16:32:20","date_gmt":"2025-09-19T16:32:20","guid":{"rendered":"https:\/\/www.europesays.com\/es\/125589\/"},"modified":"2025-09-19T16:32:20","modified_gmt":"2025-09-19T16:32:20","slug":"ayuso-carga-contra-la-cancelacion-y-las-consignas-en-la-apertura-del-curso-universitario-politica","status":"publish","type":"post","link":"https:\/\/www.europesays.com\/es\/125589\/","title":{"rendered":"Ayuso carga contra la \u00abcancelaci\u00f3n\u00bb y las \u00abconsignas\u00bb en la apertura del curso universitario | Pol\u00edtica"},"content":{"rendered":"<p class=\"loc\">Alcal\u00e1 de Henares<\/p>\n<p>La presidenta madrile\u00f1a, Isabel D\u00edaz Ayuso, ha llegado este viernes a Alcal\u00e1 de Henares entre aplausos, de algunos vecinos que se han acercado a saludarla, y abucheos, de los manifestantes concentrados para reclamar m\u00e1s financiaci\u00f3n para la universidad p\u00fablica.<\/p>\n<p>M\u00e1s informaci\u00f3n<\/p>\n<p>A la manifestaci\u00f3n han asistido unas 200 personas, que han aprovechado para lanzar consignas contra Ayuso e Israel, y apoyar al pueblo de Palestina y sus ciudadanos.<\/p>\n<p>Han coreado c\u00e1nticos como \u00abQue viva la lucha del pueblo palestino\u00bb, \u00abVosotros, sionistas, sois los terroristas\u00bb o \u00abIsrael asesina, Ayuso patrocina\u00bb.<\/p>\n<p>Tambi\u00e9n han lanzado proclamas como \u00abAyuso escucha, la uni est\u00e1 en la lucha\u00bb, \u00abAyuso cobarde, la uni est\u00e1 que arde\u00bb, \u00abSi esto no se arregla, guerra, guerra, guerra\u00bb, \u00abSi esto no se apa\u00f1a, ca\u00f1a, ca\u00f1a, ca\u00f1a\u00bb, \u00abObreros y estudiantes, unidos y adelante\u00bb o \u00abFuera empresas de la universidad\u00bb.<\/p>\n<p>Frente a ellos, varias decenas de personas lanzaron gritos de apoyo a la presidenta de la Comunidad de Madrid y contra el presidente del Gobierno, Pedro S\u00e1nchez, pidiendo su dimisi\u00f3n.<\/p>\n<p>Durante casi todo su discurso de apertura del curso universitario, D\u00edaz Ayuso ha mantenido el perfil institucional de su cargo, si bien ha dejado para el final unas l\u00edneas de cr\u00edtica hacia las movilizaciones pol\u00edticas y sociales en los centros educativos.<\/p>\n<p>\u00abNo vamos a aceptar la cancelaci\u00f3n\u00bb, ha asegurado la presidenta madrile\u00f1a. \u00abNi que se instrumentalicen los centros educativos para hacer la guerra ideol\u00f3gica. La educaci\u00f3n no es compatible con las consignas, la manipulaci\u00f3n, la colectivizaci\u00f3n, ni mucho menos para las coacciones de ning\u00fan tipo\u00bb.<\/p>\n<p>Y para ello, ha pedido ayuda a todos: \u00abNos compete a las autoridades pol\u00edticas y acad\u00e9micas garantizar el ejercicio efectivo de los derechos fundamentales de todos. Esta es nuestra obligaci\u00f3n\u00bb.<\/p>\n<p>Derecho a manifestarse<\/p>\n<p>Ayuso se hab\u00eda quejado previamente de la protesta convocada este viernes en la ciudad complutense coincidiendo con el acto de apertura del curso universitario, mientras que el Gobierno le ha recordado que la manifestaci\u00f3n es un derecho constitucional que \u00abno requiere de autorizaci\u00f3n previa\u00bb.<\/p>\n<p>D\u00edaz Ayuso preside este viernes el acto de apertura del curso en el Rectorado de la Universidad de Alcal\u00e1, a cuyas puertas se han concentrado los sindicatos CCOO y UGT para reclamar \u00abuna financiaci\u00f3n justa y adecuada para la universidad p\u00fablica madrile\u00f1a\u00bb.<\/p>\n<p>Este jueves, tras conocer que se hab\u00eda autorizado la manifestaci\u00f3n, D\u00edaz Ayuso declar\u00f3 que \u00abla pol\u00edtica no puede entrar en las aulas\u00bb y que \u00abla universidad, la ciencia y la cultura tienen que quedarse al margen de la pol\u00edtica, por lo menos de la doctrina ideol\u00f3gica\u00bb.<\/p>\n<p>\u00abEsto nos lleva a los peores episodios del siglo pasado\u00bb, dijo a los medios D\u00edaz Ayuso en Sevilla, donde recibi\u00f3 el Gran Premio de Honor Escaparate 2025.<\/p>\n<p>El delegado del Gobierno en Madrid, Francisco Mart\u00edn, respondi\u00f3 a la presidenta a trav\u00e9s de la red social X, donde apunt\u00f3 que \u00abigual alguien en el Gobierno de la Comunidad de Madrid deber\u00eda saber que en Espa\u00f1a el ejercicio del derecho de manifestaci\u00f3n no requiere de autorizaci\u00f3n previa\u00bb.<\/p>\n<p>\u00abDeje de manosear tan fr\u00edvolamente la violencia. Deje de enga\u00f1ar a la ciudadan\u00eda madrile\u00f1a\u00bb, zanj\u00f3 el delegado.<\/p>\n","protected":false},"excerpt":{"rendered":"Alcal\u00e1 de Henares La presidenta madrile\u00f1a, Isabel D\u00edaz Ayuso, ha llegado este viernes a Alcal\u00e1 de Henares entre&hellip;\n","protected":false},"author":2,"featured_media":125590,"comment_status":"","ping_status":"","sticky":false,"template":"","format":"standard","meta":{"footnotes":""},"categories":[5],"tags":[17,18,25,24,13,14,11,19,20,9,10,15,16,23,12,21,22],"class_list":{"0":"post-125589","1":"post","2":"type-post","3":"status-publish","4":"format-standard","5":"has-post-thumbnail","7":"category-titulares","8":"tag-breaking-news","9":"tag-breakingnews","10":"tag-es","11":"tag-espana","12":"tag-featured-news","13":"tag-featurednews","14":"tag-headlines","15":"tag-latest-news","16":"tag-latestnews","17":"tag-news","18":"tag-noticias","19":"tag-noticias-destacadas","20":"tag-noticiasdestacadas","21":"tag-spain","22":"tag-titulares","23":"tag-ultimas-noticias","24":"tag-ultimasnoticias"},"share_on_mastodon":{"url":"","error":""},"_links":{"self":[{"href":"https:\/\/www.europesays.com\/es\/wp-json\/wp\/v2\/posts\/125589","targetHints":{"allow":["GET"]}}],"collection":[{"href":"https:\/\/www.europesays.com\/es\/wp-json\/wp\/v2\/posts"}],"about":[{"href":"https:\/\/www.europesays.com\/es\/wp-json\/wp\/v2\/types\/post"}],"author":[{"embeddable":true,"href":"https:\/\/www.europesays.com\/es\/wp-json\/wp\/v2\/users\/2"}],"replies":[{"embeddable":true,"href":"https:\/\/www.europesays.com\/es\/wp-json\/wp\/v2\/comments?post=125589"}],"version-history":[{"count":0,"href":"https:\/\/www.europesays.com\/es\/wp-json\/wp\/v2\/posts\/125589\/revisions"}],"wp:featuredmedia":[{"embeddable":true,"href":"https:\/\/www.europesays.com\/es\/wp-json\/wp\/v2\/media\/125590"}],"wp:attachment":[{"href":"https:\/\/www.europesays.com\/es\/wp-json\/wp\/v2\/media?parent=125589"}],"wp:term":[{"taxonomy":"category","embeddable":true,"href":"https:\/\/www.europesays.com\/es\/wp-json\/wp\/v2\/categories?post=125589"},{"taxonomy":"post_tag","embeddable":true,"href":"https:\/\/www.europesays.com\/es\/wp-json\/wp\/v2\/tags?post=125589"}],"curies":[{"name":"wp","href":"https:\/\/api.w.org\/{rel}","templated":true}]}}