{"id":125591,"date":"2025-09-19T16:33:08","date_gmt":"2025-09-19T16:33:08","guid":{"rendered":"https:\/\/www.europesays.com\/es\/125591\/"},"modified":"2025-09-19T16:33:08","modified_gmt":"2025-09-19T16:33:08","slug":"alcobendas-siguiente-destino-de-anaitasuna","status":"publish","type":"post","link":"https:\/\/www.europesays.com\/es\/125591\/","title":{"rendered":"Alcobendas, siguiente destino de Anaitasuna"},"content":{"rendered":"<p>\n        <a href=\"https:\/\/www.noticiasdenavarra.com\/tags\/anaitasuna\/\" title=\"Anaitasuna\" target=\"_blank\" class=\"link copy\" rel=\"nofollow noopener\">Anaitasuna <\/a>disputa este viernes en el <strong>Pabell\u00f3n de los Sue\u00f1os de Alcobendas<\/strong> el primero de sus dos partidos consecutivos fuera de casa. Visita al conjunto madrile\u00f1o a partir de las <strong>20.00 horas<\/strong>, con la intenci\u00f3n de continuar por el buen camino y meterse en el bolsillo <strong>una nueva victoria<\/strong> en este arranque liguero en la Divisi\u00f3n de Honor Plata.\n<\/p>\n<p class=\"article-body__text \">\n        El triunfo en el primer duelo ante el <a href=\"https:\/\/www.noticiasdenavarra.com\/balonmano\/2025\/09\/14\/anaitasuna-estrena-victoria-deja-buenas-10082864.html\" title=\"Contazara Zaragoza (32-28)\" target=\"_blank\" class=\"link copy\" rel=\"nofollow noopener\">Contazara Zaragoza (32-28)<\/a> supuso no s\u00f3lo inaugurar el <strong>casillero de puntos<\/strong>, sino que tambi\u00e9n puso sobre la mesa la propuesta de <strong>un equipo muy joven <\/strong>y con<strong> infinidad de cambios<\/strong>, pero muy <strong>ambicioso <\/strong>y con ganas de construir algo bonito esta temporada.\u00a0\n<\/p>\n<p class=\"article-body__text \">\n        En esa l\u00ednea pretende seguir Anaitasuna en el partido de este s\u00e1bado, en una pista que <strong>no le trae muy buenos recuerdos.<\/strong> En octubre del pasado a\u00f1o fue eliminado all\u00ed en la primera ronda de la <strong>Copa del Rey<\/strong>, tras caer por 29-23 en una mala segunda parte. Un encuentro que, sin embargo, <strong>no sirve de referencia<\/strong> para absolutamente nada, ya que las circunstancias eran muy diferentes.\n<\/p>\n<p class=\"article-body__text \">\n        El duelo ante el Alcobendas \u2013equipo del que procede el <strong>lateral izquierdo Iker Aguilera<\/strong>, fichado este curso y ahora lesionado\u2013 llega tras una semana en la que se ha conocido que <strong>Nico Ay\u00facar <\/strong>deber\u00e1 pasar<strong> por el quir\u00f3fano<\/strong> por una lesi\u00f3n en su hombro izquierdo. Un nuevo contratiempo para el conjunto de <strong>Nacho Moyano<\/strong>, que est\u00e1 siendo golpeado por <strong>las lesiones<\/strong> en este comienzo de competici\u00f3n. El t\u00e9cnico madrile\u00f1o confirm\u00f3 que la de Ay\u00facar y la de<strong> Marco Moreno<\/strong> son de larga duraci\u00f3n y conf\u00eda, en el mejor de los casos, que puedan estar disponibles para<strong> la segunda vuelta<\/strong>. Ultiman su recuperaci\u00f3n el lateral derecho<strong> Jos\u00e9 Palacios<\/strong> y el propio<strong> Iker Aguilera.<\/strong>\n<\/p>\n<p class=\"article-body__text \">\n        El <strong>conjunto madrile\u00f1o<\/strong>, por su parte, intentar\u00e1 hacer valer el factor cancha para sumar los <strong>dos primeros puntos de la temporada<\/strong>, ya que en el estreno liguero perdi\u00f3 con contundencia en la pista del <strong>Agustinos Alicante<\/strong> (30-21), pr\u00f3ximo<strong> rival de Anaitasuna<\/strong> en la jornada 3. \u201cEs un equipo con un balonmano muy r\u00e1pido, agradable de ver, con much\u00edsima continuidad, bastante contundente en defensa y con buena porter\u00eda\u201d, valora Nacho Moyano respecto a su oponente, que tambi\u00e9n se encuentra en un proceso de reconstrucci\u00f3n.\n<\/p>\n<p>  Adri\u00e1n Glar\u00eda, con los &#8216;Hispanos&#8217; juveniles<\/p>\n<p class=\"article-body__text \">\n        <strong>Ra\u00fal Entrerr\u00edos<\/strong>, nuevo seleccionador de los <strong>Hispanos <\/strong><strong>juveniles<\/strong>, ha convocado al extremo derecho de Anaitasuna<strong> Adri\u00e1n Glaria<\/strong> \u2013que la semana pasada debut\u00f3 con el primer equipo\u2013 para su pr\u00f3xima actividad, que incluye <strong>dos amistosos en Egipto<\/strong> el 24 y el 25 de septiembre.\n<\/p>\n<p class=\"article-body__text \">\n        Glar\u00eda se convirti\u00f3 la semana pasada en el<strong> segundo debutante m\u00e1s joven<\/strong> de la historia de Anaitasuna en disputar un <strong>partido oficial<\/strong> con el primer equipo a sus <strong>17 a\u00f1os, 8 meses y 12 d\u00edas<\/strong>. Por detr\u00e1s de<strong> Antonio Baz\u00e1n<\/strong> (17 a\u00f1os, 4 meses y 24 d\u00edas) y por delante de<strong> Ferm\u00edn Iturri<\/strong> (17 a\u00f1os, 9 meses y 17 d\u00edas).<\/p>\n","protected":false},"excerpt":{"rendered":"Anaitasuna disputa este viernes en el Pabell\u00f3n de los Sue\u00f1os de Alcobendas el primero de sus dos partidos&hellip;\n","protected":false},"author":2,"featured_media":125592,"comment_status":"","ping_status":"","sticky":false,"template":"","format":"standard","meta":{"footnotes":""},"categories":[278],"tags":[1938,2617,376,168,4578,25,24,375,349,23,167],"class_list":{"0":"post-125591","1":"post","2":"type-post","3":"status-publish","4":"format-standard","5":"has-post-thumbnail","7":"category-balonmano","8":"tag-alcobendas","9":"tag-anaitasuna","10":"tag-balonmano","11":"tag-deportes","12":"tag-destino","13":"tag-es","14":"tag-espana","15":"tag-handball","16":"tag-siguiente","17":"tag-spain","18":"tag-sports"},"share_on_mastodon":{"url":"","error":""},"_links":{"self":[{"href":"https:\/\/www.europesays.com\/es\/wp-json\/wp\/v2\/posts\/125591","targetHints":{"allow":["GET"]}}],"collection":[{"href":"https:\/\/www.europesays.com\/es\/wp-json\/wp\/v2\/posts"}],"about":[{"href":"https:\/\/www.europesays.com\/es\/wp-json\/wp\/v2\/types\/post"}],"author":[{"embeddable":true,"href":"https:\/\/www.europesays.com\/es\/wp-json\/wp\/v2\/users\/2"}],"replies":[{"embeddable":true,"href":"https:\/\/www.europesays.com\/es\/wp-json\/wp\/v2\/comments?post=125591"}],"version-history":[{"count":0,"href":"https:\/\/www.europesays.com\/es\/wp-json\/wp\/v2\/posts\/125591\/revisions"}],"wp:featuredmedia":[{"embeddable":true,"href":"https:\/\/www.europesays.com\/es\/wp-json\/wp\/v2\/media\/125592"}],"wp:attachment":[{"href":"https:\/\/www.europesays.com\/es\/wp-json\/wp\/v2\/media?parent=125591"}],"wp:term":[{"taxonomy":"category","embeddable":true,"href":"https:\/\/www.europesays.com\/es\/wp-json\/wp\/v2\/categories?post=125591"},{"taxonomy":"post_tag","embeddable":true,"href":"https:\/\/www.europesays.com\/es\/wp-json\/wp\/v2\/tags?post=125591"}],"curies":[{"name":"wp","href":"https:\/\/api.w.org\/{rel}","templated":true}]}}