{"id":125593,"date":"2025-09-19T16:34:09","date_gmt":"2025-09-19T16:34:09","guid":{"rendered":"https:\/\/www.europesays.com\/es\/125593\/"},"modified":"2025-09-19T16:34:09","modified_gmt":"2025-09-19T16:34:09","slug":"guillermo-hermoso-de-mendoza-david-de-miranda-y-jorge-isiegas-copan-el-cartel-taurino-de-calanda","status":"publish","type":"post","link":"https:\/\/www.europesays.com\/es\/125593\/","title":{"rendered":"Guillermo Hermoso de Mendoza, David de Miranda y Jorge Isiegas copan el cartel taurino de Calanda"},"content":{"rendered":"<p>Calanda ya calienta motores para sus fiestas del Pilar y lo hizo este jueves con la presentaci\u00f3n del cartel taurino, que tendr\u00e1 lugar el pr\u00f3ximo 12 de octubre. <strong>Guillermo Hermosa de Mendoza, David De Miranda y Jorge Isiegas <\/strong>copar\u00e1n el cartel de la corrida de toros mixta del domingo a partir de las 17.00. Tambi\u00e9n el<strong> s\u00e1bado a partir de la misma hora est\u00e1 previsto el espect\u00e1culo Ecuestre Flamenco<\/strong> en el que se podr\u00e1 disfrutar del arte de Andaluc\u00eda a caballo de Carmelo Cuevas, campe\u00f3n del Sal\u00f3n Internacional del Caballo de Sevilla.<\/p>\n<p> Ser\u00e1 Guillermo Hermoso de Mendoza el encargado del rejoneo, que tambi\u00e9n contar\u00e1 con los matadores David de Miranda y Jorge Isiegas. Miranda sali\u00f3 recientemente por la puerta grande en M\u00e1laga e Isiegas cort\u00f3 tres orejas en la corrida de Alca\u00f1iz. \u00abMiranda es un torero de primera l\u00ednea nacional e Isiegas es un torero cl\u00e1sico que est\u00e1 creciendo mucho.<strong> Nos llena de orgullo tener un cartel de estas caracter\u00edsticas\u00bb, <\/strong>valor\u00f3 Alberto Herrero, primer edil de Calanda. <\/p>\n<p>Se present\u00f3 en el local de la pe\u00f1a Taurina de Calanda y desde el Ayuntamien<strong>to remarcaron la importancia de que los adjudicatarios sean la empresa del municipio \u2018Hermanos Colomer\u2019.<\/strong> \u00abHay que llenar la plaza. Calanda tiene dos empresas del mundo del toreo, que es muy complicado. Se van consolidando y desarrollando multitud de festejos\u00bb, asegur\u00f3 Herrero. <\/p>\n<p>La <strong>venta de entradas anticipadas online ya est\u00e1 disponible <\/strong>a trav\u00e9s de www.eventum365.com y tambi\u00e9n se pueden conseguir llamando al 633 452 480. Asimismo, los mismos d\u00edas en la plaza tambi\u00e9n se podr\u00e1n conseguir. <\/p>\n","protected":false},"excerpt":{"rendered":"Calanda ya calienta motores para sus fiestas del Pilar y lo hizo este jueves con la presentaci\u00f3n del&hellip;\n","protected":false},"author":2,"featured_media":125594,"comment_status":"","ping_status":"","sticky":false,"template":"","format":"standard","meta":{"footnotes":""},"categories":[277],"tags":[373,168,25,24,23,167,374],"class_list":{"0":"post-125593","1":"post","2":"type-post","3":"status-publish","4":"format-standard","5":"has-post-thumbnail","7":"category-toreo","8":"tag-bullfighting","9":"tag-deportes","10":"tag-es","11":"tag-espana","12":"tag-spain","13":"tag-sports","14":"tag-toreo"},"share_on_mastodon":{"url":"","error":""},"_links":{"self":[{"href":"https:\/\/www.europesays.com\/es\/wp-json\/wp\/v2\/posts\/125593","targetHints":{"allow":["GET"]}}],"collection":[{"href":"https:\/\/www.europesays.com\/es\/wp-json\/wp\/v2\/posts"}],"about":[{"href":"https:\/\/www.europesays.com\/es\/wp-json\/wp\/v2\/types\/post"}],"author":[{"embeddable":true,"href":"https:\/\/www.europesays.com\/es\/wp-json\/wp\/v2\/users\/2"}],"replies":[{"embeddable":true,"href":"https:\/\/www.europesays.com\/es\/wp-json\/wp\/v2\/comments?post=125593"}],"version-history":[{"count":0,"href":"https:\/\/www.europesays.com\/es\/wp-json\/wp\/v2\/posts\/125593\/revisions"}],"wp:featuredmedia":[{"embeddable":true,"href":"https:\/\/www.europesays.com\/es\/wp-json\/wp\/v2\/media\/125594"}],"wp:attachment":[{"href":"https:\/\/www.europesays.com\/es\/wp-json\/wp\/v2\/media?parent=125593"}],"wp:term":[{"taxonomy":"category","embeddable":true,"href":"https:\/\/www.europesays.com\/es\/wp-json\/wp\/v2\/categories?post=125593"},{"taxonomy":"post_tag","embeddable":true,"href":"https:\/\/www.europesays.com\/es\/wp-json\/wp\/v2\/tags?post=125593"}],"curies":[{"name":"wp","href":"https:\/\/api.w.org\/{rel}","templated":true}]}}