{"id":12560,"date":"2025-07-29T21:40:16","date_gmt":"2025-07-29T21:40:16","guid":{"rendered":"https:\/\/www.europesays.com\/es\/12560\/"},"modified":"2025-07-29T21:40:16","modified_gmt":"2025-07-29T21:40:16","slug":"estar-en-europa-es-un-plus","status":"publish","type":"post","link":"https:\/\/www.europesays.com\/es\/12560\/","title":{"rendered":"\u00abEstar en Europa es un plus\u00bb"},"content":{"rendered":"<p>                                    <img decoding=\"async\" loading=\"lazy\" src=\"https:\/\/www.europesays.com\/es\/wp-content\/uploads\/2025\/07\/65f85879beb73.jpeg\" alt=\"Pablo Rioja\" width=\"40\" height=\"40\" data-full-src=\"https:\/\/www.europesays.com\/es\/wp-content\/uploads\/2025\/07\/65f85879beb73.jpeg\"\/><\/p>\n<p class=\"paragraph\">El Abanca Ademar ya est\u00e1 en marcha en una temporada que se presume \u00abmuy emocionante, sobre todo por el hecho de estar en Europa\u00bb que \u00absiempre es un plus a pesar de que los viajes son complicados, pero veo a la plantilla m\u00e1s hecha, mantenemos el mismo bloque y espero que el rendimiento mejore. Creo que est\u00e1n preparados, ojal\u00e1 no haya lesiones ni contratiempos\u00bb, se\u00f1ala el presidente, Cayetano Franco. Para el m\u00e1ximo mandatario el equipo leon\u00e9s \u00absiempre que sale a la pista sale a ganar\u00bb. Por eso, el objetivo principal de la 25-26 ser\u00e1 \u00abpelear por quedar lo m\u00e1s alto posible y entrar en competici\u00f3n europea de forma directa. La plantilla es joven y tiene ganas, espero que el rendimiento sea alto\u00bb, insiste.<\/p>\n<p class=\"paragraph\">Franco remarca que con los refuerzos de Aitor Albizu, Gonzalo P\u00e9rez y el regreso de Samu Saiz \u00abel equipo est\u00e1 cerrado\u00bb. \u00abLos tres dar\u00e1n un gran rendimiento. En cuanto a la campa\u00f1a de abonados, Franco confirma que \u00abla respuesta de los socios est\u00e1 siendo buena. Hay un 50% m\u00e1s de renovaciones a estas alturas que el curso pasado, ayuda haber eliminado el bono extra y la nueva pe\u00f1a, que va a tener cerca de cuarenta componentes. A ver su por una vez damos una imagen de afici\u00f3n animosa cuando el equipo lo necesita, no solo cuando va ganando\u00bb, desea.<\/p>\n<p class=\"paragraph\">Por su parte, el entrenador ademarista, Dani Gordo, recuerda que siguen siendo uno de los equipos m\u00e1s j\u00f3venes de toda la Asobal, pero que eso no supone una excusa. \u00abEste a\u00f1o ser\u00e1 todo algo m\u00e1s fluido porque hay pocos cambios en el equipo, Gonzalo ya conoce bien la casa y el modelo de juego, Samuel se va integrar r\u00e1pido, es de casa, y a Albizu lo iremos incorporando poco a poco, aunque creemos que por sus caracter\u00edsticas se va a adaptar muy bien a la filosof\u00eda del club\u00bb, dice.<\/p>\n<p class=\"paragraph\">Las primeras semanas de pretemporada estar\u00e1n marcadas por un doble trabajo, por las ma\u00f1anas centradas en la parte f\u00edsica, con test m\u00e9dicos y de rendimiento individualizado, y por las tardes con trabajo t\u00e9cnico-t\u00e1ctico en pista, \u00aben un periodo clave para asentar las bases del modelo de juego\u00bb, asegur\u00f3 el entrenador ademarista. M\u00e1s all\u00e1 de lo deportivo, la pretemporada tambi\u00e9n tiene un fuerte componente social ya que el club ha decidido disputar varios partidos en distintos puntos de la provincia de Le\u00f3n con el objetivo de acercar el equipo a los aficionados y reforzar el v\u00ednculo con todo el territorio.<\/p>\n<p>El Abanca Ademar presentar\u00e1 sus nuevas equipaciones el pr\u00f3ximo 5 de agosto en El Corte Ingl\u00e9s<\/p>\n","protected":false},"excerpt":{"rendered":"El Abanca Ademar ya est\u00e1 en marcha en una temporada que se presume \u00abmuy emocionante, sobre todo por&hellip;\n","protected":false},"author":2,"featured_media":12561,"comment_status":"","ping_status":"","sticky":false,"template":"","format":"standard","meta":{"footnotes":""},"categories":[278],"tags":[5871,376,168,25,24,375,4108,8252,1675,23,167],"class_list":{"0":"post-12560","1":"post","2":"type-post","3":"status-publish","4":"format-standard","5":"has-post-thumbnail","7":"category-balonmano","8":"tag-ademar","9":"tag-balonmano","10":"tag-deportes","11":"tag-es","12":"tag-espana","13":"tag-handball","14":"tag-leon","15":"tag-lesion","16":"tag-liga-asobal","17":"tag-spain","18":"tag-sports"},"share_on_mastodon":{"url":"","error":""},"_links":{"self":[{"href":"https:\/\/www.europesays.com\/es\/wp-json\/wp\/v2\/posts\/12560","targetHints":{"allow":["GET"]}}],"collection":[{"href":"https:\/\/www.europesays.com\/es\/wp-json\/wp\/v2\/posts"}],"about":[{"href":"https:\/\/www.europesays.com\/es\/wp-json\/wp\/v2\/types\/post"}],"author":[{"embeddable":true,"href":"https:\/\/www.europesays.com\/es\/wp-json\/wp\/v2\/users\/2"}],"replies":[{"embeddable":true,"href":"https:\/\/www.europesays.com\/es\/wp-json\/wp\/v2\/comments?post=12560"}],"version-history":[{"count":0,"href":"https:\/\/www.europesays.com\/es\/wp-json\/wp\/v2\/posts\/12560\/revisions"}],"wp:featuredmedia":[{"embeddable":true,"href":"https:\/\/www.europesays.com\/es\/wp-json\/wp\/v2\/media\/12561"}],"wp:attachment":[{"href":"https:\/\/www.europesays.com\/es\/wp-json\/wp\/v2\/media?parent=12560"}],"wp:term":[{"taxonomy":"category","embeddable":true,"href":"https:\/\/www.europesays.com\/es\/wp-json\/wp\/v2\/categories?post=12560"},{"taxonomy":"post_tag","embeddable":true,"href":"https:\/\/www.europesays.com\/es\/wp-json\/wp\/v2\/tags?post=12560"}],"curies":[{"name":"wp","href":"https:\/\/api.w.org\/{rel}","templated":true}]}}