{"id":125606,"date":"2025-09-19T16:42:08","date_gmt":"2025-09-19T16:42:08","guid":{"rendered":"https:\/\/www.europesays.com\/es\/125606\/"},"modified":"2025-09-19T16:42:08","modified_gmt":"2025-09-19T16:42:08","slug":"el-internado-fue-una-experiencia-que-me-arraso-me-hizo-pasar-a-la-vida-adulta","status":"publish","type":"post","link":"https:\/\/www.europesays.com\/es\/125606\/","title":{"rendered":"&#8216;El Internado&#8217; fue una experiencia que me arras\u00f3, me hizo pasar a la vida adulta"},"content":{"rendered":"<p data-gtm-element-container=\"modulo-texto-link\" class=\"paragraph\"><strong>Blanco Su\u00e1rez <\/strong>es una fe las actrices m\u00e1s brillantes del panorama espa\u00f1ol. Su debut televisivo fue cuando interpreto a Julia Medina en la m\u00edtica serie de &#8216;<strong>El Internado&#8217;<\/strong>, que estuvo en emisi\u00f3n en Antena 3 desde el 2007 hasta el 2010. Un a\u00f1o m\u00e1s tarde fich\u00f3 para la misma cadena para protagonizar la serie &#8216;<strong>El Barco&#8217;<\/strong>.<\/p>\n<p data-gtm-element-container=\"modulo-texto-link\" class=\"paragraph\">Adem\u00e1s, ha sido nominada como mejor actriz revelaci\u00f3n en los <strong>Premios Goya<\/strong> con la pel\u00edcula &#8216;<strong>La piel que habito<\/strong>&#8216; en 20211. Blanca ha trabajado bajo las \u00f3rdenes de <strong>Jos\u00e9 Luis Cerda, Pedro Almod\u00f3var, Imanol Uribe y \u00c1lex de la Iglesia<\/strong>, entre otros.<\/p>\n<p>                <img loading=\"lazy\" decoding=\"async\" data-full-src=\"https:\/\/www.mundodeportivo.com\/uploads\/2025\/09\/19\/68cd58239b6b1.png\" alt=\"Blanca Su\u00e1rez y Mara Torres, en 'El Faro'\" width=\"449\" height=\"247\" src=\"https:\/\/www.europesays.com\/es\/wp-content\/uploads\/2025\/09\/68cd58239b6b1.png\" class=\"lazy\"\/><\/p>\n<p class=\"caption-title \">Blanca Su\u00e1rez y Mara Torres, en &#8216;El Faro&#8217;<\/p>\n<p>                    Cadena SER<\/p>\n<p data-gtm-element-container=\"modulo-texto-link\" class=\"paragraph\">El pasado jueves visit\u00f3 el programa de &#8216;<strong>El Faro<\/strong>&#8216; de la Cadena SER, presentado por <strong>Mara Torres<\/strong>, para hablar de su dilatada trayectoria profesional. Blanca se sinceraba sobre su interpretaci\u00f3n en &#8216;El Internado&#8217;: \u00abFue el comienzo de much\u00edsimas cosas.<strong> Yo siento que en mi vida siempre haya much\u00edsimos comienzos. <\/strong>Creo que cada proyecto es el comienzo de algo y te trae cosas\u00bb.<\/p>\n<p>                <img loading=\"lazy\" decoding=\"async\" data-full-src=\"https:\/\/www.mundodeportivo.com\/uploads\/2025\/09\/19\/68cd581b0956f.png\" alt=\"Mara Torres, en 'El Faro'\" width=\"449\" height=\"247\" src=\"https:\/\/www.europesays.com\/es\/wp-content\/uploads\/2025\/09\/68cd581b0956f.png\" class=\"lazy\"\/><\/p>\n<p class=\"caption-title \">Mara Torres, en &#8216;El Faro&#8217;<\/p>\n<p>                    Cadena SER<\/p>\n<p data-gtm-element-container=\"modulo-texto-link\" class=\"paragraph\">\u00ab<strong>Para m\u00ed &#8216;El Internado&#8217; fue algo\u00a0decisivo e important\u00edsimo.\u00a0<\/strong>Fue el segundo proyecto profesional que hice en mi vida. Hice a los 17 una pel\u00edcula que se llama &#8216;Escalofr\u00edo&#8217; y despu\u00e9s empec\u00e9 la universidad, hice mi primer a\u00f1o tal cual y surgi\u00f3 entrar en la segunda temporada, o sea, que <strong>&#8216;El Internado&#8217; era una serie famosa que ve\u00edamos y que yo, adem\u00e1s, hab\u00eda visto en la televisi\u00f3n conscientemente\u00bb<\/strong>, se sinceraba Su\u00e1rez en &#8216;El Faro&#8217;.<\/p>\n<p>                <img loading=\"lazy\" decoding=\"async\" data-full-src=\"https:\/\/www.mundodeportivo.com\/uploads\/2025\/09\/19\/68cd58298af8b.png\" alt=\"Blanca Su\u00e1rez, en 'El Faro'\" width=\"449\" height=\"245\" src=\"https:\/\/www.europesays.com\/es\/wp-content\/uploads\/2025\/09\/68cd58298af8b.png\" class=\"lazy\"\/><\/p>\n<p class=\"caption-title \">Blanca Su\u00e1rez, en &#8216;El Faro&#8217;<\/p>\n<p>                    Cadena SER<\/p>\n<p>    Lee tambi\u00e9n<\/p>\n<p data-gtm-element-container=\"modulo-texto-link\" class=\"paragraph\">Blanca se abr\u00eda en canal: \u00abDe repente, se me present\u00f3 la oportunidad de audicionar para la serie y me cogieron y ya estaba al otro lado de la pantalla en una serie que yo ve\u00eda como espectadora.\u00a0<strong>Ten\u00eda 19 a\u00f1os en ese momento, fue una experiencia que me arras\u00f3 100% en positivo todo. Pas\u00f3 por encima de m\u00ed mostr\u00e1ndome el mundo profesional porque yo realmente pas\u00e9 de estudiar a trabajar en esto<\/strong>.\u00bb.<\/p>\n","protected":false},"excerpt":{"rendered":"Blanco Su\u00e1rez es una fe las actrices m\u00e1s brillantes del panorama espa\u00f1ol. Su debut televisivo fue cuando interpreto&hellip;\n","protected":false},"author":2,"featured_media":125607,"comment_status":"","ping_status":"","sticky":false,"template":"","format":"standard","meta":{"footnotes":""},"categories":[174],"tags":[255,146,147,25,24,256,23],"class_list":{"0":"post-125606","1":"post","2":"type-post","3":"status-publish","4":"format-standard","5":"has-post-thumbnail","7":"category-famosos","8":"tag-celebrities","9":"tag-entertainment","10":"tag-entretenimiento","11":"tag-es","12":"tag-espana","13":"tag-famosos","14":"tag-spain"},"share_on_mastodon":{"url":"","error":""},"_links":{"self":[{"href":"https:\/\/www.europesays.com\/es\/wp-json\/wp\/v2\/posts\/125606","targetHints":{"allow":["GET"]}}],"collection":[{"href":"https:\/\/www.europesays.com\/es\/wp-json\/wp\/v2\/posts"}],"about":[{"href":"https:\/\/www.europesays.com\/es\/wp-json\/wp\/v2\/types\/post"}],"author":[{"embeddable":true,"href":"https:\/\/www.europesays.com\/es\/wp-json\/wp\/v2\/users\/2"}],"replies":[{"embeddable":true,"href":"https:\/\/www.europesays.com\/es\/wp-json\/wp\/v2\/comments?post=125606"}],"version-history":[{"count":0,"href":"https:\/\/www.europesays.com\/es\/wp-json\/wp\/v2\/posts\/125606\/revisions"}],"wp:featuredmedia":[{"embeddable":true,"href":"https:\/\/www.europesays.com\/es\/wp-json\/wp\/v2\/media\/125607"}],"wp:attachment":[{"href":"https:\/\/www.europesays.com\/es\/wp-json\/wp\/v2\/media?parent=125606"}],"wp:term":[{"taxonomy":"category","embeddable":true,"href":"https:\/\/www.europesays.com\/es\/wp-json\/wp\/v2\/categories?post=125606"},{"taxonomy":"post_tag","embeddable":true,"href":"https:\/\/www.europesays.com\/es\/wp-json\/wp\/v2\/tags?post=125606"}],"curies":[{"name":"wp","href":"https:\/\/api.w.org\/{rel}","templated":true}]}}