{"id":125608,"date":"2025-09-19T16:43:08","date_gmt":"2025-09-19T16:43:08","guid":{"rendered":"https:\/\/www.europesays.com\/es\/125608\/"},"modified":"2025-09-19T16:43:08","modified_gmt":"2025-09-19T16:43:08","slug":"muchas-parejas-que-han-criado-a-sus-hijos-en-una-misma-vivienda-se-encuentran-tras-su-independencia-con-una-casa-que-no-responde-a-sus-necesidades","status":"publish","type":"post","link":"https:\/\/www.europesays.com\/es\/125608\/","title":{"rendered":"\u00bbMuchas parejas que han criado a sus hijos en una misma vivienda se encuentran, tras su independencia, con una casa que no responde a sus necesidades\u00bb"},"content":{"rendered":"<p>Con el paso del tiempo, el hogar evoluciona junto con quienes lo habitan. \u00bb<strong>Muchas parejas que han criado a sus hijos en una misma vivienda se encuentran, tras su independencia, con un nuevo escenario: una casa que ya no responde a sus necesidades actuales<\/strong>. Lejos de ser un problema, esta transici\u00f3n puede ser una oportunidad para <a href=\"https:\/\/www.revistainteriores.es\/estilo-de-vida\/jaime-salva-arquitecto-casa-perfecta-para-pareja-jubilados-no-esta-pensada-para-retiro-sino-para-disfrutar-pequenos-placeres-cotidianos_11589\" rel=\"nofollow noopener\" target=\"_blank\">repensar el espacio y adaptarlo al disfrute<\/a>, el confort y la funcionalidad que merece esta nueva etapa de vida\u00bb, explica el interiorista <strong>Rober Qui\u00f1ones-Her<\/strong>.<\/p>\n<p>Desde su estudio, tuvieron la oportunidad de trabajar en un proyecto que refleja perfectamente este cambio. Se trata de la reforma integral de una vivienda originalmente dise\u00f1ada para <strong>una familia con dos hijos<\/strong>. \u00bbLa casa necesitaba una transformaci\u00f3n completa para convertirse en un refugio c\u00f3modo y eficiente para una pareja que, ahora sin hijos en casa, quer\u00eda un hogar a su medida\u00bb. A continuaci\u00f3n, <strong>el experto nos comparte sus mejores claves y consejos para <a href=\"https:\/\/www.revistainteriores.es\/ideas-casa\/joan-llongueras-coblonal-interiorismo-cuando-hijos-se-van-casa-objetivo-es-evitar-que-haya-habitaciones-que-no-se-utilicen-para-nada_12065\" rel=\"nofollow noopener\" target=\"_blank\">adaptar la vivienda cuando nos hacemos mayores<\/a> y nuestras necesidades cambian<\/strong>.<\/p>\n<p>&#13;<\/p>\n<p>My Player placeholder<\/p>\n<p>\u00a1Haz clic en el v\u00eddeo y deshazte de estas 10 cosas que seguro que guardas en casa!<\/p>\n<p class=\"by\">RBA<\/p>\n<p>10 cosas que guardas en casa y que deberi\u0301as tirar ya mismo<a href=\"https:\/\/www.revistainteriores.es\/estilo-de-vida\/dolores-redondo-escritora-sofa-libreria-leer-escribir-pequeno-paraiso-invernadero_12111\" data-ga4_event=\"custom_event\" data-ga4_event_name=\"click_intext\" data-ga4_link_url=\"https:\/\/www.revistainteriores.es\/estilo-de-vida\/dolores-redondo-escritora-sofa-libreria-leer-escribir-pequeno-paraiso-invernadero_12111\" data-ga4_link_text=\"dolores_redondo_escritora_(56_anos)_tengo_un_bano_con_un_sofa_chester_y_una_libreria_para_leer_o_escribir_pero_mi_pequeno_paraiso_es_el_invernadero\" data-ga4_content_type=\"photo\" data-ga4_element=\"related\" rel=\"nofollow noopener\" target=\"_blank\">&#13;&#13;<img loading=\"lazy\" decoding=\"async\" src=\"https:\/\/www.europesays.com\/es\/wp-content\/uploads\/2025\/09\/dolores-redondo_5a788186_250919142905_600x600.webp.webp\" alt=\"Dolores Redondo\" class=\"lazyload\" width=\"600\" height=\"600\" data-aspectratio=\"600\/600\"\/>&#13;&#13;<\/p>\n<p class=\"epigraph\">                    &#13;Noticia relacionada<\/p>\n<p class=\"title\">Dolores Redondo, escritora (56 a\u00f1os): \u00abTengo un ba\u00f1o con un sof\u00e1 Chester y una librer\u00eda para leer o escribir, pero mi peque\u00f1o para\u00edso es el invernadero\u00bb<\/p>\n<p><\/a>\u00bfQu\u00e9 hacer cuando los hijos se van de casa? 5 consejos1. Redise\u00f1ar la distribuci\u00f3n con nuevos usos en mente<\/p>\n<p>Cuando los hijos se independizan, muchas estancias quedan infrautilizadas. \u00bbEn este proyecto, una de las primeras decisiones fue <strong>reorganizar los espacios<\/strong>. Eliminamos habitaciones que ya no ten\u00edan uso habitual para ampliar la suite principal. Esto permiti\u00f3 incorporar un gran vestidor y una <a href=\"https:\/\/www.revistainteriores.es\/ideas-casa\/marta-montecucco-arquitecta-hay-que-tener-lavadero-casa-aunque-no-cocina_11169\" rel=\"nofollow noopener\" target=\"_blank\">zona de lavander\u00eda independiente<\/a>, mejorando la funcionalidad diaria sin perder comodidad\u00bb, indica Rober Qui\u00f1ones-Her.<\/p>\n<ul>\n<li><strong>Consejo:<\/strong>\u00a0Pensar en grande. Si hay habitaciones vac\u00edas, \u00bfpor qu\u00e9 no destinarlas a un ba\u00f1o m\u00e1s amplio, un vestidor, una zona de relax o una oficina personal?<\/li>\n<\/ul>\n<p>2. Priorizar la comodidad y la funcionalidad<\/p>\n<p>Con los a\u00f1os, los h\u00e1bitos cambian y tambi\u00e9n lo hace la forma de vivir la casa. \u00bbEn esta, el confort fue una prioridad. Apostamos por <strong>materiales c\u00e1lidos, iluminaci\u00f3n cuidada y una distribuci\u00f3n fluida<\/strong>, sin barreras innecesarias. Adem\u00e1s, instalamos sistemas modernos de climatizaci\u00f3n y renovaci\u00f3n de instalaciones el\u00e9ctricas y de fontaner\u00eda, garantizando eficiencia y seguridad a largo plazo\u00bb, agrega el interiorista.<\/p>\n<ul>\n<li><strong>Consejo:<\/strong>\u00a0Aprovechar la reforma para actualizar las instalaciones y asegurar una vivienda eficiente, segura y preparada para el futuro.<\/li>\n<\/ul>\n<p>3. Dormitorio principal: un verdadero espacio de bienestar<\/p>\n<p>Otro de los cambios m\u00e1s significativos, seg\u00fan nos cuenta el interiorista, fue <strong><a href=\"https:\/\/www.revistainteriores.es\/decoracion\/si-tuviera-que-decorar-mi-dormitorio-copiaria-ideas-originales-esta-casa-revista-interiores_11200\" rel=\"nofollow noopener\" target=\"_blank\">convertir el antiguo dormitorio en una suite m\u00e1s amplia<\/a>, pensada para el descanso y el disfrute<\/strong>. \u00bbIncorporamos un vestidor con buena iluminaci\u00f3n y almacenamiento optimizado, y creamos un ambiente sereno y elegante que invita al relax\u00bb.<\/p>\n<ul>\n<li><strong>Consejo:<\/strong>\u00a0El dormitorio principal debe ser un espacio que inspire tranquilidad y comodidad. Apostar por textiles de calidad, tonos neutros y soluciones de almacenamiento que simplifiquen el d\u00eda a d\u00eda.<\/li>\n<\/ul>\n<p>4. Espacios polivalentes para visitas ocasionales<\/p>\n<p>Aunque los hijos ya no vivan en casa, las visitas siempre son bienvenidas. \u00bbPor eso, dise\u00f1amos una <strong>habitaci\u00f3n de invitados con una cama abatible que permite liberar espacio cuando no se usa<\/strong>. As\u00ed, la habitaci\u00f3n puede funcionar tambi\u00e9n como estudio o zona de lectura\u00bb, expone Rober Qui\u00f1ones-Her.<\/p>\n<ul>\n<li><strong>Consejo:<\/strong>\u00a0Crear espacios polivalentes que se adapten a diferentes usos seg\u00fan las necesidades del momento.<\/li>\n<\/ul>\n<p><a href=\"https:\/\/www.revistainteriores.es\/ideas-casa\/joan-llongueras-coblonal-interiorismo-cuando-hijos-se-van-casa-objetivo-es-evitar-que-haya-habitaciones-que-no-se-utilicen-para-nada_12065\" data-ga4_event=\"custom_event\" data-ga4_event_name=\"click_intext\" data-ga4_link_url=\"https:\/\/www.revistainteriores.es\/ideas-casa\/joan-llongueras-coblonal-interiorismo-cuando-hijos-se-van-casa-objetivo-es-evitar-que-haya-habitaciones-que-no-se-utilicen-para-nada_12065\" data-ga4_link_text=\"joan_llongueras_coblonal_interiorismo_\u201ccuando_los_hijos_se_van_de_casa_el_objetivo_es_evitar_que_haya_habitaciones_que_no_se_utilicen_para_nada\u201d\" data-ga4_content_type=\"photo\" data-ga4_element=\"related\" rel=\"nofollow noopener\" target=\"_blank\">&#13;&#13;<img loading=\"lazy\" decoding=\"async\" src=\"https:\/\/www.europesays.com\/es\/wp-content\/uploads\/2025\/09\/salon-con-puerta-corredera-de-madera_aef7e8ed_250910131821_600x600.webp.webp\" alt=\"Sal\u00f3n con puerta corredera de madera\" class=\"lazyload\" width=\"600\" height=\"600\" data-aspectratio=\"600\/600\"\/>&#13;&#13;<\/p>\n<p class=\"epigraph\">                    &#13;Noticia relacionada<\/p>\n<p class=\"title\">Joan Llongueras, Coblonal Interiorismo: \u201cCuando los hijos se van de casa, el objetivo es evitar que haya habitaciones que no se utilicen para nada\u201d<\/p>\n<p><\/a>5. Cuidar los detalles: decoraci\u00f3n que refleja una nueva etapa<\/p>\n<p>La decoraci\u00f3n tambi\u00e9n fue clave en el proyecto. En palabras del interiorista: \u00bbQuer\u00edamos <strong>que los espacios reflejaran la personalidad de la pareja y su nueva forma de habitar la casa<\/strong>. Incorporamos piezas de dise\u00f1o, obras de arte y <a href=\"https:\/\/www.revistainteriores.es\/tendencias\/nota-estudio-interioristas-sobre-texturas-clave-esta-elegir-materiales-no-por-moda-sino-por-concepto-funcionalidad_10961\" rel=\"nofollow noopener\" target=\"_blank\">textiles con texturas naturales<\/a>, creando una atm\u00f3sfera acogedora y elegante\u00bb.<\/p>\n<ul>\n<li><strong>Consejo:<\/strong>\u00a0Apostar por una decoraci\u00f3n serena, personal y con alma. Este nuevo hogar debe ser reflejo de quienes lo habitan ahora.<\/li>\n<\/ul>\n<p>En definitiva, reformar una vivienda para adaptarla a una nueva etapa de vida es mucho m\u00e1s que un cambio est\u00e9tico: es una oportunidad para vivir mejor. \u00bbDesde nuestro estudio, creemos que cada hogar debe evolucionar con sus habitantes y responder a sus necesidades reales, sin renunciar al dise\u00f1o, al confort ni al car\u00e1cter personal\u00bb, concluye Rober Qui\u00f1ones-Her.<\/p>\n","protected":false},"excerpt":{"rendered":"Con el paso del tiempo, el hogar evoluciona junto con quienes lo habitan. \u00bbMuchas parejas que han criado&hellip;\n","protected":false},"author":2,"featured_media":125609,"comment_status":"","ping_status":"","sticky":false,"template":"","format":"standard","meta":{"footnotes":""},"categories":[173],"tags":[229,233,231,230,232,234,146,147,25,24,23],"class_list":{"0":"post-125608","1":"post","2":"type-post","3":"status-publish","4":"format-standard","5":"has-post-thumbnail","7":"category-arte-y-diseno","8":"tag-arte","9":"tag-arte-y-diseno","10":"tag-arts","11":"tag-arts-and-design","12":"tag-design","13":"tag-diseno","14":"tag-entertainment","15":"tag-entretenimiento","16":"tag-es","17":"tag-espana","18":"tag-spain"},"share_on_mastodon":{"url":"","error":""},"_links":{"self":[{"href":"https:\/\/www.europesays.com\/es\/wp-json\/wp\/v2\/posts\/125608","targetHints":{"allow":["GET"]}}],"collection":[{"href":"https:\/\/www.europesays.com\/es\/wp-json\/wp\/v2\/posts"}],"about":[{"href":"https:\/\/www.europesays.com\/es\/wp-json\/wp\/v2\/types\/post"}],"author":[{"embeddable":true,"href":"https:\/\/www.europesays.com\/es\/wp-json\/wp\/v2\/users\/2"}],"replies":[{"embeddable":true,"href":"https:\/\/www.europesays.com\/es\/wp-json\/wp\/v2\/comments?post=125608"}],"version-history":[{"count":0,"href":"https:\/\/www.europesays.com\/es\/wp-json\/wp\/v2\/posts\/125608\/revisions"}],"wp:featuredmedia":[{"embeddable":true,"href":"https:\/\/www.europesays.com\/es\/wp-json\/wp\/v2\/media\/125609"}],"wp:attachment":[{"href":"https:\/\/www.europesays.com\/es\/wp-json\/wp\/v2\/media?parent=125608"}],"wp:term":[{"taxonomy":"category","embeddable":true,"href":"https:\/\/www.europesays.com\/es\/wp-json\/wp\/v2\/categories?post=125608"},{"taxonomy":"post_tag","embeddable":true,"href":"https:\/\/www.europesays.com\/es\/wp-json\/wp\/v2\/tags?post=125608"}],"curies":[{"name":"wp","href":"https:\/\/api.w.org\/{rel}","templated":true}]}}