{"id":125640,"date":"2025-09-19T17:01:07","date_gmt":"2025-09-19T17:01:07","guid":{"rendered":"https:\/\/www.europesays.com\/es\/125640\/"},"modified":"2025-09-19T17:01:07","modified_gmt":"2025-09-19T17:01:07","slug":"tras-la-polemica-en-romandia-el-mundial-de-ciclismo-en-kigali-estrenara-sistema-gps","status":"publish","type":"post","link":"https:\/\/www.europesays.com\/es\/125640\/","title":{"rendered":"Tras la pol\u00e9mica en Romand\u00eda, el Mundial de Ciclismo en Kigali estrenar\u00e1 sistema GPS"},"content":{"rendered":"<p data-mrf-recirculation=\"Links P\u00e1rrafos\" class=\"ue-c-article__paragraph paragraph ue-c-article--first-letter-highlighted\">La UCI quiere que el Mundial de Ruta 2025 en <strong>Kigali (21\u201328 de septiembre) <\/strong>marque un antes y un despu\u00e9s en materia de seguridad ciclista. Por primera vez, todos los corredores llevar\u00e1n un dispositivo<strong> GPS de seguridad instalado bajo el sill\u00edn<\/strong>, una tecnolog\u00eda pensada para vigilar en tiempo real la posici\u00f3n y velocidad del pelot\u00f3n.<\/p>\n<p>El objetivo es claro: detectar <strong>incidentes al instante. <\/strong>Si un ciclista se detiene bruscamente, el sistema enviar\u00e1 una <strong>alerta autom\u00e1tica<\/strong> al centro de control de la carrera. Desde all\u00ed se coordinar\u00e1 la respuesta inmediata con organizadores, comisarios, servicios m\u00e9dicos y personal de seguridad. Todo en cuesti\u00f3n de segundos.<\/p>\n<p>Este nuevo paso tecnol\u00f3gico no llega de la nada. El sistema fue testeado,\u00a0<a href=\"https:\/\/www.marca.com\/ciclismo\/2025\/08\/15\/caos-tour-romandia-cinco-equipos-descalificados-cumplir-sistema-gps-uci.html\" rel=\"nofollow noopener\" target=\"_blank\">con pol\u00e9mica incluida<\/a>, en el <strong>Tour de Romand\u00eda F\u00e9minin, <\/strong>disputado en Suiza del 15 al 17 de agosto, y tras pulir detalles se implementar\u00e1 a gran escala en todas las <strong>pruebas del Mundial<\/strong>: fondo en carretera, contrarreloj individual y contrarreloj por equipos, tanto en categor\u00edas \u00e9lite como sub-23 y j\u00fanior, hombres y mujeres.<\/p>\n<p>La apuesta refleja una l\u00ednea clara de la UCI en los \u00faltimos a\u00f1os: reforzar la seguridad de los corredores, en<strong> colaboraci\u00f3n con la plataforma SafeR y con las federaciones nacionales<\/strong>. \u201cEl GPS de seguridad es un progreso importante y necesario. Cualquier accidente que antes pod\u00eda pasar desapercibido ahora<strong> se detectar\u00e1 enseguida, <\/strong>y podremos actuar con la m\u00e1xima rapidez\u201d, explic\u00f3 el presidente de la UCI, David Lappartient, en el comunicado oficial.<\/p>\n","protected":false},"excerpt":{"rendered":"La UCI quiere que el Mundial de Ruta 2025 en Kigali (21\u201328 de septiembre) marque un antes y&hellip;\n","protected":false},"author":2,"featured_media":125641,"comment_status":"","ping_status":"","sticky":false,"template":"","format":"standard","meta":{"footnotes":""},"categories":[273],"tags":[313,312,168,25,24,23,167],"class_list":{"0":"post-125640","1":"post","2":"type-post","3":"status-publish","4":"format-standard","5":"has-post-thumbnail","7":"category-ciclismo","8":"tag-ciclismo","9":"tag-cycling","10":"tag-deportes","11":"tag-es","12":"tag-espana","13":"tag-spain","14":"tag-sports"},"share_on_mastodon":{"url":"","error":""},"_links":{"self":[{"href":"https:\/\/www.europesays.com\/es\/wp-json\/wp\/v2\/posts\/125640","targetHints":{"allow":["GET"]}}],"collection":[{"href":"https:\/\/www.europesays.com\/es\/wp-json\/wp\/v2\/posts"}],"about":[{"href":"https:\/\/www.europesays.com\/es\/wp-json\/wp\/v2\/types\/post"}],"author":[{"embeddable":true,"href":"https:\/\/www.europesays.com\/es\/wp-json\/wp\/v2\/users\/2"}],"replies":[{"embeddable":true,"href":"https:\/\/www.europesays.com\/es\/wp-json\/wp\/v2\/comments?post=125640"}],"version-history":[{"count":0,"href":"https:\/\/www.europesays.com\/es\/wp-json\/wp\/v2\/posts\/125640\/revisions"}],"wp:featuredmedia":[{"embeddable":true,"href":"https:\/\/www.europesays.com\/es\/wp-json\/wp\/v2\/media\/125641"}],"wp:attachment":[{"href":"https:\/\/www.europesays.com\/es\/wp-json\/wp\/v2\/media?parent=125640"}],"wp:term":[{"taxonomy":"category","embeddable":true,"href":"https:\/\/www.europesays.com\/es\/wp-json\/wp\/v2\/categories?post=125640"},{"taxonomy":"post_tag","embeddable":true,"href":"https:\/\/www.europesays.com\/es\/wp-json\/wp\/v2\/tags?post=125640"}],"curies":[{"name":"wp","href":"https:\/\/api.w.org\/{rel}","templated":true}]}}