{"id":125648,"date":"2025-09-19T17:05:10","date_gmt":"2025-09-19T17:05:10","guid":{"rendered":"https:\/\/www.europesays.com\/es\/125648\/"},"modified":"2025-09-19T17:05:10","modified_gmt":"2025-09-19T17:05:10","slug":"dos-cafes-con-leche-un-zumo-una-tostada-de-centeno-con-pavo-y-otra-con-mantequilla-y-mermelada-de-melocoton","status":"publish","type":"post","link":"https:\/\/www.europesays.com\/es\/125648\/","title":{"rendered":"dos caf\u00e9s con leche, un zumo, una tostada de centeno con pavo y otra con mantequilla y mermelada de melocot\u00f3n\u00bb"},"content":{"rendered":"<p>Conocer la rutina diaria de las famosas, lejos de los focos y las alfombras rojas, nos abre la puerta a una faceta m\u00e1s \u00edntima y aut\u00e9ntica, casi cotidiana. M\u00e1s all\u00e1 de despertar curiosidad, incluso resulta f\u00e1cil sentirse identificada con ellas. Entre esos peque\u00f1os y sencillos rituales, <a href=\"https:\/\/www.clara.es\/bienestar\/recetas\/40-desayunos-saludables-faciles-sanos-y-deliciosos_11586\" rel=\"nofollow noopener\" target=\"_blank\">el desayuno<\/a> suele ocupar un lugar protagonista: muchas lo consideran la comida m\u00e1s importante del d\u00eda y no dudan en compartir c\u00f3mo lo disfrutan.<\/p>\n<p>Es el caso de <a href=\"https:\/\/www.clara.es\/celebrities\/asi-es-paula-cabanas-hija-desconocida-marta-sanchez-vinculada-a-familia-flores-y-vena-artistica-herencia-sus-padres_40229\" rel=\"nofollow noopener\" target=\"_blank\">Marta S\u00e1nchez,<\/a> quien en distintas entrevistas ha revelado detalles de sus h\u00e1bitos matutinos, incluido su desayuno ideal que toma cada ma\u00f1ana. De esta manera vuelve a dejar claro que la disciplina y el cuidado\u00a0personal no son simples h\u00e1bitos, sino pilares fundamentales que gu\u00edan su bienestar f\u00edsico.<\/p>\n<p><img loading=\"lazy\" decoding=\"async\" src=\"https:\/\/www.europesays.com\/es\/wp-content\/uploads\/2025\/09\/marta-sanchez_d0ccc40c_250918225457_800x1280.webp.webp\" alt=\"marta sanchez\" class=\"lazyload\" width=\"800\" height=\"1280\" data-aspectratio=\"800\/1280\"\/>&#13;<\/p>\n<p>A punto de cumplir 60 a\u00f1os, Marta S\u00e1nchez intenta dejar atr\u00e1s las excusas y apuesta por <strong>una alimentaci\u00f3n saludable<\/strong> combinada con <a href=\"https:\/\/www.clara.es\/celebrities\/marta-sanchez-2-dias-hago-pesas-cardio-otro-dia-mi-con-entrenador-personal_43797#google_vignette\" rel=\"nofollow noopener\" target=\"_blank\">ejercicio f\u00edsico.<\/a> Unos h\u00e1bitos que, tras a\u00f1os de disciplina, le han permitido presumir de <strong>brazos tonificados, abdomen esculpido y piernas esbeltas,<\/strong> luciendo as\u00ed un f\u00edsico que parece desafiar al paso del tiempo. Detr\u00e1s de su constante rutina, la cantante de &#8216;Soy yo&#8217; prioriza el desayuno para comenzar la jornada con energ\u00eda.\u00a0<\/p>\n<p>Caf\u00e9s y tostadas: El desayuno completo de Marta S\u00e1nchez<\/p>\n<p>\u00abNo quiero abandonarme y me cuido mucho\u00bb, contaba la cantante de forma natural en el programa de Canal Sur, Gente Maravillosa. Teniendo en cuenta que a <a href=\"https:\/\/www.clara.es\/celebrities\/te-ensenamos-como-es-por-dentro-adosado-marta-sanchez-madrid-colores-muy-vivos-lleno-tendencias-deco-y-mucho-arte_35869\" rel=\"nofollow noopener\" target=\"_blank\">Marta S\u00e1nchez<\/a> le gusta mantenerse en forma, comienza el d\u00eda con un desayuno bastante completo que le permite mantenerse satisfecha hasta la comida principal.\u00a0<\/p>\n<p>\u00abCada ma\u00f1ana desayuno fuerte porque suelo comer un plato \u00fanico: <strong>dos caf\u00e9s con leche, un zumo, una tostada de centeno con pavo y otra con mantequilla y mermelada de melocot\u00f3n\u00bb,<\/strong> explicaba hace a\u00f1os a\u00f1os en una entrevista para Cosmopolitan TV. El motivo de hacer un desayuno compuesto por varios platos y bebidas se debe a que en la comida solamente toma un primer plato, igual que ocurre en la cena.\u00a0Esta estrategia le ayuda a equilibrar la energ\u00eda a lo largo del d\u00eda sin descuidar su alimentaci\u00f3n.<\/p>\n<p><img loading=\"lazy\" decoding=\"async\" src=\"https:\/\/www.europesays.com\/es\/wp-content\/uploads\/2025\/09\/marta-sanchez_dd7bd140_250918221037_800x1056.webp.webp\" alt=\"Marta Sanchez\" class=\"lazyload\" width=\"800\" height=\"1056\" data-aspectratio=\"800\/1056\"\/>&#13;Gtres<br \/>\n&#13;<img loading=\"lazy\" decoding=\"async\"   src=\"https:\/\/www.europesays.com\/es\/wp-content\/uploads\/2025\/09\/carmen-lomana_a9ff8ec6_250917183146_900x900.webp.webp\" alt=\"Carmen Lomana\" class=\"image lazyload\" width=\"900\" height=\"900\" data-aspectratio=\"900\/900\"\/>Rutina matutina de belleza: OTRO CUIDADO ESENCIAL PARA MARTA s\u00c1NCHEZ<\/p>\n<p>Marta S\u00e1nchez dedica tiempo cada ma\u00f1ana a cuidar su piel, aplicando <strong>cremas de cuerpo y rostro de manera constante. <\/strong>\u00abMe unto entera de arriba a abajo en cremas, ya sea para el cuerpo o la cara\u00bb, confiesa, dejando claro que la rutina de belleza es un h\u00e1bito inquebrantable en su vida. \u00abNunca dejo de hacerlo ning\u00fan d\u00eda del del a\u00f1o, creo\u00bb, a\u00f1ad\u00eda.\u00a0<\/p>\n<p>Solo en contadas ocasiones, cuando ha llegado completamente exhausta,\u00a0<a href=\"https:\/\/www.clara.es\/belleza\/salena-sainz-farmaceutica-si-te-da-pereza-desmaquillarte-por-noches-formato-bifasico-o-agua-micelar_43164\" rel=\"nofollow noopener\" target=\"_blank\">se ha limitado a desmaquillarse,<\/a> pero incluso entonces no ha dejado de aplicar alg\u00fan cuidado esencial. Para la cantante, la constancia en los peque\u00f1os gestos diarios es clave para sentirse bien consigo misma y <a href=\"https:\/\/www.clara.es\/belleza\/25-mejores-cremas-retinol-2024-para-que-sirve-este-ingrediente-y-guia-uso_14896\" rel=\"nofollow noopener\" target=\"_blank\">mantener una piel cuidada y saludable.<\/a><\/p>\n<p>&#13;<\/p>\n<p class=\"by\">Clara<\/p>\n<p>\u00a1Toma nota de estas 5 alternativas para sustituir al caf\u00e9!<\/p>\n<p>Las 5 mejores infusiones para desayunar: saludables y que sustituyen el cafe\u0301CARDIO Y FUERZA: ESENCIALES EN LA RUTINA DE ENTRENAMIENTO DE MARTA S\u00c1NCHEZ<\/p>\n<p>M\u00e1s all\u00e1 de su alimentaci\u00f3n saludable y sus cuidados de belleza, Marta S\u00e1nchez cuida su f\u00edsico mediante una rutina constante de ejercicio. La cantante realiza al menos dos sesiones semanales, combinando <strong>pilates, ejercicios cardiovasculares y otros de fuerza con pesas,<\/strong> adaptando la actividad a sus necesidades y objetivos.<\/p>\n<p>\u00abDos d\u00edas a la semana hago pesas y cardio. Y otro d\u00eda hago ejercicio con mi entrenador personal. Me cuesta un poco, pero soy bastante disciplinada\u00bb, explicaba la cantante, demostrando un compromiso serio con su bienestar y la constancia como\u00a0pilares de su estilo de vida.<\/p>\n","protected":false},"excerpt":{"rendered":"Conocer la rutina diaria de las famosas, lejos de los focos y las alfombras rojas, nos abre la&hellip;\n","protected":false},"author":2,"featured_media":125649,"comment_status":"","ping_status":"","sticky":false,"template":"","format":"standard","meta":{"footnotes":""},"categories":[174],"tags":[255,146,147,25,24,256,23],"class_list":{"0":"post-125648","1":"post","2":"type-post","3":"status-publish","4":"format-standard","5":"has-post-thumbnail","7":"category-famosos","8":"tag-celebrities","9":"tag-entertainment","10":"tag-entretenimiento","11":"tag-es","12":"tag-espana","13":"tag-famosos","14":"tag-spain"},"share_on_mastodon":{"url":"","error":""},"_links":{"self":[{"href":"https:\/\/www.europesays.com\/es\/wp-json\/wp\/v2\/posts\/125648","targetHints":{"allow":["GET"]}}],"collection":[{"href":"https:\/\/www.europesays.com\/es\/wp-json\/wp\/v2\/posts"}],"about":[{"href":"https:\/\/www.europesays.com\/es\/wp-json\/wp\/v2\/types\/post"}],"author":[{"embeddable":true,"href":"https:\/\/www.europesays.com\/es\/wp-json\/wp\/v2\/users\/2"}],"replies":[{"embeddable":true,"href":"https:\/\/www.europesays.com\/es\/wp-json\/wp\/v2\/comments?post=125648"}],"version-history":[{"count":0,"href":"https:\/\/www.europesays.com\/es\/wp-json\/wp\/v2\/posts\/125648\/revisions"}],"wp:featuredmedia":[{"embeddable":true,"href":"https:\/\/www.europesays.com\/es\/wp-json\/wp\/v2\/media\/125649"}],"wp:attachment":[{"href":"https:\/\/www.europesays.com\/es\/wp-json\/wp\/v2\/media?parent=125648"}],"wp:term":[{"taxonomy":"category","embeddable":true,"href":"https:\/\/www.europesays.com\/es\/wp-json\/wp\/v2\/categories?post=125648"},{"taxonomy":"post_tag","embeddable":true,"href":"https:\/\/www.europesays.com\/es\/wp-json\/wp\/v2\/tags?post=125648"}],"curies":[{"name":"wp","href":"https:\/\/api.w.org\/{rel}","templated":true}]}}