{"id":125654,"date":"2025-09-19T17:08:11","date_gmt":"2025-09-19T17:08:11","guid":{"rendered":"https:\/\/www.europesays.com\/es\/125654\/"},"modified":"2025-09-19T17:08:11","modified_gmt":"2025-09-19T17:08:11","slug":"de-que-va-y-quien-es-quien-en-el-refugio-atomico-la-nueva-serie-de-netflix-de-los-creadores-de-la-casa-de-papel","status":"publish","type":"post","link":"https:\/\/www.europesays.com\/es\/125654\/","title":{"rendered":"De qu\u00e9 va y qui\u00e9n es qui\u00e9n en &#8216;El refugio at\u00f3mico&#8217;, la nueva serie de Netflix de los creadores de &#8216;La casa de papel&#8217;"},"content":{"rendered":"<p class=\"v-mdl-ath__p v-mdl-ath__p--6\">\nViernes, 19 de septiembre 2025, 15:11<\/p>\n<p class=\"v-p\">Este viernes 19 de septiembre Netflix ha estrenado la serie &#8216;<a href=\"https:\/\/www.lasprovincias.es\/culturas\/tv\/refugio-atomico-nueva-serie-espanola-estrena-netflix-20250917203628-nt.html\" title=\"www.lasprovincias.es\" data-voc-vtm-id=\"in-text-traffic\" data-mrf-link=\"www.lasprovincias.es\" rel=\"nofollow noopener\" target=\"_blank\">El refugio at\u00f3mico<\/a>&#8216;, creada por \u00c1lex Pina y Esther Mart\u00ednez Lobato, responsables del \u00e9xito internacional &#8216;La casa de papel&#8217;. En su reparto cuenta con nombres como Miren Ibarguren, Carlos Santos, Natalia Verbeke, Joaqu\u00edn Furriel o Montse Guallar.<\/p>\n<p class=\"v-p\">La ficci\u00f3n centra su argumento en que la Tercera Guerra Mundial est\u00e1 a punto de estallar y un grupo de multimillonarios se refugia en un b\u00fanker de lujo: Kimera Underground Park. Desde all\u00ed ver\u00e1n en pantallas, en un espect\u00e1culo lleno de perplejidad, c\u00f3mo el mundo que conoc\u00edan se va desplomando sobre sus cabezas. <\/p>\n<p class=\"v-p\">Y mientras fuera la situaci\u00f3n se vuelve cada vez m\u00e1s aterradora, ellos disfrutar\u00e1n de su peque\u00f1a ciudad exclusiva con cancha de b\u00e1sket, restaurante, jard\u00edn zen, cocteler\u00eda, div\u00e1n de psic\u00f3logo, gimnasio y spa. A eso quedar\u00e1 reducida su m\u00edtica condici\u00f3n de privilegio: a ir adapt\u00e1ndose a vivir en un agujero de lujo, en un universo subterr\u00e1neo lleno de enigmas en el que estallar\u00e1n las cuentas pendientes de dos familias atravesadas por una herida del pasado.<\/p>\n<p>Qui\u00e9n es qui\u00e9n<\/p>\n<p class=\"v-p\"><strong>Minerva (Miren Ibarguren):<\/strong><\/p>\n<p class=\"v-p\">Es la mujer al frente del b\u00fanker Kimera Park Undergorund. Es licenciada en arquitectura e ingenier\u00eda civil, lista y calculadora. Tiene un plan para asegurar su futuro y el de su hermano.<\/p>\n<p class=\"v-p\"><strong>Ziro (\u00c1lex Villaz\u00e1n):<\/strong><\/p>\n<p class=\"v-p\">Es el hermano de Minerva y est\u00e1 detr\u00e1s de algunos de los aparatos del b\u00fanker, como Rox\u00e1n, la inteligencia artificial que hace de enlace con los hu\u00e9spedes. Tiene un gran intelecto pero carece de habilidades sociales como su hermana.<\/p>\n<p class=\"v-p\"><strong>Rafa (Carlos Santos):<\/strong><\/p>\n<p class=\"v-p\">Parece un hombre confiado de s\u00ed mismo, pero en realidad tiene muchos problemas de autoestima y su vida se est\u00e1 yendo al traste. En el b\u00fanker busca su apoyo en su hijo Max. Es el cabeza de familia de los Valera.<\/p>\n<p class=\"v-p\"><strong>Max (Pau Sim\u00f3n):<\/strong><\/p>\n<p class=\"v-p\">Es el hijo de los Valera y acaba de salir de prisi\u00f3n tras varios a\u00f1os cuando fue condenado por el accidente de coche en el que muri\u00f3 su novia.<\/p>\n<p class=\"v-p\"><strong>Frida (Natalia Verbeke):<\/strong><\/p>\n<p class=\"v-p\">Es la madre de Max y mujer de Rafa. Se ha pasado muchos a\u00f1os cuidando a su madre y esperando que salga su hijo de prisi\u00f3n. Dentro del b\u00fanker cambiar\u00e1 su vida.<\/p>\n<p class=\"v-p\"><strong>Asia (Alicia Falc\u00f3):<\/strong><\/p>\n<p class=\"v-p\">Es la hermana peque\u00f1a de la pareja de Max y la \u00fanica hija viva de los Falcom. Odia a Max por la muerte de su hermana.<\/p>\n<p class=\"v-p\"><strong>Guillermo (Joaqu\u00edn Furriel):<\/strong><\/p>\n<p class=\"v-p\">Guillermo Falcom es uno de los hombres m\u00e1s ricos del mundo al ser due\u00f1o de una de las empresas punteras del pa\u00eds.<\/p>\n<p class=\"v-p\"><strong>Mimi (Agustina Bisio):<\/strong><\/p>\n<p class=\"v-p\">Es la madrastra de Asia y nueva mujer de Guillermo. Se siente un poco al margen de las disputas de las personas en el b\u00fanker.<\/p>\n<p>Comenta<\/p>\n<p>Reporta un error<\/p>\n","protected":false},"excerpt":{"rendered":"Viernes, 19 de septiembre 2025, 15:11 Este viernes 19 de septiembre Netflix ha estrenado la serie &#8216;El refugio&hellip;\n","protected":false},"author":2,"featured_media":125655,"comment_status":"","ping_status":"","sticky":false,"template":"","format":"standard","meta":{"footnotes":""},"categories":[171],"tags":[40896,385,10750,146,147,25,24,152,795,847,12319,156,23,214],"class_list":{"0":"post-125654","1":"post","2":"type-post","3":"status-publish","4":"format-standard","5":"has-post-thumbnail","7":"category-tv","8":"tag-atomico","9":"tag-casa","10":"tag-creadores","11":"tag-entertainment","12":"tag-entretenimiento","13":"tag-es","14":"tag-espana","15":"tag-netflix","16":"tag-nueva","17":"tag-papel","18":"tag-refugio","19":"tag-serie","20":"tag-spain","21":"tag-tv"},"share_on_mastodon":{"url":"","error":""},"_links":{"self":[{"href":"https:\/\/www.europesays.com\/es\/wp-json\/wp\/v2\/posts\/125654","targetHints":{"allow":["GET"]}}],"collection":[{"href":"https:\/\/www.europesays.com\/es\/wp-json\/wp\/v2\/posts"}],"about":[{"href":"https:\/\/www.europesays.com\/es\/wp-json\/wp\/v2\/types\/post"}],"author":[{"embeddable":true,"href":"https:\/\/www.europesays.com\/es\/wp-json\/wp\/v2\/users\/2"}],"replies":[{"embeddable":true,"href":"https:\/\/www.europesays.com\/es\/wp-json\/wp\/v2\/comments?post=125654"}],"version-history":[{"count":0,"href":"https:\/\/www.europesays.com\/es\/wp-json\/wp\/v2\/posts\/125654\/revisions"}],"wp:featuredmedia":[{"embeddable":true,"href":"https:\/\/www.europesays.com\/es\/wp-json\/wp\/v2\/media\/125655"}],"wp:attachment":[{"href":"https:\/\/www.europesays.com\/es\/wp-json\/wp\/v2\/media?parent=125654"}],"wp:term":[{"taxonomy":"category","embeddable":true,"href":"https:\/\/www.europesays.com\/es\/wp-json\/wp\/v2\/categories?post=125654"},{"taxonomy":"post_tag","embeddable":true,"href":"https:\/\/www.europesays.com\/es\/wp-json\/wp\/v2\/tags?post=125654"}],"curies":[{"name":"wp","href":"https:\/\/api.w.org\/{rel}","templated":true}]}}