{"id":125662,"date":"2025-09-19T17:12:08","date_gmt":"2025-09-19T17:12:08","guid":{"rendered":"https:\/\/www.europesays.com\/es\/125662\/"},"modified":"2025-09-19T17:12:08","modified_gmt":"2025-09-19T17:12:08","slug":"llevamos-siglos-queriendo-ver-como-las-enfermedades-se-movian-en-tiempo-real-los-primeros-pasos-se-estan-dando-valencia","status":"publish","type":"post","link":"https:\/\/www.europesays.com\/es\/125662\/","title":{"rendered":"Llevamos siglos queriendo ver c\u00f3mo las enfermedades se mov\u00edan en tiempo real. Los primeros pasos se est\u00e1n dando Valencia"},"content":{"rendered":"<p>La epidemiolog\u00eda es una ciencia con delay. Lo sabemos bien, <a class=\"text-outboundlink\" href=\"https:\/\/www.xataka.com\/medicina-y-salud\/dos-fallecidos-50-000-personas-aisladas-italia-coronavirus-irrumpe-forma-inesperada-desconocida-europa\" data-vars-post-title=\"Dos fallecidos y 50.000 personas aisladas en Italia: el coronavirus irrumpe de forma inesperada (y a\u00fan desconocida) en Europa\" data-vars-post-url=\"https:\/\/www.xataka.com\/medicina-y-salud\/dos-fallecidos-50-000-personas-aisladas-italia-coronavirus-irrumpe-forma-inesperada-desconocida-europa\" rel=\"nofollow noopener\" target=\"_blank\">lo aprendimos de la peor manera<\/a>: desde que un pat\u00f3geno empieza a moverse por una regi\u00f3n hasta que recopilamos, analizamos e interpretamos los datos que nos permiten decir que una epidemia es incipiente, pasan semanas. Unas semanas que ser\u00eda vitales para introducir medidas capaces de reducir su impacto y salvar muchas vidas.<\/p>\n<p>Lo que pasa es que, hasta ahora, eso ha sido una quimera: las bacterias y los virus en suspensi\u00f3n <a class=\"text-outboundlink\" href=\"https:\/\/www.xataka.com\/magnet\/test-test-test-experimento-pueblo-italiano-que-nos-muestra-como-combatir-coronavirus\" data-vars-post-title=\"Test, test y m\u00e1s test: el experimento de un pueblo italiano que nos muestra c\u00f3mo combatir el coronavirus \" data-vars-post-url=\"https:\/\/www.xataka.com\/magnet\/test-test-test-experimento-pueblo-italiano-que-nos-muestra-como-combatir-coronavirus\" rel=\"nofollow noopener\" target=\"_blank\">son invisibles<\/a>. Aunque hay iniciativas como analizar las aguas fecales, la idea de ver c\u00f3mo los pat\u00f3genos se mueven por el mundo parece casi ciencia ficci\u00f3n.<\/p>\n<p>Una ciencia ficci\u00f3n cada vez m\u00e1s cercana, eso s\u00ed.\u00a0<\/p>\n<p>    <a href=\"https:\/\/www.xataka.com\/medicina-y-salud\/como-cambiaron-mundo-sociedad-otras-pandemias-que-se-debate-puede-cambiar-esta\" class=\"pivot-outboundlink\" data-vars-post-title=\"C\u00f3mo cambiaron el mundo y la sociedad con otras pandemias, y qu\u00e9 se debate ahora que puede cambiar con esta\" rel=\"nofollow noopener\" target=\"_blank\"><br \/>\n     <img loading=\"lazy\" decoding=\"async\" alt=\"C\u00f3mo cambiaron el mundo y la sociedad con otras pandemias, y qu\u00e9 se debate ahora que puede cambiar con esta\" width=\"375\" height=\"142\" src=\"https:\/\/www.europesays.com\/es\/wp-content\/uploads\/2025\/09\/1758301928_848_375_142.jpg\"\/><br \/>\n    <\/a><\/p>\n<p><strong>Una idea curiosa.<\/strong> Ahora, un equipo conjunto de la\u00a0Universitat de Val\u00e8ncia (UV)\u00a0y la\u00a0Universitat Polit\u00e8cnica de Val\u00e8ncia (UPV) <a rel=\"noopener, noreferrer nofollow\" href=\"https:\/\/www.sciencedirect.com\/science\/article\/pii\/S0039914025006824\" target=\"_blank\">han desarrollado<\/a> el primer ejemplo de un biosensor capaz de detectar cambios en el aire de forma r\u00e1pida, sencilla y barata. La peque\u00f1a antena funciona sin reactivos adicionales, ni pruebas de laboratorios: solo peque\u00f1os circuitos el\u00e9ctricos. Eso es lo interesante.\u00a0<\/p>\n<p>Los investigadores valencianos han probado el concepto con el virus M13, un microorganismo muy conocido, pero los resultados son prometedores y extrapolables a cualquier otro pat\u00f3geno de transmisi\u00f3n a\u00e9rea.<\/p>\n<p><strong>Los dos factores clave.<\/strong> <a rel=\"noopener, noreferrer nofollow\" href=\"https:\/\/www.levante-emv.com\/comunitat-valenciana\/2025\/09\/18\/detectar-covid-habitacion-instante-investigacion-valenciana-121677417.html\" target=\"_blank\">Seg\u00fan explicaba<\/a> David Gim\u00e9nez (profesor del departamento de Qu\u00edmica-F\u00edsica de la UV) en Levante, son \u00absu precio\u00bb que \u00abfacilita su escalabilidad y su integraci\u00f3n en sistemas de alerta temprana, tanto en\u00a0smart buildings\u00a0como en dispositivos\u00a0weareables\u00bb y su \u00abinmediatez\u00bb porque \u00abal\u00a0no necesitar reactivos adicionales, este m\u00e9todo permite detectar al instante la\u00a0presencia de pat\u00f3genos en tiempo real, evitando largos procesos de muestreo\u00a0y an\u00e1lisis en laboratorio\u00bb.<\/p>\n<p><strong>\u00bfY ahora qu\u00e9?<\/strong> Ahora mucho trabajo por hacer. Es cierto que una red de este tipo de sensores que fueran capaces de monitorizar en tiempo real el aire de estaciones de tren, vagones, colegios, centros comerciales o puestos de trabajo nos dar\u00eda una informaci\u00f3n vital. El problema es que, claro, a\u00fan queda mucho para llegar a ese punto.\u00a0<\/p>\n<p><strong>Quiz\u00e1s m\u00e1s de lo que quisi\u00e9ramos<\/strong>. No hay que olvidar que, entre 1980 y 2010,\u00a0el n\u00famero anual de brotes de enfermedades infecciosas <a rel=\"noopener, noreferrer nofollow\" href=\"http:\/\/rsif.royalsocietypublishing.org\/content\/11\/101\/20140950.article-info\" target=\"_blank\">se triplic\u00f3<\/a> en todo el mundo\u00a0y las enfermedades causantes casi se doblaron. Adem\u00e1s, ninguna de las \u00abemergencias de salud p\u00fablica de importancia internacional\u00bb (con la matizable excepci\u00f3n del COVID-19) que hemos sufrido desde 2007 fue provocada por un agente infeccioso nuevo y desconocido.\u00a0<\/p>\n<p>Vivimos en la \u00ab<a class=\"text-outboundlink\" href=\"https:\/\/www.xataka.com\/medicina-y-salud\/la-era-de-las-epidemias-ya-ha-comenzado-estamos-preparados-para-enfrentarnos-a-ellas\" data-vars-post-title=\"La &#039;Era de las Epidemias&#039; ya ha comenzado: \u00bfEstamos preparados para enfrentarnos a ellas?\" data-vars-post-url=\"https:\/\/www.xataka.com\/medicina-y-salud\/la-era-de-las-epidemias-ya-ha-comenzado-estamos-preparados-para-enfrentarnos-a-ellas\" rel=\"nofollow noopener\" target=\"_blank\">\u00e9poca de las pandemias<\/a>\u00bb y todo hace pensar que no estamos preparados para ello. Eso s\u00ed, la buena noticia es que, pese al incremento del n\u00famero total de brotes, \u00ablas\u00a0mejoras globales en prevenci\u00f3n, detecci\u00f3n temprana, control y tratamiento\u00a0son cada vez m\u00e1s efectivas\u00bb.<\/p>\n<p>Y esto de Valencia es un buen ejemplo de ello. O m\u00e1s nos vale porque tenemos el enemigo a las puertas.<\/p>\n<p>Imagen | <a rel=\"noopener, noreferrer nofollow\" href=\"https:\/\/unsplash.com\/es\/fotos\/mapa-de-australia-lleno-de-alfileres-YNNtKJKDjCI\" target=\"_blank\">Jon Tyson<\/a><\/p>\n<p>Imagen | <a class=\"text-outboundlink\" href=\"https:\/\/www.xataka.com\/medicina-y-salud\/la-era-de-las-epidemias-ya-ha-comenzado-estamos-preparados-para-enfrentarnos-a-ellas\" data-vars-post-title=\"La &#039;Era de las Epidemias&#039; ya ha comenzado: \u00bfEstamos preparados para enfrentarnos a ellas?\" data-vars-post-url=\"https:\/\/www.xataka.com\/medicina-y-salud\/la-era-de-las-epidemias-ya-ha-comenzado-estamos-preparados-para-enfrentarnos-a-ellas\" rel=\"nofollow noopener\" target=\"_blank\">La &#8216;Era de las Epidemias&#8217; ya ha comenzado: \u00bfEstamos preparados para enfrentarnos a ellas?<\/a><\/p>\n","protected":false},"excerpt":{"rendered":"La epidemiolog\u00eda es una ciencia con delay. Lo sabemos bien, lo aprendimos de la peor manera: desde que&hellip;\n","protected":false},"author":2,"featured_media":125663,"comment_status":"","ping_status":"","sticky":false,"template":"","format":"standard","meta":{"footnotes":""},"categories":[92],"tags":[25,24,165,166,23],"class_list":{"0":"post-125662","1":"post","2":"type-post","3":"status-publish","4":"format-standard","5":"has-post-thumbnail","7":"category-salud","8":"tag-es","9":"tag-espana","10":"tag-health","11":"tag-salud","12":"tag-spain"},"share_on_mastodon":{"url":"","error":""},"_links":{"self":[{"href":"https:\/\/www.europesays.com\/es\/wp-json\/wp\/v2\/posts\/125662","targetHints":{"allow":["GET"]}}],"collection":[{"href":"https:\/\/www.europesays.com\/es\/wp-json\/wp\/v2\/posts"}],"about":[{"href":"https:\/\/www.europesays.com\/es\/wp-json\/wp\/v2\/types\/post"}],"author":[{"embeddable":true,"href":"https:\/\/www.europesays.com\/es\/wp-json\/wp\/v2\/users\/2"}],"replies":[{"embeddable":true,"href":"https:\/\/www.europesays.com\/es\/wp-json\/wp\/v2\/comments?post=125662"}],"version-history":[{"count":0,"href":"https:\/\/www.europesays.com\/es\/wp-json\/wp\/v2\/posts\/125662\/revisions"}],"wp:featuredmedia":[{"embeddable":true,"href":"https:\/\/www.europesays.com\/es\/wp-json\/wp\/v2\/media\/125663"}],"wp:attachment":[{"href":"https:\/\/www.europesays.com\/es\/wp-json\/wp\/v2\/media?parent=125662"}],"wp:term":[{"taxonomy":"category","embeddable":true,"href":"https:\/\/www.europesays.com\/es\/wp-json\/wp\/v2\/categories?post=125662"},{"taxonomy":"post_tag","embeddable":true,"href":"https:\/\/www.europesays.com\/es\/wp-json\/wp\/v2\/tags?post=125662"}],"curies":[{"name":"wp","href":"https:\/\/api.w.org\/{rel}","templated":true}]}}