{"id":125674,"date":"2025-09-19T17:18:10","date_gmt":"2025-09-19T17:18:10","guid":{"rendered":"https:\/\/www.europesays.com\/es\/125674\/"},"modified":"2025-09-19T17:18:10","modified_gmt":"2025-09-19T17:18:10","slug":"estonia-denuncia-que-tres-cazas-rusos-ha-violado-su-espacio-aereo-durante-12-minutos-internacional","status":"publish","type":"post","link":"https:\/\/www.europesays.com\/es\/125674\/","title":{"rendered":"Estonia denuncia que tres cazas rusos ha violado su espacio a\u00e9reo durante 12 minutos | Internacional"},"content":{"rendered":"<p>El gobierno de Estonia ha informado en un comunicado de que tres cazas rusos MIG-31 han violado su espacio a\u00e9reo durante 12 minutos este viernes. El ministro de Defensa de Estonia lo ha calificado como un incidente \u00abbrutal\u00bb y \u00absin precedentes\u00bb. El ministro de Exteriores ha convocado al encargado de negocios ruso en el pa\u00eds para expresarle su protesta, denunciando que han pedido una mayor presi\u00f3n pol\u00edtica y econ\u00f3mica contra Mosc\u00fa. <\/p>\n<p>La OTAN ha asegurado este viernes que \u00abrespondi\u00f3 inmediatamente e intercept\u00f3\u00bb los tres cazas rusos que violaron este viernes el espacio a\u00e9reo de Estonia durante 12 minutos, seg\u00fan ha informado la alianza militar. \u00abEste es otro ejemplo m\u00e1s del comportamiento imprudente de Rusia y de la capacidad de respuesta de la OTAN\u00bb, ha indicado la portavoz de la Alianza.<\/p>\n<blockquote class=\"twitter-tweet\">\n<p lang=\"en\" dir=\"ltr\">Earlier today, Russian jets violated Estonian airspace. NATO responded immediately and intercepted the Russian aircraft. This is yet another example of reckless Russian behaviour and NATO\u2019s ability to respond.<\/p>\n<p>\u2014 NATO Spokesperson (@NATOpress) <a href=\"https:\/\/twitter.com\/NATOpress\/status\/1969056983413080540?ref_src=twsrc%5Etfw\" rel=\"nofollow noopener\" target=\"_blank\">September 19, 2025<\/a><\/p><\/blockquote>\n<p>M\u00e1s informaci\u00f3n<\/p>\n<p>Los tres aviones carec\u00edan de planes de vuelo y sus transpondedores estaban desactivados. Las aeronaves tampoco contaban con comunicaci\u00f3n por radio bidireccional con los servicios del tr\u00e1fico a\u00e9reo de Estonia. Los dos pa\u00edses comparten 680 kil\u00f3metros de frontera terrestre. <\/p>\n<p>El incidente se ha producido poco m\u00e1s de una semana despu\u00e9s de que m\u00e1s de 20 drones rusos ingresaran al espacio a\u00e9reo polaco durante la noche del 9 al 10 de septiembre, lo que llev\u00f3 a que aviones de la OTAN derribaran algunos de ellos y a que funcionarios occidentales afirmaran que Rusia estaba poniendo a prueba la preparaci\u00f3n y determinaci\u00f3n de la alianza.<\/p>\n<p>Tallin inform\u00f3 el viernes que los tres cazas MIG-31 ingresaron al espacio a\u00e9reo estonio sin permiso y permanecieron all\u00ed durante un total de 12 minutos. \u00abRusia ya ha violado el espacio a\u00e9reo estonio en cuatro ocasiones este a\u00f1o, lo cual es inaceptable de por s\u00ed, pero la violaci\u00f3n de hoy, en la que tres cazas entraron en nuestro espacio a\u00e9reo, es descaradamente sin precedentes\u00bb, declar\u00f3 el ministro de Asuntos Exteriores de Estonia, Margus Tsahkna.<\/p>\n<p>\u00abLas constantes pruebas de l\u00edmites y la creciente agresividad de Rusia deben ser respondidas con un r\u00e1pido fortalecimiento de la presi\u00f3n pol\u00edtica y econ\u00f3mica.\u00bb, ha indicado el ministro de Exteriores, que ha apuntado que \u00abesta violaci\u00f3n del espacio a\u00e9reo es una intrusi\u00f3n sin precedentes y descarada\u00bb y \u00abuna prueba clara de la creciente agresividad de Rusia\u00bb. \u00abEstas acciones no pueden ser toleradas y deben ser respondidas con r\u00e1pida presi\u00f3n pol\u00edtica y econ\u00f3mica\u00bb, ha comentado el ministro. <\/p>\n<blockquote class=\"twitter-tweet\">\n<p lang=\"en\" dir=\"ltr\">Today <a href=\"https:\/\/twitter.com\/MFAestonia?ref_src=twsrc%5Etfw\" rel=\"nofollow noopener\" target=\"_blank\">@MFAestonia<\/a> summoned Russia\u2019s charg\u00e9 d\u2019affaires over another violation of Estonia\u2019s airspace, when three Russian MiG-31s entered our airspace over the Gulf of Finland for 12 minutes. <\/p>\n<p>This is an unprecedented and brazen intrusion \u2014 clear proof of Russia\u2019s growing\u2026<\/p>\n<p>\u2014 Margus Tsahkna (@Tsahkna) <a href=\"https:\/\/twitter.com\/Tsahkna\/status\/1969050050123764155?ref_src=twsrc%5Etfw\" rel=\"nofollow noopener\" target=\"_blank\">September 19, 2025<\/a><\/p><\/blockquote>\n<p>Estonia indic\u00f3 que hab\u00eda presentado una protesta al principal diplom\u00e1tico ruso en el pa\u00eds. Firme defensor de Ucrania, Tallin declar\u00f3 en mayo que Mosc\u00fa hab\u00eda enviado brevemente un caza al espacio a\u00e9reo de la OTAN sobre el mar B\u00e1ltico durante un intento de interceptar un petrolero con destino a Rusia, que se cre\u00eda formaba parte de una \u201cflota en la sombra\u201d que burlaba las sanciones occidentales impuestas a Mosc\u00fa.<\/p>\n<p>Kaja Kallas: \u00abEs una provocaci\u00f3n extremadamente peligrosa\u00bb<\/p>\n<p>La alta representante de la UE para los asuntos exteriores, la estonia Kaja Kallas, ha denunciado que \u00abla violaci\u00f3n del espacio a\u00e9reo de Estonia por aeronaves militares rusas es una provocaci\u00f3n extremadamente peligrosa\u00bb. Lo ha hecho en la presentaci\u00f3n del 19\u00aa paquete de sanciones a Rusia. <\/p>\n<p>La CE ha propuesto tomar medidas contra los esquemas de evasi\u00f3n financiera de Rusia en terceros pa\u00edses, incluso a trav\u00e9s de criptomonedas, y apuntar al sistema de tarjetas de cr\u00e9dito ruso MIR, ha se\u00f1alado Kallas. La propuesta a\u00f1adir\u00eda m\u00e1s productos qu\u00edmicos, componentes met\u00e1licos, sales y minerales a las prohibiciones de exportaci\u00f3n de la UE, as\u00ed como controles m\u00e1s estrictos a las exportaciones hacia entidades de Rusia, China e India, explic\u00f3 Kallas en un hilo en X. \u201cQueremos golpear donde Rusia obtiene su dinero. Ning\u00fan sector est\u00e1 fuera de l\u00edmites\u201d, escribi\u00f3 en su cuenta. <\/p>\n<blockquote class=\"twitter-tweet\">\n<p lang=\"en\" dir=\"ltr\">Moscow thinks it can keep its war going.<br \/>We are making sure it pays the price for it.<\/p>\n<p>Today, we present our 19th sanctions package. Every sanction reduces the Kremlin\u2019s ability to wage war.<\/p>\n<p>We won\u2019t stop putting pressure on Russia until it ends its war.<\/p>\n<p>\u2014 Kaja Kallas (@kajakallas) <a href=\"https:\/\/twitter.com\/kajakallas\/status\/1969005103257379249?ref_src=twsrc%5Etfw\" rel=\"nofollow noopener\" target=\"_blank\">September 19, 2025<\/a><\/p><\/blockquote>\n<p>\u00abSe trata de la tercera violaci\u00f3n de este tipo del espacio a\u00e9reo de la UE en d\u00edas y aumenta a\u00fan m\u00e1s las tensiones en la regi\u00f3n. La UE se solidariza plenamente con Estonia. Estoy en estrecho contacto con el gobierno de Estonia. Seguiremos apoyando a nuestros Estados miembros para que refuercen sus defensas con recursos europeos. Putin est\u00e1 poniendo a prueba la determinaci\u00f3n de Occidente. No debemos mostrar debilidad\u00bb, ha escrito Kaja Kallas en su cuenta de X. <\/p>\n<blockquote class=\"twitter-tweet\">\n<p lang=\"en\" dir=\"ltr\">Today&#8217;s violation of Estonia&#8217;s airspace by Russian military aircraft is an extremely dangerous provocation.<\/p>\n<p>This marks the third such violation of EU airspace in days and further escalates tensions in the region.<\/p>\n<p>The EU stands in full solidarity with Estonia (1\/2)<\/p>\n<p>\u2014 Kaja Kallas (@kajakallas) <a href=\"https:\/\/twitter.com\/kajakallas\/status\/1969052127688348027?ref_src=twsrc%5Etfw\" rel=\"nofollow noopener\" target=\"_blank\">September 19, 2025<\/a><\/p><\/blockquote>\n<blockquote class=\"twitter-tweet\">\n<p lang=\"en\" dir=\"ltr\">I am in close contact with the Estonian government.<\/p>\n<p>We will continue to support our member states in strengthening their defences with European resources.<\/p>\n<p>Putin is testing the West&#8217;s resolve. <br \/>We must not show weakness. (2\/2)<\/p>\n<p>\u2014 Kaja Kallas (@kajakallas) <a href=\"https:\/\/twitter.com\/kajakallas\/status\/1969052214728511976?ref_src=twsrc%5Etfw\" rel=\"nofollow noopener\" target=\"_blank\">September 19, 2025<\/a><\/p><\/blockquote>\n<p>Von der Leyen asegura que Europa \u00abresponder\u00e1 a cada provocaci\u00f3n\u00bb rusa mientras sube la inversi\u00f3n en el flanco oriental<\/p>\n<p>La presidenta de la Comisi\u00f3n Europea ha condenado tajantemente la \u00faltima violaci\u00f3n del espacio a\u00e9reo de la OTAN por parte de Rusia. La Uni\u00f3n ha aprobado este viernes el 19\u00aa paquete de sanciones al pa\u00eds presidido por Vladimir Putin. <\/p>\n<p>\u00abEuropa apoya a Estonia ante la \u00faltima violaci\u00f3n de nuestro espacio a\u00e9reo por parte de Rusia. Responderemos a cada provocaci\u00f3n con determinaci\u00f3n mientras invertimos en un flanco oriental m\u00e1s fuerte. A medida que aumentan las amenazas, tambi\u00e9n lo har\u00e1 nuestra presi\u00f3n. Hago un llamamiento a los dirigentes de la UE para que aprueben r\u00e1pidamente nuestro 19\u00ba paquete de sanciones\u00bb, ha escrito la presidenta de la Comisi\u00f3n Europea en su cuenta de X. <\/p>\n<blockquote class=\"twitter-tweet\">\n<p lang=\"en\" dir=\"ltr\">Europe stands with Estonia in the face of Russia\u2019s latest violation of our airspace.<\/p>\n<p>We will respond to every provocation with determination while investing in a stronger Eastern flank.<\/p>\n<p>As threats escalate, so too will our pressure.<\/p>\n<p>I call on EU leaders to swiftly approve our\u2026<\/p>\n<p>\u2014 Ursula von der Leyen (@vonderleyen) <a href=\"https:\/\/twitter.com\/vonderleyen\/status\/1969058467374919902?ref_src=twsrc%5Etfw\" rel=\"nofollow noopener\" target=\"_blank\">September 19, 2025<\/a><\/p><\/blockquote>\n<p>Ant\u00f3nio Costa lo califica de \u00abprovocaci\u00f3n inaceptable\u00bb<\/p>\n<p>El presidente del Consejo Europeo, Ant\u00f3nio Costa, ha calificado la invasi\u00f3n del espacio a\u00e9reo estonio por parte de Rusia de \u00abprovocaci\u00f3n inaceptable\u00bb. El portugu\u00e9s ha querido mandar su solidaridad al pa\u00eds b\u00e1ltico y ha asegurado que Europa abordara una respuesta colectiva en la reuni\u00f3n informal del Consejo Europeo en Copenhague el 1 de octubre<\/p>\n<p>\u00abLa Uni\u00f3n Europea se mantiene firmemente solidaria con Estonia. La violaci\u00f3n del espacio a\u00e9reo estonio por parte de tres aviones militares rusos es otra provocaci\u00f3n inaceptable.<\/p>\n<p>Esto pone de relieve una vez m\u00e1s la urgente necesidad de reforzar nuestro flanco oriental, profundizar la cooperaci\u00f3n europea en materia de defensa e intensificar la presi\u00f3n sobre Rusia.<\/p>\n<p>Abordaremos nuestra respuesta colectiva a las acciones de Rusia en la reuni\u00f3n informal del Consejo Europeo en Copenhague el 1 de octubre\u00bb, ha escrito Costa en su cuenta de X. <\/p>\n<blockquote class=\"twitter-tweet\">\n<p lang=\"en\" dir=\"ltr\">The European Union stands firmly in solidarity with \ud83c\uddea\ud83c\uddea.<\/p>\n<p>Today&#8217;s violation of Estonian airspace by three Russian military aircraft is another unacceptable provocation.<\/p>\n<p>It underscores yet again the urgent need to reinforce our Eastern flank, deepen European defence cooperation,\u2026<\/p>\n<p>\u2014 Ant\u00f3nio Costa (@eucopresident) <a href=\"https:\/\/twitter.com\/eucopresident\/status\/1969071428193382764?ref_src=twsrc%5Etfw\" rel=\"nofollow noopener\" target=\"_blank\">September 19, 2025<\/a><\/p><\/blockquote>\n<p><script async src=\"https:\/\/platform.twitter.com\/widgets.js\" charset=\"utf-8\"><\/script><\/p>\n","protected":false},"excerpt":{"rendered":"El gobierno de Estonia ha informado en un comunicado de que tres cazas rusos MIG-31 han violado su&hellip;\n","protected":false},"author":2,"featured_media":125675,"comment_status":"","ping_status":"","sticky":false,"template":"","format":"standard","meta":{"footnotes":""},"categories":[5],"tags":[17,18,25,24,13,14,11,19,20,9,10,15,16,23,12,21,22],"class_list":{"0":"post-125674","1":"post","2":"type-post","3":"status-publish","4":"format-standard","5":"has-post-thumbnail","7":"category-titulares","8":"tag-breaking-news","9":"tag-breakingnews","10":"tag-es","11":"tag-espana","12":"tag-featured-news","13":"tag-featurednews","14":"tag-headlines","15":"tag-latest-news","16":"tag-latestnews","17":"tag-news","18":"tag-noticias","19":"tag-noticias-destacadas","20":"tag-noticiasdestacadas","21":"tag-spain","22":"tag-titulares","23":"tag-ultimas-noticias","24":"tag-ultimasnoticias"},"share_on_mastodon":{"url":"","error":""},"_links":{"self":[{"href":"https:\/\/www.europesays.com\/es\/wp-json\/wp\/v2\/posts\/125674","targetHints":{"allow":["GET"]}}],"collection":[{"href":"https:\/\/www.europesays.com\/es\/wp-json\/wp\/v2\/posts"}],"about":[{"href":"https:\/\/www.europesays.com\/es\/wp-json\/wp\/v2\/types\/post"}],"author":[{"embeddable":true,"href":"https:\/\/www.europesays.com\/es\/wp-json\/wp\/v2\/users\/2"}],"replies":[{"embeddable":true,"href":"https:\/\/www.europesays.com\/es\/wp-json\/wp\/v2\/comments?post=125674"}],"version-history":[{"count":0,"href":"https:\/\/www.europesays.com\/es\/wp-json\/wp\/v2\/posts\/125674\/revisions"}],"wp:featuredmedia":[{"embeddable":true,"href":"https:\/\/www.europesays.com\/es\/wp-json\/wp\/v2\/media\/125675"}],"wp:attachment":[{"href":"https:\/\/www.europesays.com\/es\/wp-json\/wp\/v2\/media?parent=125674"}],"wp:term":[{"taxonomy":"category","embeddable":true,"href":"https:\/\/www.europesays.com\/es\/wp-json\/wp\/v2\/categories?post=125674"},{"taxonomy":"post_tag","embeddable":true,"href":"https:\/\/www.europesays.com\/es\/wp-json\/wp\/v2\/tags?post=125674"}],"curies":[{"name":"wp","href":"https:\/\/api.w.org\/{rel}","templated":true}]}}