{"id":125676,"date":"2025-09-19T17:19:14","date_gmt":"2025-09-19T17:19:14","guid":{"rendered":"https:\/\/www.europesays.com\/es\/125676\/"},"modified":"2025-09-19T17:19:14","modified_gmt":"2025-09-19T17:19:14","slug":"el-balonmano-galdar-gran-canaria-recibe-al-valinox-novas-en-su-estreno-oficial-en-casa","status":"publish","type":"post","link":"https:\/\/www.europesays.com\/es\/125676\/","title":{"rendered":"El Balonmano G\u00e1ldar Gran Canaria recibe al Valinox Nov\u00e1s en su estreno oficial en casa"},"content":{"rendered":"<p style=\"text-align:justify;\">El Balonmano G\u00e1ldar Gran Canaria afronta este s\u00e1bado, 20 de septiembre, su primer partido oficial en casa. El conjunto dirigido por Aday S\u00e1nchez se medir\u00e1 al Valinox Nov\u00e1s, un rival de m\u00e1xima exigencia reci\u00e9n descendido de la Divisi\u00f3n de Honor Plata y que parte como uno de los principales favoritos al t\u00edtulo. El encuentro se disputar\u00e1 a las 20:00 horas en el Pabell\u00f3n Juan Vega Mateos.<\/p>\n<p style=\"text-align:justify;\">\u00a0<\/p>\n<p style=\"text-align:justify;\">Tras su debut a domicilio, los galdenses buscar\u00e1n hacer valer el apoyo de su afici\u00f3n para sumar una victoria que refuerce el trabajo realizado en este arranque de temporada. La intensidad defensiva y la solidez en el juego colectivo ser\u00e1n claves para contrarrestar la experiencia y calidad del cuadro visitante.<\/p>\n<p style=\"text-align:justify;\">\u00a0<\/p>\n<p style=\"text-align:justify;\">El Valinox Nov\u00e1s llega a la cita tras haber sumado dos puntos en la primera jornada con victoria ante el Sermarther Ciuad de Tacoronte. Los gallegos cuentan con una plantilla que combina juventud y veteran\u00eda, destacando jugadores como el lateral derecho Bruno V\u00e1zquez, ex del Club Balonmano Cisne, y el central Nicol\u00e1s L\u00f3pez, un jugador \u00e1gil y con gran capacidad de fintar, llamado a ser uno de los motores ofensivos de su equipo.<\/p>\n<p style=\"text-align:justify;\">\u00a0<\/p>\n<p style=\"text-align:justify;\">Los jugadores convocados por Aday S\u00e1nchez para este partido son: Hugo G\u00f3mez, Carlos Grignani, Carlos Mederos, Alejandro Castellano, Jes\u00fas Mendoza, Marvyn Santiago, Saulo L\u00f3pez, Fran Trujillo, Yyaron Ram\u00edrez, Cayetano Gonz\u00e1lez, Guillermo Arencibia, Derek Pulido, Gonzalo Asensio, Nicol\u00e1s Tavella, Guillermo Cabral y Carlos Padr\u00f3n.<\/p>\n<p style=\"text-align:justify;\">\u00a0<\/p>\n<p style=\"text-align:justify;\">El Balonmano G\u00e1ldar Gran Canaria intentar\u00e1 imponer su ritmo y aprovechar el factor cancha para superar a un rival llamado a pelear en la parte alta de la clasificaci\u00f3n. La cita en el Juan Vega Mateos se presenta como una gran oportunidad para que la afici\u00f3n arrope a los suyos en el inicio del curso en casa.<\/p>\n","protected":false},"excerpt":{"rendered":"El Balonmano G\u00e1ldar Gran Canaria afronta este s\u00e1bado, 20 de septiembre, su primer partido oficial en casa. El&hellip;\n","protected":false},"author":2,"featured_media":125677,"comment_status":"","ping_status":"","sticky":false,"template":"","format":"standard","meta":{"footnotes":""},"categories":[278],"tags":[376,168,25,24,375,12595,23,167],"class_list":{"0":"post-125676","1":"post","2":"type-post","3":"status-publish","4":"format-standard","5":"has-post-thumbnail","7":"category-balonmano","8":"tag-balonmano","9":"tag-deportes","10":"tag-es","11":"tag-espana","12":"tag-handball","13":"tag-informacion-del-noroeste-de-gran-canaria","14":"tag-spain","15":"tag-sports"},"share_on_mastodon":{"url":"","error":""},"_links":{"self":[{"href":"https:\/\/www.europesays.com\/es\/wp-json\/wp\/v2\/posts\/125676","targetHints":{"allow":["GET"]}}],"collection":[{"href":"https:\/\/www.europesays.com\/es\/wp-json\/wp\/v2\/posts"}],"about":[{"href":"https:\/\/www.europesays.com\/es\/wp-json\/wp\/v2\/types\/post"}],"author":[{"embeddable":true,"href":"https:\/\/www.europesays.com\/es\/wp-json\/wp\/v2\/users\/2"}],"replies":[{"embeddable":true,"href":"https:\/\/www.europesays.com\/es\/wp-json\/wp\/v2\/comments?post=125676"}],"version-history":[{"count":0,"href":"https:\/\/www.europesays.com\/es\/wp-json\/wp\/v2\/posts\/125676\/revisions"}],"wp:featuredmedia":[{"embeddable":true,"href":"https:\/\/www.europesays.com\/es\/wp-json\/wp\/v2\/media\/125677"}],"wp:attachment":[{"href":"https:\/\/www.europesays.com\/es\/wp-json\/wp\/v2\/media?parent=125676"}],"wp:term":[{"taxonomy":"category","embeddable":true,"href":"https:\/\/www.europesays.com\/es\/wp-json\/wp\/v2\/categories?post=125676"},{"taxonomy":"post_tag","embeddable":true,"href":"https:\/\/www.europesays.com\/es\/wp-json\/wp\/v2\/tags?post=125676"}],"curies":[{"name":"wp","href":"https:\/\/api.w.org\/{rel}","templated":true}]}}