{"id":125678,"date":"2025-09-19T17:23:08","date_gmt":"2025-09-19T17:23:08","guid":{"rendered":"https:\/\/www.europesays.com\/es\/125678\/"},"modified":"2025-09-19T17:23:08","modified_gmt":"2025-09-19T17:23:08","slug":"espana-jugara-contra-chequia-el-jueves-20-de-noviembre","status":"publish","type":"post","link":"https:\/\/www.europesays.com\/es\/125678\/","title":{"rendered":"Espa\u00f1a jugar\u00e1 contra Chequia el jueves 20 de noviembre"},"content":{"rendered":"<p data-mrf-recirculation=\"Links P\u00e1rrafos\" class=\"ue-c-article__paragraph paragraph ue-c-article--first-letter-highlighted\">La selecci\u00f3n nacional de la Copa Davis ha sabido este viernes que su cruce de cuartos contra la Rep\u00fablica Checa en la m\u00e1xima competici\u00f3n por pa\u00edses <strong>ser\u00e1 el jueves 20 de noviembre, a partir de las 10.00 de la ma\u00f1ana<\/strong>.\u00a0<\/p>\n<p data-mrf-recirculation=\"Links P\u00e1rrafos\" class=\"ue-c-article__paragraph paragraph\">De esta forma, los espa\u00f1oles\u00a0<strong>Carlos Alcaraz y Marcel Granollers<\/strong>, que disputar\u00e1n la semana antes las ATP Finals de Tur\u00edn (9 al 16 de noviembre), <strong>saben que tendr\u00e1n un margen de tres d\u00edas de descanso en caso de llegar a la final del torneo de maestros<\/strong>. Esa circunstancia no se dio en la pasada edici\u00f3n donde Espa\u00f1a estuvo en pista en la jornada inaugural de la Final a 8 contra Pa\u00edses Bajos.\u00a0<\/p>\n<p>Abren Francia y B\u00e9lgica<br \/>\u200b<\/p>\n<p data-mrf-recirculation=\"Links P\u00e1rrafos\" class=\"ue-c-article__paragraph paragraph\"><strong>Los equipos de Francia y B\u00e9lgica<\/strong>, sin representantes en la cita de maestros de Tur\u00edn, <strong>ser\u00e1n los primeros en debutar el martes 18 de noviembre<\/strong>. Un d\u00eda m\u00e1s tarde lo har\u00e1 Italia, la anfitriona y vigente campeona contra Austria.\u00a0<\/p>\n<p data-mrf-recirculation=\"Links P\u00e1rrafos\" class=\"ue-c-article__paragraph paragraph\"><strong>Los ganadores se cruzar\u00e1n en una de las semifinales del viernes, a partir de las 16.00 horas<\/strong>. Eso quiere decir que tendr\u00e1n un d\u00eda de descanso respecto al finalista que salga de los cruces entre Espa\u00f1a y Chequia y Alemania y Argentina, los dos el jueves 20. La segunda semifinal est\u00e1 programada para el s\u00e1bado, a las 12.00 horas. <strong>La final es el domingo 23 a partir de las 15.00 horas<\/strong>.\u00a0\u00a0<br \/>\u200b<br \/>\u200b<strong>Un total de 159 equipos<\/strong> han competido en la Copa Davis 2025. S\u00f3lo ocho optan a levantar la Ensaladera de plata.\u00a0<\/p>\n","protected":false},"excerpt":{"rendered":"La selecci\u00f3n nacional de la Copa Davis ha sabido este viernes que su cruce de cuartos contra la&hellip;\n","protected":false},"author":2,"featured_media":125679,"comment_status":"","ping_status":"","sticky":false,"template":"","format":"standard","meta":{"footnotes":""},"categories":[274],"tags":[168,25,24,23,167,327,326],"class_list":{"0":"post-125678","1":"post","2":"type-post","3":"status-publish","4":"format-standard","5":"has-post-thumbnail","7":"category-tenis","8":"tag-deportes","9":"tag-es","10":"tag-espana","11":"tag-spain","12":"tag-sports","13":"tag-tenis","14":"tag-tennis"},"share_on_mastodon":{"url":"","error":""},"_links":{"self":[{"href":"https:\/\/www.europesays.com\/es\/wp-json\/wp\/v2\/posts\/125678","targetHints":{"allow":["GET"]}}],"collection":[{"href":"https:\/\/www.europesays.com\/es\/wp-json\/wp\/v2\/posts"}],"about":[{"href":"https:\/\/www.europesays.com\/es\/wp-json\/wp\/v2\/types\/post"}],"author":[{"embeddable":true,"href":"https:\/\/www.europesays.com\/es\/wp-json\/wp\/v2\/users\/2"}],"replies":[{"embeddable":true,"href":"https:\/\/www.europesays.com\/es\/wp-json\/wp\/v2\/comments?post=125678"}],"version-history":[{"count":0,"href":"https:\/\/www.europesays.com\/es\/wp-json\/wp\/v2\/posts\/125678\/revisions"}],"wp:featuredmedia":[{"embeddable":true,"href":"https:\/\/www.europesays.com\/es\/wp-json\/wp\/v2\/media\/125679"}],"wp:attachment":[{"href":"https:\/\/www.europesays.com\/es\/wp-json\/wp\/v2\/media?parent=125678"}],"wp:term":[{"taxonomy":"category","embeddable":true,"href":"https:\/\/www.europesays.com\/es\/wp-json\/wp\/v2\/categories?post=125678"},{"taxonomy":"post_tag","embeddable":true,"href":"https:\/\/www.europesays.com\/es\/wp-json\/wp\/v2\/tags?post=125678"}],"curies":[{"name":"wp","href":"https:\/\/api.w.org\/{rel}","templated":true}]}}