{"id":125688,"date":"2025-09-19T17:28:06","date_gmt":"2025-09-19T17:28:06","guid":{"rendered":"https:\/\/www.europesays.com\/es\/125688\/"},"modified":"2025-09-19T17:28:06","modified_gmt":"2025-09-19T17:28:06","slug":"fin-de-la-relacion-entre-tim-burton-y-monica-bellucci-la-pareja-anuncia-su-separacion-en-un-comunicado-conjun-la-razon","status":"publish","type":"post","link":"https:\/\/www.europesays.com\/es\/125688\/","title":{"rendered":"Fin de la relaci\u00f3n entre Tim Burton y Monica Bellucci: la pareja anuncia su separaci\u00f3n en un comunicado conjun &#8211; La Raz\u00f3n"},"content":{"rendered":"<ol>\n<li><a href=\"https:\/\/news.google.com\/rss\/articles\/CBMi_gFBVV95cUxPd0JLZ1k3b0tySzBmb2doM0E0UElhVk54U2hxY2EtNXA0bjZ2MlJoTjMyWTFXcHYydmlvZE84S1lkcmt6Y2JFME04R00zODJBamxYeENfSHJ5RkU3eDBjTTR6ZTdrTUcyajc1eEU1MHREVkxneHM1dFZRbnhTZ3MxeEs4bkpxMnZ5WFMyU1JJcnJRZFMyMDg2dWZQT29QU3lDS2RXQ0dpcXlwQzE3Rk1pRzRRc0hzVkM0aGhwNExGbzdHdzFJcF9Qd01Zal84a29INHM4T0V4QXVfQnFkTHlLSXNNNkc4dUZaY3lMS2ZJZ1RjQWZUSGRRWmlSeEpaUdIBkgJBVV95cUxNVDZNNjBZYXVEdVJKMEdaYWxVVDcxNVlwWTRYcmVBTXJwRUpPQ0EzOWZVNEZNVUo4Vl9LanhJNGtLZmp4SFdiRVNCUGJpem04aFNDWldFWHZ4VWF2MDgzejJCNGpFNHN6aTRnWFJlcDRKZGNESDVyWS1rc1ZzYmN2b254VldGQ3lIVlZWUHlaeDJmUDg1ckEzZVFHa3ktQnlCSzZBSkNEbE9vNGdjM0d0eWZnYnNRbFJqU0VUZTc1T0dQb2hGSnNIZHpaMTBqa090MFpIb1dQSnVYUVc2RHJ0OWpFT1ZwRGQ1MDVQYjFNMlYtTDZseXcwYWhLZE1DNnk2RzBsZnRvWkFVaG90bW1SX2FR?oc=5\" target=\"_blank\" rel=\"nofollow noopener\">Fin de la relaci\u00f3n entre Tim Burton y Monica Bellucci: la pareja anuncia su separaci\u00f3n en un comunicado conjun<\/a>&nbsp;&nbsp;La Raz\u00f3n<\/li>\n<li><a href=\"https:\/\/news.google.com\/rss\/articles\/CBMirgFBVV95cUxObEo2aERSOC00Z0RUeXUyVEZuSnRHdnFINklwbW5lRUt3bTE0NXFOSlZaRVVfQ0VCNC1uLWREVk50R2czZGVDYjFwRW8wQ3dQdkppem81X09qbTVxb0tjaW5pazUwRlExQ0lhSFRlS3p2aFNVZTQyNHV4TC0wQzZsSVZGQXluZkE4QUJRUk81LUxMWjBrTmMxVTZZYkdxZm14NlJmLUpBUjRybkRFa3c?oc=5\" target=\"_blank\" rel=\"nofollow noopener\">Tim Burton y Monica Bellucci rompen despu\u00e9s de tres a\u00f1os de relaci\u00f3n<\/a>&nbsp;&nbsp;EL PA\u00cdS<\/li>\n<li><a href=\"https:\/\/news.google.com\/rss\/articles\/CBMimwFBVV95cUxNQ1F6dkFvV1dkVGpWWkdrbm12VVRyaDctMVlKR2RBTmtEbGhvTlZIRUNTWlhhX2VMeGpVV2R2cVZwX3BpUFpSZFFpS2czdHRtWWIwcWJLTkhCRkx4aG9ianpIeXBNYzU0UGVJX3NUZ0xWQjFHNTNmU19GUkkyaXhmYUVINk5pVkhXUjN3Sk4xN21LRnlSRzZuSjdQTQ?oc=5\" target=\"_blank\" rel=\"nofollow noopener\">Monica Bellucci y Tim Burton se separan con \u00abgran respeto y cari\u00f1o mutuo\u00bb tras tres a\u00f1os de relaci\u00f3n<\/a>&nbsp;&nbsp;ABC<\/li>\n<li><a href=\"https:\/\/news.google.com\/rss\/articles\/CBMihgFBVV95cUxQOG53SEg5eUMyMGt2MWNTbUpyUkJRNTdxN1hDa3RxTndocnZiLTFMR0l4VHhvV1pvNW15Sm84ekxuWTFHNHFlbk84d3hzalR0MzItdmM4azJPUWpSd3Jma3ZHSm4wVEZNUW92cXdTY1BNamtiOEV3alkwVG1wcHBmb0dJQzFiZ9IBhgFBVV95cUxPUldlOVVOM0kzMjlwY1RrTnM1Y1k5bUJlWnVqbkxxSDZJSU5TVDc1XzItV2lNUlVmejVhVnVrWGlpdk5WbkxRVy1QeDFXZnZ4RXRURzhYRm00aHYyU2I0N1MySWpoc00zaEE1VXNRcUhfdTlvV3dqYzczSmRMYXhCWGZOSFBVZw?oc=5\" target=\"_blank\" rel=\"nofollow noopener\">Tim Burton y Monica Bellucci anuncian su separaci\u00f3n<\/a>&nbsp;&nbsp;El Mundo<\/li>\n<li><a href=\"https:\/\/news.google.com\/rss\/articles\/CBMipAFBVV95cUxNRk9aaHpqV2hmd29zZ1Z6NHlHUWppekNvRU1VeUhhNFpqVG1vdGNEQURULVZpZ1RSTkJGS0JYcHF1dzAwUWJUQ3VmSGZibFBuT3JxU25sd05Xc3JvcXAtYVp4U3pGUzJpbC1qakNrQXNSNE5iYTAwVnRGZE1SNXBfNFkyVGl5RlR2bkRLYUpjQ3l4VzQ5bGctbmpXQ3l0cHZIXzJwYQ?oc=5\" target=\"_blank\" rel=\"nofollow noopener\">M\u00f3nica Bellucci y Tim Burton anuncian su inesperada ruptura<\/a>&nbsp;&nbsp;HOLA<\/li>\n<\/ol>\n","protected":false},"excerpt":{"rendered":"Fin de la relaci\u00f3n entre Tim Burton y Monica Bellucci: la pareja anuncia su separaci\u00f3n en un comunicado&hellip;\n","protected":false},"author":2,"featured_media":123323,"comment_status":"","ping_status":"","sticky":false,"template":"","format":"standard","meta":{"footnotes":""},"categories":[174],"tags":[255,146,147,25,24,256,23],"class_list":{"0":"post-125688","1":"post","2":"type-post","3":"status-publish","4":"format-standard","5":"has-post-thumbnail","7":"category-famosos","8":"tag-celebrities","9":"tag-entertainment","10":"tag-entretenimiento","11":"tag-es","12":"tag-espana","13":"tag-famosos","14":"tag-spain"},"share_on_mastodon":{"url":"","error":""},"_links":{"self":[{"href":"https:\/\/www.europesays.com\/es\/wp-json\/wp\/v2\/posts\/125688","targetHints":{"allow":["GET"]}}],"collection":[{"href":"https:\/\/www.europesays.com\/es\/wp-json\/wp\/v2\/posts"}],"about":[{"href":"https:\/\/www.europesays.com\/es\/wp-json\/wp\/v2\/types\/post"}],"author":[{"embeddable":true,"href":"https:\/\/www.europesays.com\/es\/wp-json\/wp\/v2\/users\/2"}],"replies":[{"embeddable":true,"href":"https:\/\/www.europesays.com\/es\/wp-json\/wp\/v2\/comments?post=125688"}],"version-history":[{"count":0,"href":"https:\/\/www.europesays.com\/es\/wp-json\/wp\/v2\/posts\/125688\/revisions"}],"wp:featuredmedia":[{"embeddable":true,"href":"https:\/\/www.europesays.com\/es\/wp-json\/wp\/v2\/media\/123323"}],"wp:attachment":[{"href":"https:\/\/www.europesays.com\/es\/wp-json\/wp\/v2\/media?parent=125688"}],"wp:term":[{"taxonomy":"category","embeddable":true,"href":"https:\/\/www.europesays.com\/es\/wp-json\/wp\/v2\/categories?post=125688"},{"taxonomy":"post_tag","embeddable":true,"href":"https:\/\/www.europesays.com\/es\/wp-json\/wp\/v2\/tags?post=125688"}],"curies":[{"name":"wp","href":"https:\/\/api.w.org\/{rel}","templated":true}]}}