{"id":125689,"date":"2025-09-19T17:30:10","date_gmt":"2025-09-19T17:30:10","guid":{"rendered":"https:\/\/www.europesays.com\/es\/125689\/"},"modified":"2025-09-19T17:30:10","modified_gmt":"2025-09-19T17:30:10","slug":"sylvester-stallone-sobre-su-nuevo-lanzamiento","status":"publish","type":"post","link":"https:\/\/www.europesays.com\/es\/125689\/","title":{"rendered":"Sylvester Stallone sobre su nuevo lanzamiento"},"content":{"rendered":"<p>El primer ministro polaco, Donald Tusk, dijo este mi\u00e9rcoles que el pa\u00eds europeo estaba desplegando <strong>una operaci\u00f3n relacionada con m\u00faltiples violaciones del espacio a\u00e9reo polaco<\/strong> tras el ingreso de drones rusos, ante un nuevo ataque masivo de Mosc\u00fa contra regiones ucranianas cercanas a la frontera con Polonia.<\/p>\n<p>Las fuerzas armadas polacas informaron que el espacio a\u00e9reo del pa\u00eds fue \u201cviolado repetidamente por drones\u201d en la madrugada del mi\u00e9rcoles.<\/p>\n<p><strong>Aviones de combate de la OTAN y polacos fueron desplegados<\/strong> para defenderse ante el presunto ataque.<\/p>\n<p>En una publicaci\u00f3n en la red social X, el primer ministro Tusk afirm\u00f3 haber estado en contacto constante con el Ministerio de Defensa y haber recibido informes directos del comandante de operaciones.<\/p>\n<p>El ministro de Defensa polaco, W\u0142adys\u0142aw Kosiniak-Kamysz, dijo que las Fuerzas de Defensa Territorial de Polonia fueron activadas para la b\u00fasqueda terrestre de drones derribados.<\/p>\n<p>Seg\u00fan el gobierno, estas fuerzas constituyen una parte integral del potencial de defensa y disuasi\u00f3n de Polonia.<\/p>\n<p>En una publicaci\u00f3n en X, Kosiniak-Kamysz tambi\u00e9n advirti\u00f3 a la poblaci\u00f3n que no recogiera fragmentos de objetos, sino que informara a la polic\u00eda.<\/p>\n<p><strong>Cuatro aeropuertos de Polonia, incluido el m\u00e1s grande, el de Varsovia, cerraron tras la entrada de drones rusos<\/strong> en su espacio a\u00e9reo, seg\u00fan la agencia de noticias Reuters.<\/p>\n<p>Dos aeropuertos de la capital, Varsovia \u2014el principal aeropuerto internacional <strong>Chopin<\/strong> y el aeropuerto de <strong>Varsovia Modlin<\/strong>\u2014 fueron cerrados.<\/p>\n<p>Tambi\u00e9n suspendieron sus operaciones el aeropuerto de <strong>Rzesz\u00f3w-Jasionka<\/strong> \u2014el aeropuerto m\u00e1s cercano a Ucrania\u2014 y el de <strong>Lublin<\/strong>, seg\u00fan un aviso publicado en el sitio web de la Administraci\u00f3n Federal de Aviaci\u00f3n de Estados Unidos (FAA, por sus siglas en ingl\u00e9s).<\/p>\n<p>Las fuerzas armadas polacas indicaron que desplegaron sus aviones para salvaguardar su espacio a\u00e9reo.<\/p>\n<p>\u201cAviones polacos y aliados operan en nuestro espacio a\u00e9reo, mientras que los sistemas terrestres de defensa a\u00e9rea y reconocimiento por radar se han puesto en m\u00e1xima disponibilidad\u201d, public\u00f3 el mando operativo de las fuerzas armadas polacas.<\/p>\n<p>El mando operativo del ej\u00e9rcito tambi\u00e9n dijo que<strong> inici\u00f3 una operaci\u00f3n para identificar y neutralizar los objetivos.<\/strong><\/p>\n<p>\u201cSobre Polonia, se est\u00e1 llevando a cabo una operaci\u00f3n para neutralizar los objetos que han violado y sobrepasado la frontera de la Rep\u00fablica de Polonia\u201d, public\u00f3 en X el viceministro de Defensa polaco, Cezary Tomczyk.<\/p>\n<p>\u201cTodos los servicios est\u00e1n en acci\u00f3n. Les pedimos que sigan los anuncios del ej\u00e9rcito y la polic\u00eda polacos\u201d, a\u00f1adi\u00f3.<\/p>\n<p>Tras la confirmaci\u00f3n por parte de las fuerzas armadas polacas del derribo de objetivos rusos, se cree que es la primera vez que el pa\u00eds miembro de la OTAN se enfrenta directamente a activos rusos en su espacio a\u00e9reo desde el inicio de la guerra en Ucrania en 2022.<\/p>\n<p>No es la primera vez que se despliegan aviones de combate polacos desde el inicio del conflicto.<\/p>\n<p>Sin embargo, los casos anteriores se refer\u00edan principalmente a drones rusos que sobrevolaban el espacio a\u00e9reo polaco con el objetivo de llegar a Ucrania.<\/p>\n<p>En los momentos inmediatamente posteriores, Rusia guard\u00f3 silencio sobre el incidente.<\/p>\n<p>El presidente<strong> Vladimir Putin ha negado repetidamente cualquier intenci\u00f3n de declarar la guerra a los pa\u00edses de la OTAN,<\/strong> algo que muchos funcionarios occidentales est\u00e1n convencidos de que contradice lo que est\u00e1n analizando.<\/p>\n<p>Cuando estuve en Ucrania hace unas semanas, tambi\u00e9n se desplegaban aviones de combate polacos<\/p>\n<p><strong>An\u00e1lisis de Katy Watson, BBC News<\/strong><\/p>\n<p>Cada noche, los ucranianos se preparan para los ataques a\u00e9reos de drones y misiles rusos.<\/p>\n<p>Algunas noches son peores que otras, pero <strong>Ucrania nunca escapa a la agresi\u00f3n.<\/strong> Las sirenas antia\u00e9reas que resuenan en las ciudades son la banda sonora de la vida de la mayor\u00eda de los ucranianos.<\/p>\n<p>Y cada ma\u00f1ana, el ej\u00e9rcito ucraniano publica las cifras: cu\u00e1ntos drones y misiles atacaron, d\u00f3nde impactaron y qui\u00e9nes resultaron heridos.<\/p>\n<p>Es un patr\u00f3n familiar, pero los ataques a\u00e9reos son cada vez m\u00e1s descarados.<\/p>\n<p>A principios de esta semana se produjo el mayor ataque a\u00e9reo de la historia contra Ucrania, con m\u00e1s de 800 drones. Un edificio gubernamental fue el objetivo.<\/p>\n<p><img decoding=\"async\" loading=\"lazy\" src=\"https:\/\/www.europesays.com\/es\/wp-content\/uploads\/2025\/09\/170d9510-8df7-11f0-84c8-99de564f0440.jpg\" alt=\"Una columna de humo sale de un edificio.\" width=\"435\" height=\"226\"\/><br \/>\nReuters<\/p>\n<p>Ahora se lanzaron drones al extremo oeste de Ucrania; no es la primera vez que esta zona del pa\u00eds es atacada, pero la frecuencia va en aumento.<\/p>\n<p>Hace apenas unas semanas, cuando estuve en Ucrania, los aviones de combate polacos fueron despachados debido a los drones cerca de la frontera.<\/p>\n<p>Ahora que el aeropuerto de Varsovia fue cerrado; es una clara se\u00f1al de la escalada y el p\u00e1nico generado por la invasi\u00f3n del espacio a\u00e9reo polaco por parte de los drones Shahed, de fabricaci\u00f3n iran\u00ed.<\/p>\n<p>Aquellas conversaciones entre Donald Trump y Vladimir Putin en Alaska, que tuvieron lugar hace menos de cuatro semanas, parecen lejanas.<\/p>\n<p>Y tambi\u00e9n lo es la perspectiva de paz.<\/p>\n<p><img decoding=\"async\" loading=\"lazy\" src=\"https:\/\/www.europesays.com\/es\/wp-content\/uploads\/2025\/09\/56938350-8df4-11f0-9cf6-cbf3e73ce2b9.png\" alt=\"\" width=\"800\" height=\"100\"\/><br \/>\nBBC<\/p>\n<p><a href=\"https:\/\/www.bbc.com\/mundo\/send\/u184973209?xtor=AL-73-%5Bpartner%5D-%5Banimalpolitico.com%5D-%5Blink%5D-%5Bmundo%5D-%5Bbizdev%5D-%5Bisapi%5D\" rel=\"nofollow noopener\" target=\"_blank\">Suscr\u00edbete aqu\u00ed<\/a> a nuestro nuevo newsletter para recibir cada viernes una selecci\u00f3n de nuestro mejor contenido de la semana.<\/p>\n<p>Y recuerda que puedes recibir notificaciones en nuestra app. Descarga la \u00faltima versi\u00f3n y act\u00edvalas.<\/p>\n","protected":false},"excerpt":{"rendered":"El primer ministro polaco, Donald Tusk, dijo este mi\u00e9rcoles que el pa\u00eds europeo estaba desplegando una operaci\u00f3n relacionada&hellip;\n","protected":false},"author":2,"featured_media":125690,"comment_status":"","ping_status":"","sticky":false,"template":"","format":"standard","meta":{"footnotes":""},"categories":[172],"tags":[224,146,147,25,24,225,23],"class_list":{"0":"post-125689","1":"post","2":"type-post","3":"status-publish","4":"format-standard","5":"has-post-thumbnail","7":"category-libros","8":"tag-books","9":"tag-entertainment","10":"tag-entretenimiento","11":"tag-es","12":"tag-espana","13":"tag-libros","14":"tag-spain"},"share_on_mastodon":{"url":"","error":""},"_links":{"self":[{"href":"https:\/\/www.europesays.com\/es\/wp-json\/wp\/v2\/posts\/125689","targetHints":{"allow":["GET"]}}],"collection":[{"href":"https:\/\/www.europesays.com\/es\/wp-json\/wp\/v2\/posts"}],"about":[{"href":"https:\/\/www.europesays.com\/es\/wp-json\/wp\/v2\/types\/post"}],"author":[{"embeddable":true,"href":"https:\/\/www.europesays.com\/es\/wp-json\/wp\/v2\/users\/2"}],"replies":[{"embeddable":true,"href":"https:\/\/www.europesays.com\/es\/wp-json\/wp\/v2\/comments?post=125689"}],"version-history":[{"count":0,"href":"https:\/\/www.europesays.com\/es\/wp-json\/wp\/v2\/posts\/125689\/revisions"}],"wp:featuredmedia":[{"embeddable":true,"href":"https:\/\/www.europesays.com\/es\/wp-json\/wp\/v2\/media\/125690"}],"wp:attachment":[{"href":"https:\/\/www.europesays.com\/es\/wp-json\/wp\/v2\/media?parent=125689"}],"wp:term":[{"taxonomy":"category","embeddable":true,"href":"https:\/\/www.europesays.com\/es\/wp-json\/wp\/v2\/categories?post=125689"},{"taxonomy":"post_tag","embeddable":true,"href":"https:\/\/www.europesays.com\/es\/wp-json\/wp\/v2\/tags?post=125689"}],"curies":[{"name":"wp","href":"https:\/\/api.w.org\/{rel}","templated":true}]}}