{"id":125695,"date":"2025-09-19T17:33:09","date_gmt":"2025-09-19T17:33:09","guid":{"rendered":"https:\/\/www.europesays.com\/es\/125695\/"},"modified":"2025-09-19T17:33:09","modified_gmt":"2025-09-19T17:33:09","slug":"no-habria-sido-tan-bueno-como-john-cena-dave-bautista-se-alegra-de-haber-tenido-que-rechazar-ser-el-pacificador","status":"publish","type":"post","link":"https:\/\/www.europesays.com\/es\/125695\/","title":{"rendered":"\u00abNo habr\u00eda sido tan bueno como John Cena\u00bb. Dave Bautista se alegra de haber tenido que rechazar ser El Pacificador"},"content":{"rendered":"<p>Una de las series m\u00e1s comentadas de estas \u00faltimas semanas es <a class=\"text-outboundlink\" href=\"https:\/\/www.espinof.com\/criticas\/pacificador-irrumpe-triunfante-dcu-sobresaliente-temporada-2-serie-james-gunn-vuelve-divertida-violenta-como-se-fue\" data-vars-post-title=\"&#039;El Pacificador&#039; irrumpe triunfante en el DCU con una sobresaliente temporada 2. La serie de James Gunn vuelve tan divertida y violenta como se fue\" data-vars-post-url=\"https:\/\/www.espinof.com\/criticas\/pacificador-irrumpe-triunfante-dcu-sobresaliente-temporada-2-serie-james-gunn-vuelve-divertida-violenta-como-se-fue\" rel=\"nofollow noopener\" target=\"_blank\">&#8216;El Pacificador&#8217;<\/a>, la estupenda serie de superh\u00e9roes creada por <strong>James Gunn<\/strong> y protagonizada por <strong>John Cena<\/strong>. A su personaje principal lo vimos por primera vez en <a class=\"text-outboundlink\" href=\"https:\/\/www.espinof.com\/criticas\/escuadron-suicida-locura-genial-pelicula-salvaje-james-gunn-sus-inicios-blockbuster-brutal-ano\" data-vars-post-title=\"&#039;El escuadr\u00f3n suicida&#039; es una locura genial: la pel\u00edcula m\u00e1s salvaje de James Gunn desde sus inicios y el blockbuster m\u00e1s brutal del a\u00f1o \" data-vars-post-url=\"https:\/\/www.espinof.com\/criticas\/escuadron-suicida-locura-genial-pelicula-salvaje-james-gunn-sus-inicios-blockbuster-brutal-ano\" rel=\"nofollow noopener\" target=\"_blank\">&#8216;El Escuadr\u00f3n Suicida&#8217;<\/a> y lo cierto es que el plan era que lo hubiese interpretado <strong>Dave Bautista<\/strong>, quien ahora reconoce que se alegra de haber tenido que rechazar el papel.<\/p>\n<p>\u00abFue un problema de agenda\u00bb<\/p>\n<p>Bautista y Gunn hicieron muy buenas migas en la trilog\u00eda de &#8216;El Escuadr\u00f3n Suicida&#8217;, por lo que el cineasta incluso escribi\u00f3 el personaje de El Pacificador con el actor en mente. Sin embargo, <strong>Bautista se vio obligado a elegir entre dos proyecto<\/strong>s, tal y como \u00e9l mismo explica en <a class=\"text-outboundlink\" href=\"https:\/\/www.espinof.com\/listas\/mejores-peliculas-coches-todos-tiempos\" data-vars-post-title=\"Las 26 mejores pel\u00edculas de coches de todos los tiempos\" data-vars-post-url=\"https:\/\/www.espinof.com\/listas\/mejores-peliculas-coches-todos-tiempos\" rel=\"nofollow noopener\" target=\"_blank\">Comic Book<\/a>:<\/p>\n<blockquote><p>Quiero decir que realmente quer\u00eda hacer ese personaje. Lo escribi\u00f3 para m\u00ed, conmigo en mente, y surgi\u00f3 un problema de agenda por el que no pude hacerlo, porque iba a hacer &#8216;Ej\u00e9rcito de los muertos&#8217;. Fue un problema de agenda que no pudimos resolver.<\/p><\/blockquote>\n<p>El papel finalmente fue a manos de John Cena, quien comparte con Bautista un pasado en el <a class=\"text-outboundlink\" href=\"https:\/\/www.espinof.com\/deportes\/pressing-catch-el-arte-de-las-peleas-sin-sentido\" data-vars-post-title=\"&#039;Pressing Catch&#039;, el arte de las peleas sin sentido \" data-vars-post-url=\"https:\/\/www.espinof.com\/deportes\/pressing-catch-el-arte-de-las-peleas-sin-sentido\" rel=\"nofollow noopener\" target=\"_blank\">&#8216;Pressing Catch&#8217;<\/a>. Sin embargo, el tambi\u00e9n protagonista de la reciente <a class=\"text-outboundlink\" href=\"https:\/\/www.espinof.com\/criticas\/tierras-perdidas-no-suelta-acelerador-epica-cgi-primer-minuto-correr-pelicula-paul-ws-anderson-se-estrella-remision\" data-vars-post-title=\"&#039;Tierras perdidas&#039;, la nueva fantas\u00eda del director de &#039;Resident Evil&#039; y el creador de &#039;Juego de Tronos&#039;, no suelta el acelerador de la \u00e9pica en ning\u00fan momento\" data-vars-post-url=\"https:\/\/www.espinof.com\/criticas\/tierras-perdidas-no-suelta-acelerador-epica-cgi-primer-minuto-correr-pelicula-paul-ws-anderson-se-estrella-remision\" rel=\"nofollow noopener\" target=\"_blank\">&#8216;Tierras perdidas&#8217;<\/a> ha reconocido ahora que <strong>incluso se alegra de su decisi\u00f3n<\/strong>, ya que en ning\u00fan caso lo habr\u00eda hecho como Cena:<\/p>\n<p>    <a href=\"https:\/\/www.espinof.com\/listas\/mejores-series-superheroes-netflix-hbo-otras-plataformas-streaming\" class=\"pivot-outboundlink\" data-vars-post-title=\"Las 19 mejores series de superh\u00e9roes en Netflix, HBO Max, Disney+, Amazon y otras plataformas de streaming\" rel=\"nofollow noopener\" target=\"_blank\"><br \/>\n     <img loading=\"lazy\" decoding=\"async\" alt=\"Las 19 mejores series de superh\u00e9roes en Netflix, HBO Max, Disney+, Amazon y otras plataformas de streaming\" width=\"375\" height=\"142\" src=\"https:\/\/www.europesays.com\/es\/wp-content\/uploads\/2025\/09\/1758303189_625_375_142.jpeg\"\/><br \/>\n    <\/a><\/p>\n<blockquote><p>Creo que fue genial. Fue una bendici\u00f3n no haberlo hecho,\u00a0porque, siendo sincero, de ninguna manera habr\u00eda podido interpretar ese papel como John. Es perfecto para \u00e9l, \u00bfsabes?, y yo no le habr\u00eda hecho justicia, y no habr\u00eda tenido tanto \u00e9xito.<\/p><\/blockquote>\n<blockquote><p>Mira, y lo digo con un poco de envidia, \u00bfsabes? Me encantar\u00eda. Simplemente no habr\u00eda podido hacer lo mismo que John para darle vida a ese personaje. No habr\u00eda sido lo mismo. No habr\u00eda sido tan bueno. Sinceramente, no habr\u00eda sido tan bueno.<\/p><\/blockquote>\n<p><strong>Todos contentos entonces<\/strong>, porque seguro que no soy el \u00fanico al que ahora le cuesta pensar a otro actor en el personaje que Cena ha inmortalizado tanto en el cine como en la televisi\u00f3n.<\/p>\n<p>En Espinof | <a class=\"text-outboundlink\" href=\"https:\/\/www.espinof.com\/listas\/mejores-series-max-2025\" data-vars-post-title=\"Las 9 mejores series de HBO Max en 2025... por ahora\" data-vars-post-url=\"https:\/\/www.espinof.com\/listas\/mejores-series-max-2025\" rel=\"nofollow noopener\" target=\"_blank\">Las mejores series de HBO Max en 2025<\/a><\/p>\n<p>En Espinof | <a class=\"text-outboundlink\" href=\"https:\/\/www.espinof.com\/listas\/mejores-series-netflix-2025\" data-vars-post-title=\"Las 11 mejores series de Netflix en 2025 (por ahora)\" data-vars-post-url=\"https:\/\/www.espinof.com\/listas\/mejores-series-netflix-2025\" rel=\"nofollow noopener\" target=\"_blank\">Las mejores series de Netflix en 2025<\/a><\/p>\n","protected":false},"excerpt":{"rendered":"Una de las series m\u00e1s comentadas de estas \u00faltimas semanas es &#8216;El Pacificador&#8217;, la estupenda serie de superh\u00e9roes&hellip;\n","protected":false},"author":2,"featured_media":125696,"comment_status":"","ping_status":"","sticky":false,"template":"","format":"standard","meta":{"footnotes":""},"categories":[169],"tags":[177,146,147,25,24,176,175,23],"class_list":{"0":"post-125695","1":"post","2":"type-post","3":"status-publish","4":"format-standard","5":"has-post-thumbnail","7":"category-cine","8":"tag-cine","9":"tag-entertainment","10":"tag-entretenimiento","11":"tag-es","12":"tag-espana","13":"tag-film","14":"tag-movies","15":"tag-spain"},"share_on_mastodon":{"url":"","error":""},"_links":{"self":[{"href":"https:\/\/www.europesays.com\/es\/wp-json\/wp\/v2\/posts\/125695","targetHints":{"allow":["GET"]}}],"collection":[{"href":"https:\/\/www.europesays.com\/es\/wp-json\/wp\/v2\/posts"}],"about":[{"href":"https:\/\/www.europesays.com\/es\/wp-json\/wp\/v2\/types\/post"}],"author":[{"embeddable":true,"href":"https:\/\/www.europesays.com\/es\/wp-json\/wp\/v2\/users\/2"}],"replies":[{"embeddable":true,"href":"https:\/\/www.europesays.com\/es\/wp-json\/wp\/v2\/comments?post=125695"}],"version-history":[{"count":0,"href":"https:\/\/www.europesays.com\/es\/wp-json\/wp\/v2\/posts\/125695\/revisions"}],"wp:featuredmedia":[{"embeddable":true,"href":"https:\/\/www.europesays.com\/es\/wp-json\/wp\/v2\/media\/125696"}],"wp:attachment":[{"href":"https:\/\/www.europesays.com\/es\/wp-json\/wp\/v2\/media?parent=125695"}],"wp:term":[{"taxonomy":"category","embeddable":true,"href":"https:\/\/www.europesays.com\/es\/wp-json\/wp\/v2\/categories?post=125695"},{"taxonomy":"post_tag","embeddable":true,"href":"https:\/\/www.europesays.com\/es\/wp-json\/wp\/v2\/tags?post=125695"}],"curies":[{"name":"wp","href":"https:\/\/api.w.org\/{rel}","templated":true}]}}