{"id":125706,"date":"2025-09-19T17:40:05","date_gmt":"2025-09-19T17:40:05","guid":{"rendered":"https:\/\/www.europesays.com\/es\/125706\/"},"modified":"2025-09-19T17:40:05","modified_gmt":"2025-09-19T17:40:05","slug":"un-hombre-se-salva-de-su-secuestro-al-lanzar-notas-de-auxilio-en-servilletas-necesito-ayuda-urgente","status":"publish","type":"post","link":"https:\/\/www.europesays.com\/es\/125706\/","title":{"rendered":"Un hombre se salva de su secuestro al lanzar notas de auxilio en servilletas: \u00abNecesito ayuda urgente\u00bb"},"content":{"rendered":"<p class=\"articleParagraph\">La <b>Polic\u00eda Nacional<\/b> ha liberado a un hombre que permanec\u00eda <b>retenido en un piso del distrito madrile\u00f1o de Puente de Vallecas<\/b>, despu\u00e9s de que consiguiera pedir ayuda lanzando <b>servilletas manuscritas<\/b> por la ventana con mensajes de auxilio. El presunto secuestrador, un var\u00f3n de 33 a\u00f1os y con antecedentes, ha sido detenido y se encuentra en prisi\u00f3n provisional.<\/p>\n<p class=\"articleParagraph\">Los hechos ocurrieron el <b>11 de septiembre<\/b>, cuando una vecina alert\u00f3 al <b>091<\/b> tras encontrar en la calle varios de esos mensajes, en los que la v\u00edctima ped\u00eda que la Polic\u00eda entrara cuanto antes en la vivienda porque estaba encerrado con un hombre \u00abviolento y armado\u00bb.<\/p>\n<p>Mensajes desesperados en servilletas<\/p>\n<p class=\"articleParagraph\">En los escritos, el hombre secuestrado detallaba su situaci\u00f3n y facilitaba el n\u00famero de tel\u00e9fono de sus padres y la direcci\u00f3n exacta del domicilio donde permanec\u00eda retenido. <b>\u00abNecesito ayuda urgente. Estoy encerrado, no puedo salir. Llamar a Polic\u00eda 112. Estoy secuestrado. Me ha pegado, le pido discreci\u00f3n\u00bb<\/b>, dec\u00eda uno de los mensajes, seg\u00fan adelant\u00f3 el diario ABC.<\/p>\n<p class=\"articleParagraph\">Cuando los agentes llegaron, lograron hablar con la v\u00edctima a trav\u00e9s de la ventana. Con apoyo de los bomberos, <b>forzaron la entrada al inmueble<\/b> y confirmaron que el hombre presentaba lesiones y hematomas, por lo que fue trasladado a un hospital.<\/p>\n<p>Amistad rota y m\u00f3vil econ\u00f3mico<\/p>\n<p class=\"articleParagraph\">Seg\u00fan fuentes policiales, la v\u00edctima hab\u00eda aceptado tiempo atr\u00e1s la invitaci\u00f3n de su presunto secuestrador para <b>alojarse temporalmente en su vivienda<\/b>, despu\u00e9s de haber vivido en la calle. Durante meses convivieron de forma pac\u00edfica, hasta que el detenido supo que su inquilino iba a recibir una suma de dinero y, desde entonces, <b>le prohibi\u00f3 salir del piso, le arrebat\u00f3 el m\u00f3vil y comenz\u00f3 a agredirle<\/b>.<\/p>\n<p class=\"articleParagraph\">El supuesto autor, con antecedentes y experiencia en <b>tratos fraudulentos<\/b>, exig\u00eda los ingresos que su v\u00edctima iba a percibir. Para ello, lleg\u00f3 a <b>encerrarlo, golpearlo y amenazarlo de muerte<\/b>. Finalmente, fue arrestado y puesto a disposici\u00f3n judicial como presunto responsable de los delitos de <b>detenci\u00f3n ilegal, lesiones, torturas y tenencia il\u00edcita de armas<\/b>.<\/p>\n","protected":false},"excerpt":{"rendered":"La Polic\u00eda Nacional ha liberado a un hombre que permanec\u00eda retenido en un piso del distrito madrile\u00f1o de&hellip;\n","protected":false},"author":2,"featured_media":125707,"comment_status":"","ping_status":"","sticky":false,"template":"","format":"standard","meta":{"footnotes":""},"categories":[8],"tags":[17,18,25,24,13,14,11,19,20,9,10,15,16,23,12,21,22],"class_list":{"0":"post-125706","1":"post","2":"type-post","3":"status-publish","4":"format-standard","5":"has-post-thumbnail","7":"category-espana","8":"tag-breaking-news","9":"tag-breakingnews","10":"tag-es","11":"tag-espana","12":"tag-featured-news","13":"tag-featurednews","14":"tag-headlines","15":"tag-latest-news","16":"tag-latestnews","17":"tag-news","18":"tag-noticias","19":"tag-noticias-destacadas","20":"tag-noticiasdestacadas","21":"tag-spain","22":"tag-titulares","23":"tag-ultimas-noticias","24":"tag-ultimasnoticias"},"share_on_mastodon":{"url":"","error":""},"_links":{"self":[{"href":"https:\/\/www.europesays.com\/es\/wp-json\/wp\/v2\/posts\/125706","targetHints":{"allow":["GET"]}}],"collection":[{"href":"https:\/\/www.europesays.com\/es\/wp-json\/wp\/v2\/posts"}],"about":[{"href":"https:\/\/www.europesays.com\/es\/wp-json\/wp\/v2\/types\/post"}],"author":[{"embeddable":true,"href":"https:\/\/www.europesays.com\/es\/wp-json\/wp\/v2\/users\/2"}],"replies":[{"embeddable":true,"href":"https:\/\/www.europesays.com\/es\/wp-json\/wp\/v2\/comments?post=125706"}],"version-history":[{"count":0,"href":"https:\/\/www.europesays.com\/es\/wp-json\/wp\/v2\/posts\/125706\/revisions"}],"wp:featuredmedia":[{"embeddable":true,"href":"https:\/\/www.europesays.com\/es\/wp-json\/wp\/v2\/media\/125707"}],"wp:attachment":[{"href":"https:\/\/www.europesays.com\/es\/wp-json\/wp\/v2\/media?parent=125706"}],"wp:term":[{"taxonomy":"category","embeddable":true,"href":"https:\/\/www.europesays.com\/es\/wp-json\/wp\/v2\/categories?post=125706"},{"taxonomy":"post_tag","embeddable":true,"href":"https:\/\/www.europesays.com\/es\/wp-json\/wp\/v2\/tags?post=125706"}],"curies":[{"name":"wp","href":"https:\/\/api.w.org\/{rel}","templated":true}]}}