{"id":125713,"date":"2025-09-19T17:44:07","date_gmt":"2025-09-19T17:44:07","guid":{"rendered":"https:\/\/www.europesays.com\/es\/125713\/"},"modified":"2025-09-19T17:44:07","modified_gmt":"2025-09-19T17:44:07","slug":"el-mvp-de-la-ufc-que-quiere-la-cabeza-de-michael-morales-metro-ecuador","status":"publish","type":"post","link":"https:\/\/www.europesays.com\/es\/125713\/","title":{"rendered":"El MVP de la UFC que quiere la cabeza de Michael Morales \u2013 Metro Ecuador"},"content":{"rendered":"<p class=\"c-paragraph\"><b>Michael \u201cVenom\u201d Page<\/b> no se esconde: tras su victoria en UFC 319, el brit\u00e1nico declar\u00f3 que busca pelear con un rival invicto y puso el <a href=\"https:\/\/www.metroecuador.com.ec\/tags\/michael-morales\/\" target=\"_self\" rel=\"nofollow noopener\" title=\"https:\/\/www.metroecuador.com.ec\/tags\/michael-morales\/\">nombre de <b>Michael Morales (18-0)<\/b> sobre la mesa.<\/a> Page asegur\u00f3 que quiere \u201cempezar a noquear a todos\u201d y marc\u00f3 una hoja de ruta ambiciosa: derrotar a Morales y luego medir fuerzas con el ganador del duelo entre <b>Leon Edwards<\/b> y <b>Carlos Prates<\/b>, idealmente en el Reino Unido. <\/p>\n<p class=\"c-paragraph\"><b>Sus palabras llegan mientras el exestrella de Bellator<\/b> intenta consolidarse en la mezcla de candidatos del peso welter y genera expectativa en la divisi\u00f3n<\/p>\n<p>\u00bfQui\u00e9n es Michael \u201cVenom\u201d Page y por qu\u00e9 hace este llamado?<\/p>\n<p class=\"c-paragraph\">MVP es una figura carism\u00e1tica y medi\u00e1tica: exl\u00edder de Bellator que lleg\u00f3 al UFC con un boxeo creativo, movimientos ortodoxos y una moral competitiva alta. Tras victorias recientes \u2014incluida la de Jared Cannonier en UFC 319\u2014 Page busca saltar al foco principal de la divisi\u00f3n; sin embargo, admite la dificultad para cerrar combates de alto perfil por la reticencia de algunos rivales a enfrentarlo. <\/p>\n<p class=\"c-paragraph\">Esa frustraci\u00f3n explica su petici\u00f3n p\u00fablica para medirse a Morales, un prospecto en ascenso con r\u00e9cord invicto.<\/p>\n<p>\u00bfPor qu\u00e9 Michael Morales es el objetivo y qu\u00e9 significar\u00eda vencerlo?<\/p>\n<p class=\"c-paragraph\">Morales \u2014aplaudido por su K-O a Gilbert Burns y perfilado como estrella\u2014 representa el prototipo de rival que eleva la credibilidad de Page: <b>vencer a un 18-0 consolidar\u00eda<\/b> la narrativa de MVP como \u201cdestruidor de invictos\u201d y refrescar\u00eda su candidatura para peleas m\u00e1s grandes, incluidas potenciales cruzas con Edwards o Prates. <\/p>\n<p class=\"c-paragraph\">Page lo dej\u00f3 claro: \u201cI actually asked for an undefeated fighter\u2026 Michael Morales, he\u2019s like 18-0.\u201d La victoria contra Morales ser\u00eda un hito que abrir\u00eda puertas a peleas en Reino Unido y eventos estelares.<\/p>\n<p>\u00bfEs viable esta pelea y qu\u00e9 viene despu\u00e9s?<\/p>\n<p class=\"c-paragraph\">Hay obst\u00e1culos: emparejamientos en UFC dependen de riesgo comercial y agendas (Prates vs. Edwards vaciaron una posible plaza). Page ha sido ofrecido contra Prates y ha mostrado disposici\u00f3n para pelear en Brasil o esperar un headliner en Londres. Si el UFC casa a Page vs. Morales, la divisi\u00f3n ganar\u00eda un choque atractivo \u2014 pero Morales tiene todo que perder y poco que ganar en t\u00e9rminos econ\u00f3micos frente a un veterano medi\u00e1tico.<\/p>\n","protected":false},"excerpt":{"rendered":"Michael \u201cVenom\u201d Page no se esconde: tras su victoria en UFC 319, el brit\u00e1nico declar\u00f3 que busca pelear&hellip;\n","protected":false},"author":2,"featured_media":125714,"comment_status":"","ping_status":"","sticky":false,"template":"","format":"standard","meta":{"footnotes":""},"categories":[276],"tags":[168,40902,25,24,2404,40903,40907,40906,40900,40904,40905,40901,40908,23,167,343],"class_list":{"0":"post-125713","1":"post","2":"type-post","3":"status-publish","4":"format-standard","5":"has-post-thumbnail","7":"category-ufc","8":"tag-deportes","9":"tag-detalles-de-michael-venom-page","10":"tag-es","11":"tag-espana","12":"tag-michael-morales","13":"tag-michael-morales-en-la-ufc","14":"tag-michael-morales-quienes-quieren-pelear","15":"tag-michael-page-vs-michael-morales","16":"tag-michael-venom-page","17":"tag-pelea-de-michael-morales-en-la-ufc","18":"tag-que-esta-pasando-entre-michael-morales-y-la-ufc","19":"tag-que-pasa-con-michael-venom-page","20":"tag-quienes-quieren-pelear-con-michael-morales","21":"tag-spain","22":"tag-sports","23":"tag-ufc"},"share_on_mastodon":{"url":"","error":""},"_links":{"self":[{"href":"https:\/\/www.europesays.com\/es\/wp-json\/wp\/v2\/posts\/125713","targetHints":{"allow":["GET"]}}],"collection":[{"href":"https:\/\/www.europesays.com\/es\/wp-json\/wp\/v2\/posts"}],"about":[{"href":"https:\/\/www.europesays.com\/es\/wp-json\/wp\/v2\/types\/post"}],"author":[{"embeddable":true,"href":"https:\/\/www.europesays.com\/es\/wp-json\/wp\/v2\/users\/2"}],"replies":[{"embeddable":true,"href":"https:\/\/www.europesays.com\/es\/wp-json\/wp\/v2\/comments?post=125713"}],"version-history":[{"count":0,"href":"https:\/\/www.europesays.com\/es\/wp-json\/wp\/v2\/posts\/125713\/revisions"}],"wp:featuredmedia":[{"embeddable":true,"href":"https:\/\/www.europesays.com\/es\/wp-json\/wp\/v2\/media\/125714"}],"wp:attachment":[{"href":"https:\/\/www.europesays.com\/es\/wp-json\/wp\/v2\/media?parent=125713"}],"wp:term":[{"taxonomy":"category","embeddable":true,"href":"https:\/\/www.europesays.com\/es\/wp-json\/wp\/v2\/categories?post=125713"},{"taxonomy":"post_tag","embeddable":true,"href":"https:\/\/www.europesays.com\/es\/wp-json\/wp\/v2\/tags?post=125713"}],"curies":[{"name":"wp","href":"https:\/\/api.w.org\/{rel}","templated":true}]}}