{"id":125715,"date":"2025-09-19T17:46:09","date_gmt":"2025-09-19T17:46:09","guid":{"rendered":"https:\/\/www.europesays.com\/es\/125715\/"},"modified":"2025-09-19T17:46:09","modified_gmt":"2025-09-19T17:46:09","slug":"alcaraz-evita-a-estos-rivales","status":"publish","type":"post","link":"https:\/\/www.europesays.com\/es\/125715\/","title":{"rendered":"Alcaraz evita a estos rivales"},"content":{"rendered":"<p class=\"quota-display text-align-center\">\n        <a href=\"https:\/\/www.puntodebreak.com\/MDBA-B3-PDB-QUOTA-25\" rel=\"sponsored nofollow noopener\" title=\"Apuesta en bet365\" target=\"_blank\"><\/p>\n<p>            <img decoding=\"async\" alt=\"Bet365\" class=\"bet-logo lazyload\" loading=\"lazy\" src=\"https:\/\/www.europesays.com\/es\/wp-content\/uploads\/2025\/09\/1758239828_626_b365.jpg\"\/>Streaming Laver Cup en directo<\/p>\n<p> \ud83c\udfbe Alcaraz\/Mensik vs Fritz\/Michelsen<\/p>\n<ol class=\"stream-card__steps\">\n<li>Entra aqu\u00ed y reg\u00edstrate en Bet365<\/li>\n<li>Haz tu primer dep\u00f3sito de m\u00ednimo 5\u00a0\u20ac<\/li>\n<li>Entra en la secci\u00f3n \u00abDirecto\u00bb y ve todos los partidos<\/li>\n<\/ol>\n<p>\n                                Ver partido en Bet365\n                            <\/p>\n<p>        <\/a>\n      <\/p>\n<p class=\"text-align-justify\">Malas noticias para un <strong>ATP Tokio 2025<\/strong> que contin\u00faa vi\u00e9ndose asolado por las bajas. A apenas d\u00edas de que d\u00e9 comienzo la competici\u00f3n, el torneo nip\u00f3n ha anunciado dos nuevas ausencias, una de ellas de especial renombre: <strong>Jiri Lehecka<\/strong>, uno de los pocos top-20 que a\u00fan estaban en la lista, no estar\u00e1 finalmente en el torneo asi\u00e1tico despu\u00e9s del esfuerzo acometido en una eliminatoria de Copa Davis disputada en la otra punta del mundo (Estados Unidos). Tampoco estar\u00e1 el siempre peligroso <strong>Fabian Marozsan<\/strong>, dejando al torneo con <strong>apenas cuatro top-20<\/strong> en liza: Carlos Alcaraz, Taylor Fritz, Holger Rune y Casper Ruud. Todos ellos, por cierto, har\u00e1n el viaje desde San Francisco, donde se disputa la Laver Cup, hasta Jap\u00f3n.<\/p>\n","protected":false},"excerpt":{"rendered":"Streaming Laver Cup en directo \ud83c\udfbe Alcaraz\/Mensik vs Fritz\/Michelsen Entra aqu\u00ed y reg\u00edstrate en Bet365 Haz tu primer&hellip;\n","protected":false},"author":2,"featured_media":125716,"comment_status":"","ping_status":"","sticky":false,"template":"","format":"standard","meta":{"footnotes":""},"categories":[274],"tags":[168,25,24,23,167,327,326],"class_list":{"0":"post-125715","1":"post","2":"type-post","3":"status-publish","4":"format-standard","5":"has-post-thumbnail","7":"category-tenis","8":"tag-deportes","9":"tag-es","10":"tag-espana","11":"tag-spain","12":"tag-sports","13":"tag-tenis","14":"tag-tennis"},"share_on_mastodon":{"url":"","error":""},"_links":{"self":[{"href":"https:\/\/www.europesays.com\/es\/wp-json\/wp\/v2\/posts\/125715","targetHints":{"allow":["GET"]}}],"collection":[{"href":"https:\/\/www.europesays.com\/es\/wp-json\/wp\/v2\/posts"}],"about":[{"href":"https:\/\/www.europesays.com\/es\/wp-json\/wp\/v2\/types\/post"}],"author":[{"embeddable":true,"href":"https:\/\/www.europesays.com\/es\/wp-json\/wp\/v2\/users\/2"}],"replies":[{"embeddable":true,"href":"https:\/\/www.europesays.com\/es\/wp-json\/wp\/v2\/comments?post=125715"}],"version-history":[{"count":0,"href":"https:\/\/www.europesays.com\/es\/wp-json\/wp\/v2\/posts\/125715\/revisions"}],"wp:featuredmedia":[{"embeddable":true,"href":"https:\/\/www.europesays.com\/es\/wp-json\/wp\/v2\/media\/125716"}],"wp:attachment":[{"href":"https:\/\/www.europesays.com\/es\/wp-json\/wp\/v2\/media?parent=125715"}],"wp:term":[{"taxonomy":"category","embeddable":true,"href":"https:\/\/www.europesays.com\/es\/wp-json\/wp\/v2\/categories?post=125715"},{"taxonomy":"post_tag","embeddable":true,"href":"https:\/\/www.europesays.com\/es\/wp-json\/wp\/v2\/tags?post=125715"}],"curies":[{"name":"wp","href":"https:\/\/api.w.org\/{rel}","templated":true}]}}