{"id":125717,"date":"2025-09-19T17:47:11","date_gmt":"2025-09-19T17:47:11","guid":{"rendered":"https:\/\/www.europesays.com\/es\/125717\/"},"modified":"2025-09-19T17:47:11","modified_gmt":"2025-09-19T17:47:11","slug":"bombazo-desde-europa-egan-bernal-cambiaria-de-equipo-y-acompanaria-a-estrella-del-ciclismo-en-2026","status":"publish","type":"post","link":"https:\/\/www.europesays.com\/es\/125717\/","title":{"rendered":"\u00a1Bombazo desde Europa! Egan Bernal cambiar\u00eda de equipo y acompa\u00f1ar\u00eda a estrella del ciclismo en 2026"},"content":{"rendered":"<p><b>Egan Bernal <\/b>acaba de concluir la<b> Vuelta Espa\u00f1a,<\/b> en la que termin\u00f3 en el <b>puesto 21 de la general<\/b> y adem\u00e1s logr\u00f3 el<b> triunfo de una etapa<\/b>, siendo esta la primera gran victoria desde que sufri\u00f3 el grave accidente a comienzos de 2022. Pero la aspiraci\u00f3n del zipaquire\u00f1o va m\u00e1s all\u00e1 y buscar\u00e1 figurar nuevamente en lo m\u00e1s alto para optar por un t\u00edtulo.<\/p>\n<p>Le puede interesar: <a href=\"https:\/\/caracol.com.co\/2025\/09\/14\/clasificacion-final-de-la-vuelta-espana-asi-terminaron-bernal-tejada-buitrago-y-demas-colombianos\/\" target=\"_blank\" rel=\"noreferrer nofollow noopener\" title=\"https:\/\/caracol.com.co\/2025\/09\/14\/clasificacion-final-de-la-vuelta-espana-asi-terminaron-bernal-tejada-buitrago-y-demas-colombianos\/\"><b>As\u00ed quedaron los colombianos en la general de la Vuelta Espa\u00f1a<\/b><\/a><\/p>\n<p>El ciclista de 28 a\u00f1os lleg\u00f3 al <b>Ineos (antes Sky) en 2018 <\/b>procedente de la escuadra italiana<b> <\/b><b>Androni Giocattoli-Sidermec.<\/b> En 2022, luego de ganar el <b>Tour de Francia en 2019<\/b>, y el <b>Giro de Italia en 2021<\/b>, renov\u00f3 su contrato, que va hasta diciembre de 2026.<\/p>\n<p>Egan tendr\u00eda acuerdo con nuevo equipo<\/p>\n<p>En la ma\u00f1ana de este viernes 19 de septiembre trascendi\u00f3 la informaci\u00f3n que entreg\u00f3<b> el periodista de RAI Italia, Beppe Conti, <\/b>quien dio a conocer que el colombiano <b>tiene un acuerdo con el Visma,<\/b> equipo para el que corre el <a href=\"https:\/\/caracol.com.co\/2025\/09\/13\/en-vivo-etapa-20-de-la-vuelta-a-espana-minuto-a-minuto-de-los-ciclistas-colombianos\/\" target=\"_blank\" rel=\"noreferrer nofollow noopener\" title=\"https:\/\/caracol.com.co\/2025\/09\/13\/en-vivo-etapa-20-de-la-vuelta-a-espana-minuto-a-minuto-de-los-ciclistas-colombianos\/\"><b>dan\u00e9s Jonas Vingegaard, reciente ganador de La Vuelta.<\/b><\/a><\/p>\n<p>Bernal ser\u00eda el gregario de lujo para el<b> dan\u00e9s en la b\u00fasqueda de vencer a Tadej Poga\u010dar y lograr el t\u00edtulo que le falta: el Giro de Italia en 2026<\/b>. Jonas, en caso de lograrlo, se plantear\u00eda dejar el Visma y adelantar su retiro.<\/p>\n<p>\u201cSeg\u00fan el periodista turin\u00e9s, que habl\u00f3 ayer en RadioCorsa, el reciente ganador de la Vuelta a Espa\u00f1a tendr\u00e1 un nuevo gregario excepcional la pr\u00f3xima temporada para ayudarlo a atacar el Giro de Italia: Egan Bernal. <b>El colombiano acompa\u00f1ar\u00eda al escalador dan\u00e9s principalmente en la Corsa Rosa,<\/b> donde podr\u00eda enfrentarse a Tadej Poga\u010dar por primera vez, seg\u00fan lo que inform\u00f3 Conti durante la transmisi\u00f3n\u201d, replic\u00f3 el medio Cycling Pro<\/p>\n<p>Lea tambi\u00e9n:<b> <\/b><a href=\"https:\/\/caracol.com.co\/2025\/09\/16\/extraordinario-ascenso-de-egan-bernal-en-el-ranking-uci-tras-la-vuelta-2025-principales-posiciones\/\" target=\"_blank\" rel=\"noreferrer nofollow noopener\" title=\"https:\/\/caracol.com.co\/2025\/09\/16\/extraordinario-ascenso-de-egan-bernal-en-el-ranking-uci-tras-la-vuelta-2025-principales-posiciones\/\"><b>Extraordinario ascenso de Egan Bernal en el Ranking UCI tras la Vuelta 2025: Principales posiciones<\/b><\/a><\/p>\n<p>Por su parte, AS de Espa\u00f1a coment\u00f3: \u201cRadio Corsa pudo establecer que <b>el dan\u00e9s le habr\u00eda solicitado a la dirigencia del Visma Lease a Bike el fichaje de Egan Bernal <\/b>como un hombre clave para las grandes vueltas, a pesar de que el colombiano tiene contrato vigente con el Ineos Grenadiers hasta finales del 2026\u201d.<\/p>\n<p><img decoding=\"async\" src=\"https:\/\/www.europesays.com\/es\/wp-content\/uploads\/2025\/09\/https:\/\/cloudfront-us-east-1.images.arcpublishing.com\/prisaradioco\/QZJC5PQ2E5FQXOMO65FYRUQS7M.jpg\" loading=\"lazy\" width=\"828\" height=\"621\"\/><\/p>\n<p>Jonas Vingegaard y Egan Bernal a su rueda \/ Getty Images \/ Dario Belingheri<\/p>\n<p>Ampliar<\/p>\n<p>No es la primera vez que corre este rumor de la eventual vinculaci\u00f3n de Bernal al equipo neerland\u00e9s, que cuenta en su escuadra con otros grandes nombres, como el de<b> Simon Yates<\/b>, <b>Mateo Jorgenson, Wout van Aert<\/b>, <b>Sepp Kuss o Edoardo Affini.<\/b> Se espera que para 2026 salgan<b> Olav Kooij<\/b> y <b>Dylan van Baarle.<\/b><\/p>\n<p>De momento, no deja de ser un rumor del mercado cicl\u00edstico que se empieza a mover con la llegada del \u00faltimo tramo de la temporada. Lo que es cierto es que le queda poco m\u00e1s de <b>un a\u00f1o de contrato a Egan con el Ineos,<\/b> por lo que su futuro, desde entonces, queda en duda.<\/p>\n","protected":false},"excerpt":{"rendered":"Egan Bernal acaba de concluir la Vuelta Espa\u00f1a, en la que termin\u00f3 en el puesto 21 de la&hellip;\n","protected":false},"author":2,"featured_media":125718,"comment_status":"","ping_status":"","sticky":false,"template":"","format":"standard","meta":{"footnotes":""},"categories":[273],"tags":[313,312,168,14990,25,24,15813,23,167,325],"class_list":{"0":"post-125717","1":"post","2":"type-post","3":"status-publish","4":"format-standard","5":"has-post-thumbnail","7":"category-ciclismo","8":"tag-ciclismo","9":"tag-cycling","10":"tag-deportes","11":"tag-egan-bernal","12":"tag-es","13":"tag-espana","14":"tag-ineos","15":"tag-spain","16":"tag-sports","17":"tag-vingegaard"},"share_on_mastodon":{"url":"","error":""},"_links":{"self":[{"href":"https:\/\/www.europesays.com\/es\/wp-json\/wp\/v2\/posts\/125717","targetHints":{"allow":["GET"]}}],"collection":[{"href":"https:\/\/www.europesays.com\/es\/wp-json\/wp\/v2\/posts"}],"about":[{"href":"https:\/\/www.europesays.com\/es\/wp-json\/wp\/v2\/types\/post"}],"author":[{"embeddable":true,"href":"https:\/\/www.europesays.com\/es\/wp-json\/wp\/v2\/users\/2"}],"replies":[{"embeddable":true,"href":"https:\/\/www.europesays.com\/es\/wp-json\/wp\/v2\/comments?post=125717"}],"version-history":[{"count":0,"href":"https:\/\/www.europesays.com\/es\/wp-json\/wp\/v2\/posts\/125717\/revisions"}],"wp:featuredmedia":[{"embeddable":true,"href":"https:\/\/www.europesays.com\/es\/wp-json\/wp\/v2\/media\/125718"}],"wp:attachment":[{"href":"https:\/\/www.europesays.com\/es\/wp-json\/wp\/v2\/media?parent=125717"}],"wp:term":[{"taxonomy":"category","embeddable":true,"href":"https:\/\/www.europesays.com\/es\/wp-json\/wp\/v2\/categories?post=125717"},{"taxonomy":"post_tag","embeddable":true,"href":"https:\/\/www.europesays.com\/es\/wp-json\/wp\/v2\/tags?post=125717"}],"curies":[{"name":"wp","href":"https:\/\/api.w.org\/{rel}","templated":true}]}}