{"id":125719,"date":"2025-09-19T17:48:09","date_gmt":"2025-09-19T17:48:09","guid":{"rendered":"https:\/\/www.europesays.com\/es\/125719\/"},"modified":"2025-09-19T17:48:09","modified_gmt":"2025-09-19T17:48:09","slug":"f1-colapinto-rompio-el-silencio-sobre-su-futuro-en-alpine","status":"publish","type":"post","link":"https:\/\/www.europesays.com\/es\/125719\/","title":{"rendered":"F1: Colapinto rompi\u00f3 el silencio sobre su futuro en Alpine"},"content":{"rendered":"<p data-testid=\"paragraph\" class=\"mb-[20px] md:mb-[30px] break-word\"><strong>Alpine<\/strong> sigue sin levantar cabeza y es un hecho que no habr\u00e1 grandes mejoras en este 2025. Los esfuerzos del equipo franc\u00e9s ya est\u00e1n apuntados a la pr\u00f3xima temporada y es dif\u00edcil imaginar que sus pilotos puedan hacer buenas actuaciones en las \u00faltimas carreras del calendario. Hoy por hoy la mayor preocupaci\u00f3n puertas adentros es la incertidumbre sobre el segundo asiento, pero todo apunta a que <strong><a href=\"https:\/\/bolavip.com\/mx\/tema\/franco-colapinto\" target=\"_blank\" rel=\"noreferrer noopener nofollow\" class=\"break-word font-articleLinkText text-articleLinkText hover:text-articleLinkTextHover hover:bg-articleLinkTextHoverBg cursor-pointer border-solid border-b-articleLinkTextHover\">Franco Colapinto<\/a><\/strong> podr\u00eda continuar al lado de <strong>Pierre Gasly<\/strong>.<\/p>\n<p data-testid=\"paragraph\" class=\"mb-[20px] md:mb-[30px] break-word\">Mientras que Gasly anunci\u00f3 su renovaci\u00f3n hasta 2028, todav\u00eda no se confirm\u00f3 la presencia de Colapinto en 2026. Sin embargo, el argentino ha mejorado notablemente en las \u00faltimas citas y hasta <strong>se ha vuelto costumbre que finalice por encima del propio Pierre<\/strong>. De hecho, lo hizo este mismo viernes en la <a href=\"https:\/\/bolavip.com\/mx\/f1\/resultado-de-la-practica-libre-1-del-gran-premio-de-azerbaiyan-2025-de-la-f1\" target=\"_blank\" rel=\"noreferrer noopener nofollow\" class=\"break-word font-articleLinkText text-articleLinkText hover:text-articleLinkTextHover hover:bg-articleLinkTextHoverBg cursor-pointer border-solid border-b-articleLinkTextHover\">Pr\u00e1ctica Libre 1<\/a>.<\/p>\n<p><img decoding=\"async\" src=\"https:\/\/www.europesays.com\/es\/wp-content\/uploads\/2025\/09\/BMX_20250919_BMX_360748_GettyImages-2234152280-1024x683_ddef816e.webp&#038;width=1024&#038;height=683.webp\" width=\"1024\" height=\"683\" alt=\"Franco Colapinto a bordo del A525 en Baku (GETTY IMAGES)\" class=\"h-auto\" loading=\"lazy\"\/><\/p>\n<p class=\"text-center mt-5 text-[14px] leading-[20px] font-normal\">Franco Colapinto a bordo del A525 en Baku (GETTY IMAGES)<\/p>\n<p data-testid=\"paragraph\" class=\"mb-[20px] md:mb-[30px] break-word\">La prioridad de Franco parece ser la de continuar trabajando con el mismo equipo tomando en cuenta que tendr\u00e1n motor Mercedes la pr\u00f3xima temporada. Sin embargo, <strong>en las \u00faltimas semanas <a href=\"https:\/\/bolavip.com\/mx\/f1\/atencion-argentina-franco-colapinto-podria-regresar-a-williams-como-reemplazo-de-alex-albon\" target=\"_blank\" rel=\"noreferrer noopener nofollow\" class=\"break-word font-articleLinkText text-articleLinkText hover:text-articleLinkTextHover hover:bg-articleLinkTextHoverBg cursor-pointer border-solid border-b-articleLinkTextHover\">fue vinculado con un posible regreso a Williams<\/a><\/strong> y no se supo mucho de su futuro hasta este viernes que <strong>el propio Colapinto se encarg\u00f3 de romper el silencio al respecto<\/strong>.<\/p>\n<p data-testid=\"paragraph\" class=\"mb-[20px] md:mb-[30px] break-word\">En el marco del Gran Premio de Azerbaiy\u00e1n, Colapinto expres\u00f3: \u201c<strong>No me corresponde decidir. Simplemente estoy contento donde estoy ahora<\/strong>, m\u00e1s contento que antes. Estoy trabajando bien con el equipo, eso es lo que quer\u00eda. Estoy logrando todos los aspectos u objetivos personales que ten\u00eda desde el principio y ahora me estoy acercando a eso. Lo estoy logrando\u201d.<\/p>\n<p><a title=\"El recado de Checo P\u00e9rez a Red Bull Racing tras su fichaje por Cadillac\" href=\"https:\/\/bolavip.com\/mx\/f1\/el-recado-de-checo-perez-a-red-bull-racing-tras-su-fichaje-por-cadillac\" target=\"_self\" rel=\"nofollow noopener\" class=\"article-also-read-embed\"><img decoding=\"async\" class=\"aspect-square max-w-[100px] m-[10px] md:m-0\" src=\"https:\/\/www.europesays.com\/es\/wp-content\/uploads\/2025\/09\/1758304089_304_image\" alt=\"El recado de Checo P\u00e9rez a Red Bull Racing tras su fichaje por Cadillac\" width=\"200\" height=\"200\" loading=\"lazy\"\/><\/p>\n<p class=\"font-secondary my-[13px] uppercase text-alsoReadSeeAlso bg-alsoReadSeeAlsoBackground alsoReadSeeAlso w-fit\">ver tambi\u00e9n<\/p>\n<p class=\"w-full line-clamp-3 md:line-clamp-2 text-alsoReadEmbedTitle font-primary alsoReadLink\">El recado de Checo P\u00e9rez a Red Bull Racing tras su fichaje por Cadillac<\/p>\n<p><\/a>Franco Colapinto ya prob\u00f3 el coche de Alpine de 2026 en el simulador<\/p>\n<p data-testid=\"paragraph\" class=\"mb-[20px] md:mb-[30px] break-word\"><a href=\"https:\/\/bolavip.com\/mx\/f1\/flavio-briatore-desliza-la-intencion-de-alpine-de-mantener-a-colapinto-en-2026-nos-daria-estabilidad\" target=\"_blank\" rel=\"noreferrer noopener nofollow\" class=\"break-word font-articleLinkText text-articleLinkText hover:text-articleLinkTextHover hover:bg-articleLinkTextHoverBg cursor-pointer border-solid border-b-articleLinkTextHover\">Flavio Briatore ya hab\u00eda dado indicios de que la intenci\u00f3n es mantener a Colapinto<\/a>. Sin embargo, otro indicador de que esto pueda ser as\u00ed es que Franco revel\u00f3 que ya estuvo practicando con el nuevo coche en el simulador: \u201cS\u00ed, lo prob\u00e9. Veamos que pasar\u00e1 en la pista, en el simulador es muy dif\u00edcil decirlo\u201d.<\/p>\n<p data-testid=\"paragraph\" class=\"break-word\">En la misma l\u00ednea, palpit\u00f3 lo que podr\u00eda ser el a\u00f1o pr\u00f3ximo en Alpine: \u201cCreo que es todo desde cero y tenemos que esperar a ver c\u00f3mo est\u00e1n los dem\u00e1s equipos tambi\u00e9n. Pero<strong> el equipo est\u00e1 haciendo un buen trabajo y est\u00e1n tomando las medidas y mejoras adecuadas<\/strong> en comparaci\u00f3n con los problemas de esta temporada. Pienso que <strong>todo tiene una imagen m\u00e1s positiva<\/strong>\u201c.<\/p>\n","protected":false},"excerpt":{"rendered":"Alpine sigue sin levantar cabeza y es un hecho que no habr\u00e1 grandes mejoras en este 2025. Los&hellip;\n","protected":false},"author":2,"featured_media":125720,"comment_status":"","ping_status":"","sticky":false,"template":"","format":"standard","meta":{"footnotes":""},"categories":[270],"tags":[1331,168,25,24,306,271,272,1723,23,167],"class_list":{"0":"post-125719","1":"post","2":"type-post","3":"status-publish","4":"format-standard","5":"has-post-thumbnail","7":"category-formula-1","8":"tag-alpine","9":"tag-deportes","10":"tag-es","11":"tag-espana","12":"tag-f1","13":"tag-formula-1","14":"tag-formula1","15":"tag-franco-colapinto","16":"tag-spain","17":"tag-sports"},"share_on_mastodon":{"url":"","error":""},"_links":{"self":[{"href":"https:\/\/www.europesays.com\/es\/wp-json\/wp\/v2\/posts\/125719","targetHints":{"allow":["GET"]}}],"collection":[{"href":"https:\/\/www.europesays.com\/es\/wp-json\/wp\/v2\/posts"}],"about":[{"href":"https:\/\/www.europesays.com\/es\/wp-json\/wp\/v2\/types\/post"}],"author":[{"embeddable":true,"href":"https:\/\/www.europesays.com\/es\/wp-json\/wp\/v2\/users\/2"}],"replies":[{"embeddable":true,"href":"https:\/\/www.europesays.com\/es\/wp-json\/wp\/v2\/comments?post=125719"}],"version-history":[{"count":0,"href":"https:\/\/www.europesays.com\/es\/wp-json\/wp\/v2\/posts\/125719\/revisions"}],"wp:featuredmedia":[{"embeddable":true,"href":"https:\/\/www.europesays.com\/es\/wp-json\/wp\/v2\/media\/125720"}],"wp:attachment":[{"href":"https:\/\/www.europesays.com\/es\/wp-json\/wp\/v2\/media?parent=125719"}],"wp:term":[{"taxonomy":"category","embeddable":true,"href":"https:\/\/www.europesays.com\/es\/wp-json\/wp\/v2\/categories?post=125719"},{"taxonomy":"post_tag","embeddable":true,"href":"https:\/\/www.europesays.com\/es\/wp-json\/wp\/v2\/tags?post=125719"}],"curies":[{"name":"wp","href":"https:\/\/api.w.org\/{rel}","templated":true}]}}