{"id":125725,"date":"2025-09-19T17:51:11","date_gmt":"2025-09-19T17:51:11","guid":{"rendered":"https:\/\/www.europesays.com\/es\/125725\/"},"modified":"2025-09-19T17:51:11","modified_gmt":"2025-09-19T17:51:11","slug":"con-gran-respeto-y-afecto-mutuo","status":"publish","type":"post","link":"https:\/\/www.europesays.com\/es\/125725\/","title":{"rendered":"Con gran respeto y afecto mutuo"},"content":{"rendered":"\n<p> El <strong>director estadounidense Tim Burton y la actriz italiana Monica Bellucci han puesto fin a su historia de amor<\/strong>. La pareja, que hab\u00eda mantenido <a href=\"https:\/\/www.vanitatis.elconfidencial.com\/celebrities\/2023-02-23\/monica-bellucci-tim-burton-pareja-viaje-madrid-flamenco_3581481\/\" target=\"_blank\" rel=\"nofollow noopener\">un perfil discreto durante los \u00faltimos a\u00f1os<\/a>, comunic\u00f3 la noticia este viernes mediante un breve, pero contundente <strong>comunicado conjunto<\/strong>. <\/p>\n<p> <strong>\u00abCon gran respeto y afecto mutuo, hemos decidido separarnos\u00bb<\/strong>, han se\u00f1alado a AFP, subrayando que la ruptura se produce desde<strong> la cordialidad y el cari\u00f1o <\/strong>que todav\u00eda se profesan. <\/p>\n<p> La relaci\u00f3n entre ambos fue desde el principio <strong>un foco de inter\u00e9s medi\u00e1tico<\/strong>. Dos nombres ic\u00f3nicos del s\u00e9ptimo arte, cada uno con una trayectoria consolidada y un aura casi legendaria, hab\u00edan unido sus caminos de manera inesperada. <a href=\"https:\/\/www.vanitatis.elconfidencial.com\/celebrities\/2023-02-22\/monica-belluci-tim-burton-pareja-hijos-paris-cine_3580474\/\" target=\"_blank\" rel=\"nofollow noopener\">Su romance comenz\u00f3 en octubre de 2022<\/a>, en el <strong>Festival Lumi\u00e8re de Lyon<\/strong>, cuando Bellucci entreg\u00f3 a Burton el Premio a la Trayectoria. <\/p>\n<p>               La expareja, durante su participaci\u00f3n en el Festival de Cine de San Sebasti\u00e1n. (EFE \/ Juan Herrero)              <\/p>\n<p> Aquel primer encuentro se convirti\u00f3 en el inicio de una relaci\u00f3n que pronto trascendi\u00f3 el terreno personal para extenderse tambi\u00e9n al profesional. <strong>Bellucci confirm\u00f3 p\u00fablicamente el noviazgo en 2023<\/strong>, despu\u00e9s de meses de <strong>rumores y fotograf\u00edas<\/strong> que los mostraban inseparables. <\/p>\n<p> Lo hizo con unas declaraciones que dieron la vuelta al mundo: \u00abEstoy muy feliz de haberlo conocido. <strong>Lo amo<\/strong>. Es uno de esos encuentros entre dos almas que pocas veces ocurren en la vida\u00bb. En otra entrevista, la actriz lo describi\u00f3 como <strong>\u00abun hombre con un alma maravillosa\u00bb<\/strong> y <a href=\"https:\/\/www.vanitatis.elconfidencial.com\/celebrities\/2022-09-26\/tim-burton-curiosidades-novias-peliculas-embajador_3496598\/\" target=\"_blank\" rel=\"nofollow noopener\">un director al que siempre hab\u00eda admirado<\/a>. <\/p>\n<p> El v\u00ednculo se reforz\u00f3 con la colaboraci\u00f3n en la esperada secuela de <strong>&#8216;Beetlejuice&#8217;, presentada en el Festival de Venecia de 2024<\/strong>. En la pel\u00edcula, Bellucci se meti\u00f3 en la piel de Delores, una criatura siniestra con sed de venganza contra su exmarido, interpretado de nuevo por <strong>Michael Keaton<\/strong>. <\/p>\n<p>               Monica Bellucci y Tim Burton, en el 72 Festival Internacional de Cine de San Sebasti\u00e1n. (EFE \/ Javier Etxezarreta)             <\/p>\n<p> Sin embargo, y pese a la pasi\u00f3n art\u00edstica y personal que compartieron, <strong>Burton y Bellucci optaron por mantener su relaci\u00f3n en la intimidad<\/strong>, lejos de los focos y las alfombras rojas. Quiz\u00e1s por eso el comunicado sorprendi\u00f3 a sus seguidores, que hab\u00edan idealizado esta uni\u00f3n como el encuentro entre dos almas singulares. <\/p>\n<p> La separaci\u00f3n marca el final de una etapa breve, pero intensa. Su historia fue vivida con discreci\u00f3n, pero tambi\u00e9n con gestos de complicidad que los medios captaron en festivales, estrenos y paseos por ciudades europeas. Ahora, ambos<strong> encaran caminos distintos<\/strong>, aunque el respeto mutuo con el que han querido zanjar su relaci\u00f3n deja abierta la puerta a que su v\u00ednculo personal se transforme en <strong>una amistad duradera<\/strong>. <\/p>\n<p> El <strong>director estadounidense Tim Burton y la actriz italiana Monica Bellucci han puesto fin a su historia de amor<\/strong>. La pareja, que hab\u00eda mantenido <a href=\"https:\/\/www.vanitatis.elconfidencial.com\/celebrities\/2023-02-23\/monica-bellucci-tim-burton-pareja-viaje-madrid-flamenco_3581481\/\" target=\"_blank\" rel=\"nofollow noopener\">un perfil discreto durante los \u00faltimos a\u00f1os<\/a>, comunic\u00f3 la noticia este viernes mediante un breve, pero contundente <strong>comunicado conjunto<\/strong>. <\/p>\n","protected":false},"excerpt":{"rendered":"El director estadounidense Tim Burton y la actriz italiana Monica Bellucci han puesto fin a su historia de&hellip;\n","protected":false},"author":2,"featured_media":125726,"comment_status":"","ping_status":"","sticky":false,"template":"","format":"standard","meta":{"footnotes":""},"categories":[174],"tags":[255,146,147,25,24,256,23],"class_list":{"0":"post-125725","1":"post","2":"type-post","3":"status-publish","4":"format-standard","5":"has-post-thumbnail","7":"category-famosos","8":"tag-celebrities","9":"tag-entertainment","10":"tag-entretenimiento","11":"tag-es","12":"tag-espana","13":"tag-famosos","14":"tag-spain"},"share_on_mastodon":{"url":"","error":""},"_links":{"self":[{"href":"https:\/\/www.europesays.com\/es\/wp-json\/wp\/v2\/posts\/125725","targetHints":{"allow":["GET"]}}],"collection":[{"href":"https:\/\/www.europesays.com\/es\/wp-json\/wp\/v2\/posts"}],"about":[{"href":"https:\/\/www.europesays.com\/es\/wp-json\/wp\/v2\/types\/post"}],"author":[{"embeddable":true,"href":"https:\/\/www.europesays.com\/es\/wp-json\/wp\/v2\/users\/2"}],"replies":[{"embeddable":true,"href":"https:\/\/www.europesays.com\/es\/wp-json\/wp\/v2\/comments?post=125725"}],"version-history":[{"count":0,"href":"https:\/\/www.europesays.com\/es\/wp-json\/wp\/v2\/posts\/125725\/revisions"}],"wp:featuredmedia":[{"embeddable":true,"href":"https:\/\/www.europesays.com\/es\/wp-json\/wp\/v2\/media\/125726"}],"wp:attachment":[{"href":"https:\/\/www.europesays.com\/es\/wp-json\/wp\/v2\/media?parent=125725"}],"wp:term":[{"taxonomy":"category","embeddable":true,"href":"https:\/\/www.europesays.com\/es\/wp-json\/wp\/v2\/categories?post=125725"},{"taxonomy":"post_tag","embeddable":true,"href":"https:\/\/www.europesays.com\/es\/wp-json\/wp\/v2\/tags?post=125725"}],"curies":[{"name":"wp","href":"https:\/\/api.w.org\/{rel}","templated":true}]}}