{"id":125729,"date":"2025-09-19T17:54:09","date_gmt":"2025-09-19T17:54:09","guid":{"rendered":"https:\/\/www.europesays.com\/es\/125729\/"},"modified":"2025-09-19T17:54:09","modified_gmt":"2025-09-19T17:54:09","slug":"criticas-a-operacion-triunfo-por-la-falta-de-intimidad-en-los-moviles-se-han-visto-fotos-de-cosas","status":"publish","type":"post","link":"https:\/\/www.europesays.com\/es\/125729\/","title":{"rendered":"Cr\u00edticas a &#8216;Operaci\u00f3n Triunfo&#8217; por la falta de intimidad en los m\u00f3viles: \u00abSe han visto fotos de\u2026 cosas\u00bb"},"content":{"rendered":"<p class=\"v-mdl-ath__p v-mdl-ath__p--6\">\nViernes, 19 de septiembre 2025, 18:09<\/p>\n<p class=\"v-p\"> Es dif\u00edcil que hasta el m\u00e1s m\u00ednimo detalle pase desapercibido en &#8216;Operaci\u00f3n Triunfo 2025&#8217;. Las conexiones en directo durante pr\u00e1cticamente todo el d\u00eda en la Academia permite a los seguidores vivir casi al minuto el d\u00eda a d\u00eda de los concursantes. Una de las primeras pol\u00e9micas llega a cuenta de los tel\u00e9fonos m\u00f3viles.<\/p>\n<p class=\"v-p\">Cabe aclarar que los triunfitos no disponen de su tel\u00e9fono personal dentro y la organizaci\u00f3n les facilita uno &#8216;oficial&#8217; para su uso en torno al concurso. Principalmente, redes sociales. El problema es que el equipo digital tiene acceso a todas las fotograf\u00edas que hacen, algo de lo que han advertido a los chavales y que no ha sentado bien a muchos seguidores. <\/p>\n<p class=\"v-p\">\u00abTodo lo que hag\u00e1is con ese m\u00f3vil lo puede ver el equipo digital\u2026S\u00f3lo el equipo digital, acotamos un poco m\u00e1s. Esto lo digo porque se han visto fotos de\u2026 cosas. No voy a entrar m\u00e1s en detalle. Si os sale un grano en alg\u00fan lado y os ech\u00e1is una foto para verlo, lo vamos a ver. Y aunque lo borr\u00e9is, se queda guardado\u00bb, ha avisado la responsable de la charla en cuesti\u00f3n.<\/p>\n<p class=\"v-p\">Algunos se re\u00edan, pero otros pon\u00edan cara de pocos amigos. en las redes algunos usuarios opinaban que incumpl\u00eda el art\u00edculo 18 de la Constituci\u00f3n. \u00abSe habla de los derechos fundamentales relacionados con la intimidad, el honor y la inviolabilidad del domicilio y las comunicaciones\u00bb, defend\u00edan.<\/p>\n<p>Comenta<\/p>\n<p>Reporta un error<\/p>\n","protected":false},"excerpt":{"rendered":"Viernes, 19 de septiembre 2025, 18:09 Es dif\u00edcil que hasta el m\u00e1s m\u00ednimo detalle pase desapercibido en &#8216;Operaci\u00f3n&hellip;\n","protected":false},"author":2,"featured_media":125730,"comment_status":"","ping_status":"","sticky":false,"template":"","format":"standard","meta":{"footnotes":""},"categories":[171],"tags":[6621,146,147,25,24,1998,1016,30849,13368,2885,23,2886,214,8922],"class_list":{"0":"post-125729","1":"post","2":"type-post","3":"status-publish","4":"format-standard","5":"has-post-thumbnail","7":"category-tv","8":"tag-criticas","9":"tag-entertainment","10":"tag-entretenimiento","11":"tag-es","12":"tag-espana","13":"tag-falta","14":"tag-fotos","15":"tag-intimidad","16":"tag-moviles","17":"tag-operacion","18":"tag-spain","19":"tag-triunfo","20":"tag-tv","21":"tag-visto"},"share_on_mastodon":{"url":"","error":""},"_links":{"self":[{"href":"https:\/\/www.europesays.com\/es\/wp-json\/wp\/v2\/posts\/125729","targetHints":{"allow":["GET"]}}],"collection":[{"href":"https:\/\/www.europesays.com\/es\/wp-json\/wp\/v2\/posts"}],"about":[{"href":"https:\/\/www.europesays.com\/es\/wp-json\/wp\/v2\/types\/post"}],"author":[{"embeddable":true,"href":"https:\/\/www.europesays.com\/es\/wp-json\/wp\/v2\/users\/2"}],"replies":[{"embeddable":true,"href":"https:\/\/www.europesays.com\/es\/wp-json\/wp\/v2\/comments?post=125729"}],"version-history":[{"count":0,"href":"https:\/\/www.europesays.com\/es\/wp-json\/wp\/v2\/posts\/125729\/revisions"}],"wp:featuredmedia":[{"embeddable":true,"href":"https:\/\/www.europesays.com\/es\/wp-json\/wp\/v2\/media\/125730"}],"wp:attachment":[{"href":"https:\/\/www.europesays.com\/es\/wp-json\/wp\/v2\/media?parent=125729"}],"wp:term":[{"taxonomy":"category","embeddable":true,"href":"https:\/\/www.europesays.com\/es\/wp-json\/wp\/v2\/categories?post=125729"},{"taxonomy":"post_tag","embeddable":true,"href":"https:\/\/www.europesays.com\/es\/wp-json\/wp\/v2\/tags?post=125729"}],"curies":[{"name":"wp","href":"https:\/\/api.w.org\/{rel}","templated":true}]}}