{"id":125742,"date":"2025-09-19T18:02:10","date_gmt":"2025-09-19T18:02:10","guid":{"rendered":"https:\/\/www.europesays.com\/es\/125742\/"},"modified":"2025-09-19T18:02:10","modified_gmt":"2025-09-19T18:02:10","slug":"trump-pacta-con-xi-un-proximo-encuentro-y-anuncia-avances-negociadores-sobre-tiktok","status":"publish","type":"post","link":"https:\/\/www.europesays.com\/es\/125742\/","title":{"rendered":"Trump pacta con Xi un pr\u00f3ximo encuentro y anuncia \u00abavances\u00bb negociadores sobre TikTok"},"content":{"rendered":"<p>    <img src=\"https:\/\/www.europesays.com\/es\/wp-content\/uploads\/2025\/09\/2025-09-19T093A063A46Z-90032254.jpg\" width=\"1024\" height=\"768\" alt=\"\" loading=\"eager\" decoding=\"sync\" fetchpriority=\"high\"\/><\/p>\n<p>            afp_tickers        <\/p>\n<p>        Este contenido fue publicado en    <\/p>\n<p>        19 septiembre 2025 &#8211; 18:42\n<\/p>\n<p>El presidente Donald Trump anunci\u00f3 este viernes una pr\u00f3xima reuni\u00f3n con su hom\u00f3logo chino Xi Jinping, tras una conversaci\u00f3n telef\u00f3nica entre ambos mandatarios, en la que seg\u00fan el l\u00edder estadounidense hubo \u00abavances\u00bb sobre el futuro de la red social TikTok.<\/p>\n<p>Xi por su parte pidi\u00f3 a Trump que la disputa sobre la propiedad de TikTok en Estados Unidos se resuelva mediante las \u00abreglas del mercado\u00bb, seg\u00fan la versi\u00f3n de la llamada que hizo Pek\u00edn.<\/p>\n<p>La conversaci\u00f3n fue \u00abmuy productiva\u00bb y se habl\u00f3 de comercio, de la guerra en Ucrania y del tr\u00e1fico de fentanilo, la droga que azota a Estados Unidos, explic\u00f3 Trump a trav\u00e9s de su red Truth Social.<\/p>\n<p>Ambos l\u00edderes se reunir\u00e1n en la cumbre de pa\u00edses de Asia y el Pac\u00edfico (APEC) en Corea del Sur a finales de octubre y Trump viajar\u00e1 a China a principios del a\u00f1o que viene.<\/p>\n<p>\u00abEl presidente Xi vendr\u00e1 igualmente a Estados Unidos en su momento adecuado\u00bb, a\u00f1adi\u00f3 el inquilino de la Casa Blanca.<\/p>\n<p>Xi por su parte reafirm\u00f3 que la llamada fue \u00abpositiva\u00bb y constructiva\u00bb. Pero precis\u00f3 que hay que \u00abevitar tomar medidas unilaterales de restricci\u00f3n del comercio para no poner en riesgo los avances conseguidos en distintos ciclos de negociaciones\u00bb, reportaron la televisi\u00f3n CCTV y la agencia de noticias Xinhua.<\/p>\n<p>La llamada entre ambos fue la segunda desde la asunci\u00f3n de Trump en enero, pero la tercera en lo que va de a\u00f1o.<\/p>\n<p>El 5 de junio, el magnate republicano dijo que Xi lo hab\u00eda invitado a ir a China, y tambi\u00e9n \u00e9l propuso una invitaci\u00f3n similar para que su par chino visite Estados Unidos.<\/p>\n<p>\u2013 Acuerdo sobre TikTok \u2013<\/p>\n<p>Trump pospuso el martes por cuarta vez la prohibici\u00f3n de la plataforma en Estados Unidos.<\/p>\n<p>Seg\u00fan una ley adoptada durante el gobierno de Joe Biden, TikTok no podr\u00e1 operar en el pa\u00eds por razones de seguridad nacional, a menos que la casa matriz china ceda el control a estadounidenses.<\/p>\n<p>Trump dijo a los periodistas el jueves que esperaba \u00abfinalizar algo sobre TikTok\u00bb.<\/p>\n<p>Los planes de Trump son que TikTok en Estados Unidos pase a ser \u00abpropiedad de todos los inversores estadounidenses, y de personas y empresas muy ricas\u00bb.<\/p>\n<p>Trump fue cr\u00edtico de TikTok inicialmente, pero durante las elecciones presidenciales de 2024 descubri\u00f3 su poder de arrastre en la juventud.<\/p>\n<p>Seg\u00fan The Wall Street Journal, podr\u00eda conformarse un consorcio para controlar TikTok, que incluir\u00eda al gigante tecnol\u00f3gico Oracle y dos fondos de inversi\u00f3n de California, Silver Lake y Andreessen Horowitz.<\/p>\n<p>\u2013 Aranceles \u2013<\/p>\n<p>El diferendo comercial entre ambos pa\u00edses es m\u00e1s complejo, y los equipos negociadores llevan meses intercambiando propuestas.<\/p>\n<p>A principios de a\u00f1o, las dos econom\u00edas m\u00e1s grandes del mundo aumentaron dr\u00e1sticamente los aranceles rec\u00edprocos, en una disputa que interrumpi\u00f3 las cadenas de suministro globales.<\/p>\n<p>Ambos llegaron luego a un acuerdo para reducir los grav\u00e1menes, que expira en noviembre, con aranceles del 30% a la importaci\u00f3n de bienes chinos en Estados Unidos y del 10% a los productos estadounidenses importados en China.<\/p>\n<p>Esta conversaci\u00f3n telef\u00f3nica se produjo tambi\u00e9n despu\u00e9s de que Xi organizara a principios de septiembre una cumbre regional con los dirigentes de Rusia e India, e invitara al l\u00edder norcoreano Kim Jong Un a un importante desfile militar en Pek\u00edn, unos eventos duramente criticados por Trump.<\/p>\n<p>\u00abPor favor, transmita mis m\u00e1s c\u00e1lidos saludos al [presidente ruso] Vladimir Putin y a Kim Jong Un mientras conspiran contra Estados Unidos de Am\u00e9rica\u00bb, indic\u00f3 entonces el magnate republicano a Xi en un mensaje publicado en su plataforma Truth Social.<\/p>\n<p>bur-jz\/val<\/p>\n","protected":false},"excerpt":{"rendered":"afp_tickers Este contenido fue publicado en 19 septiembre 2025 &#8211; 18:42 El presidente Donald Trump anunci\u00f3 este viernes&hellip;\n","protected":false},"author":2,"featured_media":125743,"comment_status":"","ping_status":"","sticky":false,"template":"","format":"standard","meta":{"footnotes":""},"categories":[42],"tags":[17,18,82,5796,83,84,13,14,11,61,62,85,63,86,64,19,20,87,9,10,15,16,88,90,12,21,22,34500,65,66,67],"class_list":{"0":"post-125742","1":"post","2":"type-post","3":"status-publish","4":"format-standard","5":"has-post-thumbnail","7":"category-internacional","8":"tag-breaking-news","9":"tag-breakingnews","10":"tag-business","11":"tag-computing-and-information-technology","12":"tag-diplomacy","13":"tag-economy-general","14":"tag-featured-news","15":"tag-featurednews","16":"tag-headlines","17":"tag-internacional","18":"tag-international","19":"tag-international-foreign-trade","20":"tag-international-news","21":"tag-international-relations","22":"tag-internationalnews","23":"tag-latest-news","24":"tag-latestnews","25":"tag-macro-economics","26":"tag-news","27":"tag-noticias","28":"tag-noticias-destacadas","29":"tag-noticiasdestacadas","30":"tag-politics","31":"tag-ticker","32":"tag-titulares","33":"tag-ultimas-noticias","34":"tag-ultimasnoticias","35":"tag-wireless-technology","36":"tag-world","37":"tag-world-news","38":"tag-worldnews"},"share_on_mastodon":{"url":"","error":""},"_links":{"self":[{"href":"https:\/\/www.europesays.com\/es\/wp-json\/wp\/v2\/posts\/125742","targetHints":{"allow":["GET"]}}],"collection":[{"href":"https:\/\/www.europesays.com\/es\/wp-json\/wp\/v2\/posts"}],"about":[{"href":"https:\/\/www.europesays.com\/es\/wp-json\/wp\/v2\/types\/post"}],"author":[{"embeddable":true,"href":"https:\/\/www.europesays.com\/es\/wp-json\/wp\/v2\/users\/2"}],"replies":[{"embeddable":true,"href":"https:\/\/www.europesays.com\/es\/wp-json\/wp\/v2\/comments?post=125742"}],"version-history":[{"count":0,"href":"https:\/\/www.europesays.com\/es\/wp-json\/wp\/v2\/posts\/125742\/revisions"}],"wp:featuredmedia":[{"embeddable":true,"href":"https:\/\/www.europesays.com\/es\/wp-json\/wp\/v2\/media\/125743"}],"wp:attachment":[{"href":"https:\/\/www.europesays.com\/es\/wp-json\/wp\/v2\/media?parent=125742"}],"wp:term":[{"taxonomy":"category","embeddable":true,"href":"https:\/\/www.europesays.com\/es\/wp-json\/wp\/v2\/categories?post=125742"},{"taxonomy":"post_tag","embeddable":true,"href":"https:\/\/www.europesays.com\/es\/wp-json\/wp\/v2\/tags?post=125742"}],"curies":[{"name":"wp","href":"https:\/\/api.w.org\/{rel}","templated":true}]}}