{"id":125746,"date":"2025-09-19T18:04:13","date_gmt":"2025-09-19T18:04:13","guid":{"rendered":"https:\/\/www.europesays.com\/es\/125746\/"},"modified":"2025-09-19T18:04:13","modified_gmt":"2025-09-19T18:04:13","slug":"hereu-destaca-la-salud-publica-como-derecho-de-la-humanidad-a-traves-de-la-investigacion-la-ciencia-y-la-innovacion","status":"publish","type":"post","link":"https:\/\/www.europesays.com\/es\/125746\/","title":{"rendered":"Hereu destaca la salud p\u00fablica como derecho de la humanidad a trav\u00e9s de la investigaci\u00f3n, la ciencia y la innovaci\u00f3n"},"content":{"rendered":"<p class=\"main-image\">&#13;<br \/>\n                     &#13;<br \/>\n                        &#13;<br \/>\n                        <img decoding=\"async\" alt=\"El ministro de Industria y Turismo, Jordi Hereu, durante la visita a la planta de Boehringer en Sant Cugat del Vall\u00e8s \" title=\"El ministro de Industria y Turismo, Jordi Hereu, durante la visita a la planta de Boehringer en Sant Cugat del Vall\u00e8s \" src=\"https:\/\/www.europesays.com\/es\/wp-content\/uploads\/2025\/09\/190925-hereu-visita-boheringer.jpg\"\/>&#13;<br \/>\n                        El ministro de Industria y Turismo, Jordi Hereu, durante la visita a la planta de Boehringer en Sant Cugat del Vall\u00e8s&#13;<br \/>\n                    &#13;\n                <\/p>\n<p>Jordi Hereu ha destacado, durante la visita a la planta de Boehringer en Sant Cugat del Vall\u00e8s, el papel de la salud p\u00fablica como uno de los grandes derechos de la humanidad a trav\u00e9s de la investigaci\u00f3n, la ciencia y la innovaci\u00f3n.<\/p>\n<p>Hereu ha agradecido la apuesta de esta compa\u00f1\u00eda alemana por Espa\u00f1a y por Catalu\u00f1a, lo que supone una prueba del compromiso de Boehringer con la innovaci\u00f3n y la sostenibilidad. Un hub que se inscribe en un ecosistema industrial s\u00f3lido y competitivo, y que ofrece grandes oportunidades para la inversi\u00f3n en un sector estrat\u00e9gico como es el farmac\u00e9utico.<\/p>\n<p>El ministro ha destacado el papel del <a href=\"https:\/\/www.lamoncloa.gob.es\/serviciosdeprensa\/notasprensa\/industria-turismo\/paginas\/2025\/140725-plan-proforma-farmaceutica.aspx\" onclick=\"javascript:GoogleTrackEvent(&#039;True&#039;,&#039;Contenido&#039;,&#039;Click&#039;,&#039;[https:\/\/www.lamoncloa.gob.es\/serviciosdeprensa\/notasprensa\/industria-turismo\/Paginas\/2025\/190925-hereu-salud-publica-derecho-humanidad.aspx] Plan PROFARMA. [\/serviciosdeprensa\/notasprensa\/industria-turismo\/paginas\/2025\/140725-plan-proforma-farmaceutica.aspx]&#039;);\" rel=\"nofollow noopener\" target=\"_blank\">Plan PROFARMA<\/a>, que impulsa la la fabricaci\u00f3n y la sostenibilidad en el sector farmac\u00e9utico en Espa\u00f1a. En este sentido, ha recordado la evoluci\u00f3n hacia la excelencia de estos laboratorios, alcanzando una evaluaci\u00f3n de &#8216;muy buena&#8217; en las \u00faltimas convocatorias de este programa que incentiva la innovaci\u00f3n farmac\u00e9utica.<\/p>\n<p>Adem\u00e1s, el Ejecutivo ha puesto en marcha medidas espec\u00edficas de apoyo, como el <a href=\"https:\/\/planderecuperacion.gob.es\/como-acceder-a-los-fondos\/pertes\/perte-para-la-salud-de-vanguardia\" onclick=\"javascript:GoogleTrackEvent(&#039;True&#039;,&#039;Contenido&#039;,&#039;Click&#039;,&#039;[https:\/\/www.lamoncloa.gob.es\/serviciosdeprensa\/notasprensa\/industria-turismo\/Paginas\/2025\/190925-hereu-salud-publica-derecho-humanidad.aspx] PERTE para la Salud de Vanguardia. [https:\/\/planderecuperacion.gob.es\/como-acceder-a-los-fondos\/pertes\/perte-para-la-salud-de-vanguardia]&#039;);\" rel=\"nofollow noopener\" target=\"_blank\">PERTE para la Salud de Vanguardia<\/a>, que entre 2022 y 2023 moviliz\u00f3 cerca de 28 millones de euros para impulsar la innovaci\u00f3n en este sector.<\/p>\n<p>El Gobierno trabaja para que Espa\u00f1a siga consolid\u00e1ndose como un polo de atracci\u00f3n de innovaci\u00f3n y producci\u00f3n farmac\u00e9utica, capaz de generar empleo de calidad, impulsar la investigaci\u00f3n biom\u00e9dica y garantizar nuestra autonom\u00eda estrat\u00e9gica. Prueba de ello son los buenos datos econ\u00f3micos que ha recordado el ministro, como la mejora de la tasa de crecimiento hasta el 2,7% del PIB o la revisi\u00f3n de la calificaci\u00f3n de la deuda espa\u00f1ola por parte de S&amp;P.<\/p>\n","protected":false},"excerpt":{"rendered":"&#13; &#13; &#13; &#13; El ministro de Industria y Turismo, Jordi Hereu, durante la visita a la planta&hellip;\n","protected":false},"author":2,"featured_media":125747,"comment_status":"","ping_status":"","sticky":false,"template":"","format":"standard","meta":{"footnotes":""},"categories":[5],"tags":[17,18,25,24,13,14,11,19,20,9,10,15,16,23,12,21,22],"class_list":{"0":"post-125746","1":"post","2":"type-post","3":"status-publish","4":"format-standard","5":"has-post-thumbnail","7":"category-titulares","8":"tag-breaking-news","9":"tag-breakingnews","10":"tag-es","11":"tag-espana","12":"tag-featured-news","13":"tag-featurednews","14":"tag-headlines","15":"tag-latest-news","16":"tag-latestnews","17":"tag-news","18":"tag-noticias","19":"tag-noticias-destacadas","20":"tag-noticiasdestacadas","21":"tag-spain","22":"tag-titulares","23":"tag-ultimas-noticias","24":"tag-ultimasnoticias"},"share_on_mastodon":{"url":"","error":""},"_links":{"self":[{"href":"https:\/\/www.europesays.com\/es\/wp-json\/wp\/v2\/posts\/125746","targetHints":{"allow":["GET"]}}],"collection":[{"href":"https:\/\/www.europesays.com\/es\/wp-json\/wp\/v2\/posts"}],"about":[{"href":"https:\/\/www.europesays.com\/es\/wp-json\/wp\/v2\/types\/post"}],"author":[{"embeddable":true,"href":"https:\/\/www.europesays.com\/es\/wp-json\/wp\/v2\/users\/2"}],"replies":[{"embeddable":true,"href":"https:\/\/www.europesays.com\/es\/wp-json\/wp\/v2\/comments?post=125746"}],"version-history":[{"count":0,"href":"https:\/\/www.europesays.com\/es\/wp-json\/wp\/v2\/posts\/125746\/revisions"}],"wp:featuredmedia":[{"embeddable":true,"href":"https:\/\/www.europesays.com\/es\/wp-json\/wp\/v2\/media\/125747"}],"wp:attachment":[{"href":"https:\/\/www.europesays.com\/es\/wp-json\/wp\/v2\/media?parent=125746"}],"wp:term":[{"taxonomy":"category","embeddable":true,"href":"https:\/\/www.europesays.com\/es\/wp-json\/wp\/v2\/categories?post=125746"},{"taxonomy":"post_tag","embeddable":true,"href":"https:\/\/www.europesays.com\/es\/wp-json\/wp\/v2\/tags?post=125746"}],"curies":[{"name":"wp","href":"https:\/\/api.w.org\/{rel}","templated":true}]}}