{"id":125750,"date":"2025-09-19T18:06:20","date_gmt":"2025-09-19T18:06:20","guid":{"rendered":"https:\/\/www.europesays.com\/es\/125750\/"},"modified":"2025-09-19T18:06:20","modified_gmt":"2025-09-19T18:06:20","slug":"sergio-fabregas-le-dedica-un-fandango-a-el-fandi-en-cazorla","status":"publish","type":"post","link":"https:\/\/www.europesays.com\/es\/125750\/","title":{"rendered":"Sergio F\u00e1bregas le dedica un fandango a \u201cEl Fandi\u201d en Cazorla"},"content":{"rendered":"\n<p>Tarde redonda la que se vivi\u00f3 en la Plaza de Toros de Cazorla y es que, aparte de la lidia que tuvo lugar en el coso, el cantante cazorle\u00f1o Sergio F\u00e1bregas hizo las delicias de los presentes en la grada con un fandango. Cuando el torero David Fandila \u201cEl Fandi\u201d se dispon\u00eda a realizar una faena, el artista sorprendi\u00f3 a toda la plaza arranc\u00e1ndose a cantar. Seg\u00fan palabras del propio Sergio, este torero siempre hab\u00eda sido admirado en su casa, y en el pueblo tambi\u00e9n hab\u00eda tenido mucha repercusi\u00f3n, aparte de ir a diferentes corridas, y por ello le hac\u00eda especial ilusi\u00f3n.<\/p>\n<p>Sergio F\u00e1bregas comenta que d\u00edas antes hab\u00eda hablado con El Fandi para preguntarle su opini\u00f3n para esta intervenci\u00f3n en mitad de la lidia, y que el mismo torero le hab\u00eda trasladado que ser\u00eda un honor que esto ocurriese como ha pasado. El fandango en s\u00ed fue cantado a capella y estaba dedicado a su figura. El artista afirma que para \u00e9l fue un momento muy bonito, pero a la vez complicado al verse en la barrera de una plaza de toros llena y \u201ccon un silencio absoluto\u201d cuando empez\u00f3 a cantar, adem\u00e1s de que el torero manten\u00eda templado al toro, para disfrutar del cante.<\/p>\n<p>El cantante asegura que para el resto del coso lo que ocurri\u00f3 fue una sorpresa, ya que los \u00fanicos que sab\u00edan lo que iba a pasar eran \u00e9l mismo y el torero. Aunque comenta que tuvo muy buena acogida porque no le hab\u00eda dado tiempo a terminar cuando ya la gente lo recibi\u00f3 con una sonora ovaci\u00f3n que dur\u00f3 varios minutos. Sergio F\u00e1bregas declara que, tras terminar la faena, El Fandi se acerca a \u00e9l y sus palabras textuales fueron: \u201cMuch\u00edsimas gracias compa\u00f1ero, hemos hecho lo que quer\u00edamos y el toro se ha comportado\u201d. El artista asegura que hab\u00eda cumplido su sue\u00f1o pudiendo cantar ese fandango, y adem\u00e1s, que, el torero se dirigiese a \u00e9l demostraba su calidad humana.<\/p>\n<p>Aparte, comenta que esto mismo ya lo hab\u00eda hecho en capeas con algunos amigos toreros, pero que en una plaza llena y con figuras tan importantes en el toreo nunca lo hab\u00eda hecho. El cantante declara que ya se conoc\u00edan de antes, pero que al hacer el cante, ambos artes se unen y se construye algo \u201cmuy bonito\u201d, y, por otra parte, Sergio sabe su arraigo hacia El Fandi a partir de ese fandango. Por \u00faltimo, Sergio F\u00e1bregas destacaba su agradecimiento hacia el torero por dejarle compartir ese momento tanto a \u00e9l como a toda su cuadrilla, por su cercan\u00eda y por su gran trato.<\/p>\n","protected":false},"excerpt":{"rendered":"Tarde redonda la que se vivi\u00f3 en la Plaza de Toros de Cazorla y es que, aparte de&hellip;\n","protected":false},"author":2,"featured_media":125751,"comment_status":"","ping_status":"","sticky":false,"template":"","format":"standard","meta":{"footnotes":""},"categories":[277],"tags":[373,168,25,24,23,167,374],"class_list":{"0":"post-125750","1":"post","2":"type-post","3":"status-publish","4":"format-standard","5":"has-post-thumbnail","7":"category-toreo","8":"tag-bullfighting","9":"tag-deportes","10":"tag-es","11":"tag-espana","12":"tag-spain","13":"tag-sports","14":"tag-toreo"},"share_on_mastodon":{"url":"","error":""},"_links":{"self":[{"href":"https:\/\/www.europesays.com\/es\/wp-json\/wp\/v2\/posts\/125750","targetHints":{"allow":["GET"]}}],"collection":[{"href":"https:\/\/www.europesays.com\/es\/wp-json\/wp\/v2\/posts"}],"about":[{"href":"https:\/\/www.europesays.com\/es\/wp-json\/wp\/v2\/types\/post"}],"author":[{"embeddable":true,"href":"https:\/\/www.europesays.com\/es\/wp-json\/wp\/v2\/users\/2"}],"replies":[{"embeddable":true,"href":"https:\/\/www.europesays.com\/es\/wp-json\/wp\/v2\/comments?post=125750"}],"version-history":[{"count":0,"href":"https:\/\/www.europesays.com\/es\/wp-json\/wp\/v2\/posts\/125750\/revisions"}],"wp:featuredmedia":[{"embeddable":true,"href":"https:\/\/www.europesays.com\/es\/wp-json\/wp\/v2\/media\/125751"}],"wp:attachment":[{"href":"https:\/\/www.europesays.com\/es\/wp-json\/wp\/v2\/media?parent=125750"}],"wp:term":[{"taxonomy":"category","embeddable":true,"href":"https:\/\/www.europesays.com\/es\/wp-json\/wp\/v2\/categories?post=125750"},{"taxonomy":"post_tag","embeddable":true,"href":"https:\/\/www.europesays.com\/es\/wp-json\/wp\/v2\/tags?post=125750"}],"curies":[{"name":"wp","href":"https:\/\/api.w.org\/{rel}","templated":true}]}}