{"id":125756,"date":"2025-09-19T18:10:09","date_gmt":"2025-09-19T18:10:09","guid":{"rendered":"https:\/\/www.europesays.com\/es\/125756\/"},"modified":"2025-09-19T18:10:09","modified_gmt":"2025-09-19T18:10:09","slug":"horarios-y-donde-ver-el-short-track-de-lenzerheide","status":"publish","type":"post","link":"https:\/\/www.europesays.com\/es\/125756\/","title":{"rendered":"Horarios y d\u00f3nde ver el Short Track de Lenzerheide"},"content":{"rendered":"<p><strong>Del 17 al 21 de septiembre<\/strong>, Lenzerheide retoma la Copa del Mundo justo una semana despu\u00e9s de disputarse el Campeonato del Mundo y ser\u00e1 all\u00ed donde se estrenan los nuevos maillots arco\u00edris. Pero sin duda esta prueba pasar\u00e1 a la historia del mountain bike por ser en la que Nino Schurter se despida de la Copa del Mundo.<\/p>\n<p><img class=\" lazyload\" border=\"0\" alt=\"Horarios y d\u00f3nde ver el Short Track de Lenzerheide\" width=\"1080\" height=\"1440\"  data-\/><\/p>\n<p><strong>Viernes 19 de septiembre \u2013 Short Track (XCC)<\/strong><\/p>\n<ul>&#13;<\/p>\n<li>11:05 \u2013 Mujeres Sub23<\/li>\n<p>&#13;<\/p>\n<li>11:35 \u2013 Hombres Sub23<\/li>\n<p>&#13;<\/p>\n<li>17:30 \u2013 Mujeres \u00c9lite<\/li>\n<p>&#13;<\/p>\n<li>18:10 \u2013 Hombres \u00c9lite<\/li>\n<p>&#13;\n<\/ul>\n<p><strong>Domingo 21 de septiembre \u2013 Cross-country Ol\u00edmpico (XCO)<\/strong><\/p>\n<ul>&#13;<\/p>\n<li>09:00 \u2013 Mujeres Sub23<\/li>\n<p>&#13;<\/p>\n<li>11:00 \u2013 Hombres Sub23<\/li>\n<p>&#13;<\/p>\n<li>13:30 \u2013 Mujeres \u00c9lite<\/li>\n<p>&#13;<\/p>\n<li>15:30 \u2013 Hombres \u00c9lite<\/li>\n<p>&#13;\n<\/ul>\n<p>Todas las pruebas \u00e9lite se podr\u00e1n seguir en directo a trav\u00e9s de Eurosport y la plataforma digital MAX, adem\u00e1s,<strong> las pruebas XCO \u00e9lite podr\u00e1s seguirlas del minuto a minuto gratis en brujulabike.com.<\/strong><\/p>\n<p>Se trata de una de las sedes m\u00e1s ic\u00f3nicas del calendario, donde <strong>la altitud (1.400 m)<\/strong> y un trazado r\u00e1pido y t\u00e9cnico suelen ofrecer carreras muy ajustadas. Adem\u00e1s, llega justo despu\u00e9s del Mundial de Crans-Montana, lo que a\u00f1ade expectaci\u00f3n sobre c\u00f3mo responder\u00e1n los grandes nombres.<\/p>\n<p>Situada en el cant\u00f3n suizo de Graub\u00fcnden, Lenzerheide es un escenario \u00fanico para el MTB. El recorrido combina bosques densos y zonas abiertas de monta\u00f1a, con tramos muy r\u00e1pidos, subidas intensas y bajadas t\u00e9cnicas.<\/p>\n<p>Se <strong>espera que la metereolog\u00eda sea estable<\/strong> y soleada durante todp el fin de semana. El viernes se esperan cielos despejados con temperaturas de hasta 23 \u00baC y m\u00ednimas de 9 \u00baC. El s\u00e1bado se mantendr\u00e1n las condiciones, con m\u00e1ximas de 22 \u00baC y m\u00ednimas de 9 \u00baC. El domingo, d\u00eda clave para las carreras de XCO, la previsi\u00f3n indica cielos mayormente soleados, con una temperatura m\u00e1xima de 19 \u00baC y m\u00ednima de 8 \u00baC.<\/p>\n<p>Veremos si esta previsi\u00f3n aguanta el paso de los d\u00edas o por el contrario todo cambia a \u00faltima hora.<\/p>\n<p>El vigente campe\u00f3n del mundo, <strong>Alan Hatherly<\/strong> (Giant), llega con la moral por las nubes y ser\u00e1 el gran rival a batir. Tambi\u00e9n hay que contar con el italiano <strong>Simone Avondetto<\/strong> (Wilier-Vittoria), plata en el Mundial y en un momento de forma brillante.<\/p>\n<p>El bloque del Specialized Factory Racing sigue siendo referencia con<strong> Christopher Blevins y Martin Vidaurre<\/strong>, primero y segundo de la general, adem\u00e1s de<strong> Victor Koretzky<\/strong> que acaba de revalidar su maillot arco\u00edris en Short Track y se hizo con la medalla de bronce en el XCO tras una \u00faltima vuelta hist\u00f3rica. El joven <strong>Luca Martin<\/strong> (Cannondale), ya podio en varias pruebas este a\u00f1o, corre muy cerca de casa y promete espect\u00e1culo.<\/p>\n<p>Pero sin duda,<strong> el gran protagonista del fin de semana ser\u00e1 Nino Schurter<\/strong>. El suizo ha elegido esta prueba para poner punto y final a su participaci\u00f3n en la Copa del Mundo. Una ubicaci\u00f3n emblem\u00e1tica para \u00e9l ya que se encuentra cerca de su casa y aqu\u00ed gan\u00f3 un Mundial en 2018 y tres pruebas de Copa del Mundo (2016, 2017 y 2023).<\/p>\n<p><img class=\" lazyload\" border=\"0\" alt=\"Horarios y d\u00f3nde ver el Short Track de Lenzerheide\" width=\"1080\" height=\"720\"  data-\/><\/p>\n<p>En mujeres, todas las miradas estar\u00e1n puestas en <strong>Jenny Rissveds (Canyon CLLCTV)<\/strong>, flamante campeona del mundo y m\u00e1xima favorita en Lenzerheide. La sueca tendr\u00e1 como grandes rivales a la l\u00edder de la general, <strong>Samara Maxwell (Decathlon Ford)<\/strong>, y a la suiza <strong>Alessandra Keller (Th\u00f6mus Maxon)<\/strong>, que corre en casa y ya sabe lo que es ganar aqu\u00ed.<\/p>\n<p>A ellas se suman ciclistas como <strong>Loana Lecomte, Puck Pieterse, Nicole Koller o Laura Stigger,<\/strong> que buscar\u00e1n aprovechar cualquier oportunidad para pelear por el podio.<\/p>\n<p>C\u00f3mo va la Clasificaci\u00f3n General<\/p>\n<p>En la clasificaci\u00f3n general femenina, la neozelandesa Samara Maxwell llega como l\u00edder destacada con 1.745 puntos. Tras ella, la sueca Jenny Rissveds ocupa la segunda posici\u00f3n con 1.310 puntos, mientras que la suiza Alessandra Keller se mantiene en tercera plaza con 1.233.<\/p>\n<p>En la categor\u00eda masculina, el estadounidense Christopher Blevins domina con 1.506 puntos, seguido por el chileno Martin Vidaurre con 1.145. El joven franc\u00e9s Luca Martin completa el podio provisional con 1.110 puntos.<\/p>\n<p>Lenzerheide 2025 promete ser una de las grandes citas del a\u00f1o en la Copa del Mundo de MTB y llega justo antes de dar el salto a Norteam\u00e9rica para disputar las dos \u00faltimas pruebas.<\/p>\n","protected":false},"excerpt":{"rendered":"Del 17 al 21 de septiembre, Lenzerheide retoma la Copa del Mundo justo una semana despu\u00e9s de disputarse&hellip;\n","protected":false},"author":2,"featured_media":125757,"comment_status":"","ping_status":"","sticky":false,"template":"","format":"standard","meta":{"footnotes":""},"categories":[273],"tags":[313,312,168,25,24,23,167],"class_list":{"0":"post-125756","1":"post","2":"type-post","3":"status-publish","4":"format-standard","5":"has-post-thumbnail","7":"category-ciclismo","8":"tag-ciclismo","9":"tag-cycling","10":"tag-deportes","11":"tag-es","12":"tag-espana","13":"tag-spain","14":"tag-sports"},"share_on_mastodon":{"url":"","error":""},"_links":{"self":[{"href":"https:\/\/www.europesays.com\/es\/wp-json\/wp\/v2\/posts\/125756","targetHints":{"allow":["GET"]}}],"collection":[{"href":"https:\/\/www.europesays.com\/es\/wp-json\/wp\/v2\/posts"}],"about":[{"href":"https:\/\/www.europesays.com\/es\/wp-json\/wp\/v2\/types\/post"}],"author":[{"embeddable":true,"href":"https:\/\/www.europesays.com\/es\/wp-json\/wp\/v2\/users\/2"}],"replies":[{"embeddable":true,"href":"https:\/\/www.europesays.com\/es\/wp-json\/wp\/v2\/comments?post=125756"}],"version-history":[{"count":0,"href":"https:\/\/www.europesays.com\/es\/wp-json\/wp\/v2\/posts\/125756\/revisions"}],"wp:featuredmedia":[{"embeddable":true,"href":"https:\/\/www.europesays.com\/es\/wp-json\/wp\/v2\/media\/125757"}],"wp:attachment":[{"href":"https:\/\/www.europesays.com\/es\/wp-json\/wp\/v2\/media?parent=125756"}],"wp:term":[{"taxonomy":"category","embeddable":true,"href":"https:\/\/www.europesays.com\/es\/wp-json\/wp\/v2\/categories?post=125756"},{"taxonomy":"post_tag","embeddable":true,"href":"https:\/\/www.europesays.com\/es\/wp-json\/wp\/v2\/tags?post=125756"}],"curies":[{"name":"wp","href":"https:\/\/api.w.org\/{rel}","templated":true}]}}