{"id":125758,"date":"2025-09-19T18:11:14","date_gmt":"2025-09-19T18:11:14","guid":{"rendered":"https:\/\/www.europesays.com\/es\/125758\/"},"modified":"2025-09-19T18:11:14","modified_gmt":"2025-09-19T18:11:14","slug":"colapinto-o-aron-la-decision-final-de-alpine-para-la-f1-2026","status":"publish","type":"post","link":"https:\/\/www.europesays.com\/es\/125758\/","title":{"rendered":"Colapinto o Aron: la decisi\u00f3n final de Alpine para la F1 2026"},"content":{"rendered":"<p>&#13;<br \/>\n                    &#13;<br \/>\n                        &#13;<br \/>\n&#13;<\/p>\n<p>Briatore afirm\u00f3 que \u00fanicamente el argentino y el estonio pelean hoy por acompa\u00f1ar a Pierre Gasly en la pr\u00f3xima temporada. Asegur\u00f3 que lo terminar\u00e1 de definir \u00aben una o dos carreras m\u00e1s\u00bb.<\/p>\n<p>&#13;<br \/>\n<img decoding=\"async\" class=\"mainImg r16x9\" width=\"416\" height=\"234\" fetchpriority=\"high\" src=\"https:\/\/www.europesays.com\/es\/wp-content\/uploads\/2025\/09\/briatore-colapinto-y-gasly_416x234.webp\"  alt=\"Briatore, Colapinto y Gasly\" title=\"Briatore, Colapinto y Gasly\"\/> Briatore, con Colapinto y Gasly: la foto que los argentinos quieren ver tambi\u00e9n para 2026. (Jayce Illman\/Getty Images)<\/p>\n<p>Flavio Briatore, principal asesor de Alpine, confirm\u00f3 este viernes que <b>elegir\u00e1 entre Franco Colapinto y el estonio Paul Aron<\/b>, despu\u00e9s de pensarlo \u00aben una o dos carreras m\u00e1s\u00bb, para conformar la dupla con Pierre Gasly de cara a la temporada 2026 de la F\u00f3rmula 1.<\/p>\n<p>&#13;<\/p>\n<p>        <b>\u00abEs entre Franco y Paul\u00bb<\/b><b>, le dijo el italiano al medio The Race<\/b>, para as\u00ed echar por tierra rumores que indicaban que podr\u00eda optar por Liam Lawson o Yuki Tsunoda si dejaban la estructura de Red Bull. Y tampoco ir\u00e1 por un talento emergente de la F\u00f3rmula 2.<\/p>\n<p><b>Briatore valor\u00f3 el progreso de Colapinto en las \u00faltimas carreras<\/b>. Primero explic\u00f3 que los \u00abj\u00f3venes pilotos llegan al equipo con mucha presi\u00f3n\u201d, mientras que luego agreg\u00f3 que \u00abes muy dif\u00edcil gestionar el auto y hablar con los ingenieros\u00bb en \u00abun equipo enorme, de mil personas, una gran responsabilidad\u00bb.<\/p>\n<p>\u00abQuiz\u00e1s algunos pilotos llegaron a la F1 demasiado pronto\u00bb, repiti\u00f3, pero aclar\u00f3 que \u00abdespu\u00e9s de seis, siete u ocho carreras se puede ver que (Kimi) Antonelli est\u00e1 mejor, (Gabriel) Bortoleto est\u00e1 mejor, y <b>ahora Franco <\/b><b>est\u00e1 mejor<\/b>\u00ab.<\/p>\n<p><img decoding=\"async\" class=\"mainImg r16x9\" width=\"416\" height=\"234\" fetchpriority=\"low\" loading=\"lazy\" src=\"https:\/\/www.europesays.com\/es\/wp-content\/uploads\/2025\/09\/1758305470_580_franco-colapinto_416x234.webp\"  alt=\"Franco Colapinto\" title=\"Franco Colapinto\"\/> Franco Colapinto, este viernes, durante la FP1 del GP de Azerbaiy\u00e1n. (Mark Thompson\/Getty Images)<\/p>\n<p>        Por su parte <b><a onclick=\"ga4SelectContentEvent(&quot;Alpine solamente decidir\\u00e1 entre Franco Colapinto y Paul Aron para la F\\u00f3rmula 1 en 2026&quot;, &quot;Automovilismo&quot;, &quot;Nota&quot;);\" href=\"https:\/\/www.tycsports.com\/automovilismo\/sin-alarmas-por-que-alpine-sube-a-paul-aron-y-baja-a-franco-colapinto-de-la-fp1-en-monza-id683827.html\" target=\"_blank\" rel=\"nofollow noopener\">Aron, estonio de 21 a\u00f1os<\/a>, es quien manej\u00f3 el A525 del argentino en la primera pr\u00e1ctica del \u00faltimo GP de Italia<\/b> en Monza. Durante esta temporada trabaj\u00f3 en el simulador y distintas pruebas, entre el programa TPC (con autos de temporadas anteriores) y los tests de neum\u00e1ticos Pirelli.<\/p>\n<p>\u00ab<b>Paul es un buen chico y adem\u00e1s un piloto muy r\u00e1pido<\/b>. Y yo necesito entender qu\u00e9 es lo mejor para el equipo. (\u2026) Mi \u00fanico inter\u00e9s es intentar incorporar al mejor piloto disponible y que haga el mejor trabajo con nosotros. As\u00ed de simple\u00bb, destac\u00f3 Briatore.<\/p>\n<p><img decoding=\"async\" class=\"mainImg r16x9\" width=\"416\" height=\"234\" fetchpriority=\"low\" loading=\"lazy\" src=\"https:\/\/www.europesays.com\/es\/wp-content\/uploads\/2025\/09\/aron-gasly_416x234.webp\"  alt=\"Aron gasly\" title=\"Aron gasly\"\/> Paul Aron junto a Pierre Gasly. (Clive Mason\/Getty Images)<\/p>\n<p>Estas declaraciones de Briatore dejan entrever que ser\u00e1n d\u00edas de mucha incertidumbre respecto del futuro segundo piloto de Alpine. En ese contexto, <b>hay un punto clave que puede jugarle a favor a Colapinto<\/b>: la inmejorable chance de demostrar en la pista -y no en el simulador- que \u00e9l es la mejor opci\u00f3n.<\/p>\n<p class=\"subs-tag\">&#13;<br \/>\n            &#13;<br \/>\n            &#13;<br \/>\n            &#13;<br \/>\n            &#13;<br \/>\n            &#13;<br \/>\n         No te pierdas nada<\/p>\n<p>        &#13;<br \/>\n            Recib\u00ed las \u00faltimas noticias de F1 \u00a1y m\u00e1s!    &#13;<br \/>\n    &#13;<\/p>\n<p>&#13;<br \/>\n    &#13;<br \/>\n       &#13;<br \/>\n&#13;<br \/>\n        Te puede interesar<a href=\"https:\/\/www.tycsports.com\/automovilismo\/imprudente-maniobra-impactante-accidente-formula-2-id687147.html\" onclick=\"ga4SelectContentEvent(&quot;La imprudente maniobra que provoc\\u00f3 un impactante accidente en la F2&quot;,&quot;Automovilismo&quot;,&quot;page_nota-comun-2024-blo_4109&quot;,&quot;Tiziano Pascale&quot;);\" class=\"cardImageHolder\" rel=\"nofollow noopener\" target=\"_blank\"><img decoding=\"async\" class=\"cardImage r16x9\" width=\"416\" height=\"234\" fetchpriority=\"low\" loading=\"lazy\" src=\"https:\/\/www.europesays.com\/es\/wp-content\/uploads\/2025\/09\/accidente-f2_416x234.webp\"  alt=\"La imprudente maniobra que provoc\u00f3 un impactante accidente en la F2\" title=\"La imprudente maniobra que provoc\u00f3 un impactante accidente en la F2\"\/><\/a><a href=\"https:\/\/www.tycsports.com\/automovilismo\/el-tc-pista-sigue-los-pasos-del-turismo-carretera-y-suma-autos-de-nueva-generacion-id687129.html\" onclick=\"ga4SelectContentEvent(&quot;El TC Pista sigue los pasos del TC y suma autos de nueva generaci\\u00f3n&quot;,&quot;Automovilismo&quot;,&quot;page_nota-comun-2024-blo_4109&quot;,&quot;Juan Manuel Collazo&quot;);\" class=\"cardImageHolder\" rel=\"nofollow noopener\" target=\"_blank\"><img decoding=\"async\" class=\"cardImage r16x9\" width=\"416\" height=\"234\" fetchpriority=\"low\" loading=\"lazy\" src=\"https:\/\/www.europesays.com\/es\/wp-content\/uploads\/2025\/09\/tc-2025_416x234.webp\"  alt=\"El TC Pista sigue los pasos del TC y suma autos de nueva generaci\u00f3n\" title=\"El TC Pista sigue los pasos del TC y suma autos de nueva generaci\u00f3n\"\/><\/a><a href=\"https:\/\/www.tycsports.com\/automovilismo\/f1-horario-y-donde-ver-en-vivo-la-clasificacion-del-gp-de-azerbaiyan-id686829.html\" onclick=\"ga4SelectContentEvent(&quot;Todo lo que ten\\u00e9s que saber de la clasificaci\\u00f3n del Gran Premio de Azerbaiy\\u00e1n&quot;,&quot;Automovilismo&quot;,&quot;page_nota-comun-2024-blo_4109&quot;,&quot;Dami\\u00e1n Michela&quot;);\" class=\"cardImageHolder\" rel=\"nofollow noopener\" target=\"_blank\"><img decoding=\"async\" class=\"cardImage r16x9\" width=\"416\" height=\"234\" fetchpriority=\"low\" loading=\"lazy\" src=\"https:\/\/www.europesays.com\/es\/wp-content\/uploads\/2025\/09\/oscar-piastri-_416x234.webp\"  alt=\"Todo lo que ten\u00e9s que saber de la clasificaci\u00f3n del Gran Premio de Azerbaiy\u00e1n\" title=\"Todo lo que ten\u00e9s que saber de la clasificaci\u00f3n del Gran Premio de Azerbaiy\u00e1n\"\/><\/a><a href=\"https:\/\/www.tycsports.com\/automovilismo\/colapinto-gasly-hablo-sobre-el-segundo-asiento-de-alpine-para-2026-id686979.html\" onclick=\"ga4SelectContentEvent(&quot;\\u00bfY Colapinto? Gasly habl\\u00f3 sobre el segundo asiento de Alpine para 2026: \\&quot;Piden mi opini\\u00f3n\\&quot;&quot;,&quot;Automovilismo&quot;,&quot;page_nota-comun-2024-blo_4109&quot;,&quot;Ciro Frustaci Zaccaro&quot;);\" class=\"cardImageHolder\" rel=\"nofollow noopener\" target=\"_blank\"><img decoding=\"async\" class=\"cardImage r16x9\" width=\"416\" height=\"234\" fetchpriority=\"low\" loading=\"lazy\" src=\"https:\/\/www.europesays.com\/es\/wp-content\/uploads\/2025\/09\/colapinto-gasly_416x234.webp.webp\"  alt=\"\u00bfY Colapinto? Gasly habl\u00f3 sobre el segundo asiento de Alpine para 2026: &quot;Piden mi opini\u00f3n&quot;\" title=\"\u00bfY Colapinto? Gasly habl\u00f3 sobre el segundo asiento de Alpine para 2026: &quot;Piden mi opini\u00f3n&quot;\"\/><\/a><a href=\"https:\/\/www.tycsports.com\/automovilismo\/colapinto-goleada-gasly-chicana-mundial-id686976.html\" onclick=\"ga4SelectContentEvent(&quot;Qu\\u00e9 jugador es: Colapinto le gan\\u00f3 por goleada a Gasly y lo chicane\\u00f3 por el Mundial&quot;,&quot;Automovilismo&quot;,&quot;page_nota-comun-2024-blo_4109&quot;,&quot;Federico Zbogar&quot;);\" class=\"cardImageHolder\" rel=\"nofollow noopener\" target=\"_blank\">&#13;<br \/>\n                    &#13;<br \/>\n                    &#13;<br \/>\n                <img decoding=\"async\" class=\"cardImage r16x9\" width=\"416\" height=\"234\" fetchpriority=\"low\" loading=\"lazy\" src=\"https:\/\/www.europesays.com\/es\/wp-content\/uploads\/2025\/09\/colapinto-y-gasly-jugaron-a-un-juego-de-futbol_416x234.webp\"  alt=\"Qu\u00e9 jugador es: Colapinto le gan\u00f3 por goleada a Gasly y lo chicane\u00f3 por el Mundial\" title=\"Qu\u00e9 jugador es: Colapinto le gan\u00f3 por goleada a Gasly y lo chicane\u00f3 por el Mundial\"\/><\/a><a href=\"https:\/\/www.tycsports.com\/automovilismo\/colapinto-en-alerta-un-virus-sacude-el-paddock-de-la-f1-id686966.html\" onclick=\"ga4SelectContentEvent(&quot;Colapinto en alerta: un virus sacude el paddock de la F1 en Bak\\u00fa&quot;,&quot;Automovilismo&quot;,&quot;page_nota-comun-2024-blo_4109&quot;,&quot;Ciro Frustaci Zaccaro&quot;);\" class=\"cardImageHolder\" rel=\"nofollow noopener\" target=\"_blank\"><img decoding=\"async\" class=\"cardImage r16x9\" width=\"416\" height=\"234\" fetchpriority=\"low\" loading=\"lazy\" src=\"https:\/\/www.europesays.com\/es\/wp-content\/uploads\/2025\/09\/1758234432_47_colapinto_416x234.webp\"  alt=\"Colapinto en alerta: un virus sacude el paddock de la F1 en Bak\u00fa\" title=\"Colapinto en alerta: un virus sacude el paddock de la F1 en Bak\u00fa\"\/><\/a>&#13;<br \/>\n&#13;<br \/>\n    &#13;<br \/>\n&#13;<br \/>\n&#13;<br \/>\n                  &#13;<\/p>\n","protected":false},"excerpt":{"rendered":"&#13; &#13; &#13; &#13; Briatore afirm\u00f3 que \u00fanicamente el argentino y el estonio pelean hoy por acompa\u00f1ar a&hellip;\n","protected":false},"author":2,"featured_media":125759,"comment_status":"","ping_status":"","sticky":false,"template":"","format":"standard","meta":{"footnotes":""},"categories":[270],"tags":[1763,168,25,24,306,271,272,1723,23,167],"class_list":{"0":"post-125758","1":"post","2":"type-post","3":"status-publish","4":"format-standard","5":"has-post-thumbnail","7":"category-formula-1","8":"tag-automovilismo","9":"tag-deportes","10":"tag-es","11":"tag-espana","12":"tag-f1","13":"tag-formula-1","14":"tag-formula1","15":"tag-franco-colapinto","16":"tag-spain","17":"tag-sports"},"share_on_mastodon":{"url":"","error":""},"_links":{"self":[{"href":"https:\/\/www.europesays.com\/es\/wp-json\/wp\/v2\/posts\/125758","targetHints":{"allow":["GET"]}}],"collection":[{"href":"https:\/\/www.europesays.com\/es\/wp-json\/wp\/v2\/posts"}],"about":[{"href":"https:\/\/www.europesays.com\/es\/wp-json\/wp\/v2\/types\/post"}],"author":[{"embeddable":true,"href":"https:\/\/www.europesays.com\/es\/wp-json\/wp\/v2\/users\/2"}],"replies":[{"embeddable":true,"href":"https:\/\/www.europesays.com\/es\/wp-json\/wp\/v2\/comments?post=125758"}],"version-history":[{"count":0,"href":"https:\/\/www.europesays.com\/es\/wp-json\/wp\/v2\/posts\/125758\/revisions"}],"wp:featuredmedia":[{"embeddable":true,"href":"https:\/\/www.europesays.com\/es\/wp-json\/wp\/v2\/media\/125759"}],"wp:attachment":[{"href":"https:\/\/www.europesays.com\/es\/wp-json\/wp\/v2\/media?parent=125758"}],"wp:term":[{"taxonomy":"category","embeddable":true,"href":"https:\/\/www.europesays.com\/es\/wp-json\/wp\/v2\/categories?post=125758"},{"taxonomy":"post_tag","embeddable":true,"href":"https:\/\/www.europesays.com\/es\/wp-json\/wp\/v2\/tags?post=125758"}],"curies":[{"name":"wp","href":"https:\/\/api.w.org\/{rel}","templated":true}]}}