{"id":125762,"date":"2025-09-19T18:13:08","date_gmt":"2025-09-19T18:13:08","guid":{"rendered":"https:\/\/www.europesays.com\/es\/125762\/"},"modified":"2025-09-19T18:13:08","modified_gmt":"2025-09-19T18:13:08","slug":"es-el-mejor-del-mundo","status":"publish","type":"post","link":"https:\/\/www.europesays.com\/es\/125762\/","title":{"rendered":"Es el mejor del mundo"},"content":{"rendered":"<p data-gtm-element-container=\"modulo-texto-link\" class=\"paragraph\">Este domingo <strong>Arsenal <\/strong>y <strong>Manchester City <\/strong>se ven las caras en el <strong>Emirates Stadium<\/strong> a las 17.30 horas sin margen de error. Una derrota los alejar\u00eda a\u00fan m\u00e1s del l\u00edder de la <strong>Premier<\/strong>, el <strong>Liverpool <\/strong>de <strong>Arne Slot<\/strong>. En la rueda de prensa previa a este encuentro, <strong>Mikel Arteta<\/strong>\u00a0(43 a\u00f1os) se deshizo en elogios hacia <strong>Pep Guardiola<\/strong>.\u00a0\u00abLo que se demanda a s\u00ed mismo, sus est\u00e1ndares, su deseo de ganar&#8230; Siempre saca lo mejor de la gente. <strong>Es, de largo, el mejor entrenador del mundo<\/strong> y siempre lo he dicho\u00bb, coment\u00f3.\u00a0<\/p>\n<p data-gtm-element-container=\"modulo-texto-link\" class=\"paragraph\"><strong>Guardiola <\/strong>y <strong>Arteta <\/strong>trabajaron juntos en el banquillo del <strong>Manchester City<\/strong> y comparten las mismas ideas futbol\u00edsticas. De ah\u00ed que el juego del <strong>Arsenal <\/strong>se asemeje tanto al de los &#8216;citizens&#8217;. Los &#8216;gunners&#8217; llegan a este encuentro con la moral alta tras derrotar al <strong>Athletic <\/strong>(0-2) en <strong>San Mam\u00e9s<\/strong> en la primera jornada de la <strong>Champions<\/strong>.\u00a0<\/p>\n<p>    Lee tambi\u00e9n<\/p>\n<p data-gtm-element-container=\"modulo-texto-link\" class=\"paragraph\">En la <strong>Premier <\/strong>son segundos con 9 puntos, los mismos que <strong>Tottenham <\/strong>y <strong>Bournemouth<\/strong>, y solo por detr\u00e1s del <strong>Liverpool <\/strong>de <strong>Arne Slot<\/strong> (12). El <strong>Arsenal <\/strong>tiene un muy buen recuerdo del partido de la temporada pasada en el <strong>Emirates<\/strong>. Los de <strong>Arteta <\/strong>golearon a los de <strong>Guardiola <\/strong>por 5-1.<\/p>\n<p data-gtm-element-container=\"modulo-texto-link\" class=\"paragraph\">Para este encuentro el t\u00e9cnico vasco podr\u00e1 contar con <strong>Victor Gyokeres<\/strong> y<strong> Mikel Merino<\/strong>, que sufrieron sendos golpes en la cabeza contra el <strong>Athletic<\/strong>. Son duda <strong>Martin Odegaard<\/strong>, sustituido por lesi\u00f3n contra el <strong>Nottingham Forest<\/strong> en el \u00faltimo choque liguero, <strong>Bukayo Saka<\/strong> y <strong>William Saliba<\/strong>.\u00a0<\/p>\n","protected":false},"excerpt":{"rendered":"Este domingo Arsenal y Manchester City se ven las caras en el Emirates Stadium a las 17.30 horas&hellip;\n","protected":false},"author":2,"featured_media":125763,"comment_status":"","ping_status":"","sticky":false,"template":"","format":"standard","meta":{"footnotes":""},"categories":[268],"tags":[168,25,24,280,282,281,23,167],"class_list":{"0":"post-125762","1":"post","2":"type-post","3":"status-publish","4":"format-standard","5":"has-post-thumbnail","7":"category-futbol","8":"tag-deportes","9":"tag-es","10":"tag-espana","11":"tag-football","12":"tag-futbol","13":"tag-soccer","14":"tag-spain","15":"tag-sports"},"share_on_mastodon":{"url":"","error":""},"_links":{"self":[{"href":"https:\/\/www.europesays.com\/es\/wp-json\/wp\/v2\/posts\/125762","targetHints":{"allow":["GET"]}}],"collection":[{"href":"https:\/\/www.europesays.com\/es\/wp-json\/wp\/v2\/posts"}],"about":[{"href":"https:\/\/www.europesays.com\/es\/wp-json\/wp\/v2\/types\/post"}],"author":[{"embeddable":true,"href":"https:\/\/www.europesays.com\/es\/wp-json\/wp\/v2\/users\/2"}],"replies":[{"embeddable":true,"href":"https:\/\/www.europesays.com\/es\/wp-json\/wp\/v2\/comments?post=125762"}],"version-history":[{"count":0,"href":"https:\/\/www.europesays.com\/es\/wp-json\/wp\/v2\/posts\/125762\/revisions"}],"wp:featuredmedia":[{"embeddable":true,"href":"https:\/\/www.europesays.com\/es\/wp-json\/wp\/v2\/media\/125763"}],"wp:attachment":[{"href":"https:\/\/www.europesays.com\/es\/wp-json\/wp\/v2\/media?parent=125762"}],"wp:term":[{"taxonomy":"category","embeddable":true,"href":"https:\/\/www.europesays.com\/es\/wp-json\/wp\/v2\/categories?post=125762"},{"taxonomy":"post_tag","embeddable":true,"href":"https:\/\/www.europesays.com\/es\/wp-json\/wp\/v2\/tags?post=125762"}],"curies":[{"name":"wp","href":"https:\/\/api.w.org\/{rel}","templated":true}]}}