{"id":125764,"date":"2025-09-19T18:14:08","date_gmt":"2025-09-19T18:14:08","guid":{"rendered":"https:\/\/www.europesays.com\/es\/125764\/"},"modified":"2025-09-19T18:14:08","modified_gmt":"2025-09-19T18:14:08","slug":"hablad-y-os-llevo-por-delante","status":"publish","type":"post","link":"https:\/\/www.europesays.com\/es\/125764\/","title":{"rendered":"\u00a1Hablad y os llevo por delante!"},"content":{"rendered":"\n<p> La tensi\u00f3n salt\u00f3 por los aires durante el <a href=\"https:\/\/www.elconfidencial.com\/television\/programas-tv\/2025-09-12\/carolina-sobe-no-somos-nadie-reaparicion-muerte-hermana-dnoe-lamiss_4208025\/\" target=\"_self\" rel=\"nofollow noopener\">No somos nadie<\/a> de este viernes, 19 de septiembre, en <a href=\"https:\/\/www.elconfidencial.com\/television\/programas-tv\/2025-09-12\/no-somo-nadie-nuevo-horario-ten_4207481\/\" target=\"_self\" rel=\"nofollow noopener\">Ten y Canal Quickie<\/a>. Y es que, en la misma jornada en la que Carlo Costanzia padre vuelve a sentarse en \u00a1De viernes! en Telecinco,<strong> <a href=\"https:\/\/www.elconfidencial.com\/television\/programas-tv\/2025-09-16\/eurovision-belen-esteban-rtve-espana-israel-abandonar_4210384\/\" target=\"_self\" rel=\"nofollow noopener\">Bel\u00e9n Esteban<\/a> le mand\u00f3 un contundente recado despu\u00e9s de unas \u00abamenazas\u00bb <\/strong>que habr\u00eda recibido en las \u00faltimas horas por parte del entorno del italiano. <\/p>\n<p> Todo se remonta a la pol\u00e9mica desatada por el cumplea\u00f1os de Terelu Campos y la marcada ausencia de Mar Flores en la foto familiar, en la que la colaboradora aparec\u00eda junto a su hija y Carlo Costanzia padre e hijo. Y es que unos comentarios de Kiko Matamoros, en los que el colaborador revelaba que los italianos \u00abno se sintieron bien en la fiesta porque hab\u00edan invitados que no eran de su nivel\u00bb; y Bel\u00e9n Esteban, que evidenci\u00f3 que \u00ablos invitados no tienen a unos hijos y hermanos en la c\u00e1rcel por cortar la pierna a un se\u00f1or\u00bb,<strong> habr\u00edan molestado a la familia de la pareja de Alejandra Rubio.<\/strong> <\/p>\n<p> Era durante una conversaci\u00f3n sobre Terelu Campos en el programa, cuando la de Paracuellos cortaba No somos nadie<strong> para dirigirse directamente a c\u00e1mara, con un claro mensaje.<\/strong> \u00ab\u00a1De la m\u00eda, ni esto! Yo he hablado mucho, hasta que me dejaron, pero la m\u00eda no ha ido a un plat\u00f3 de televisi\u00f3n, ni a hablar de su padre, ni de la Campanario ni de nadie de su familia\u00bb, comenz\u00f3 a alzar la voz, revelando que sus declaraciones y las de Matamoros del d\u00eda anterior hab\u00edan molestado a los Costanzia. <\/p>\n<p> <strong>\u00abSi quer\u00e9is sacar mierda, sacarla. \u00a1Tened cuidado!\u00bb,<\/strong> insisti\u00f3 Bel\u00e9n Esteban. \u00abComo yo oiga esto, os llevo por delante. Llevo muchos a\u00f1os aguantando que yo la iba a llevar con 18 a\u00f1os a S\u00e1lvame Deluxe. La han llamado de <a href=\"https:\/\/www.elconfidencial.com\/television\/programas-tv\/2025-09-14\/gran-hermano-20-telecinco-selecciona-criba-concursantes-reality_4207694\/\" target=\"_self\" rel=\"nofollow noopener\">Gran Hermano<\/a> y <a href=\"https:\/\/www.elconfidencial.com\/television\/programas-tv\/2025-09-19\/supervivientes-all-stars-nominados-lider-expulsion_4212044\/\" target=\"_self\" rel=\"nofollow noopener\">Supervivientes<\/a> d\u00e1ndole un pastizal y tiene sus redes an\u00f3nimas\u00bb, record\u00f3 en su mensaje a las c\u00e1maras: \u00abComo yo oiga un comentario, no me corto ni un puto pelo, \u00bfvale?\u00bb. <\/p>\n<blockquote class=\"twitter-tweet\">\n<p lang=\"es\" dir=\"ltr\">Bel\u00e9n Esteban BROTA en directo \ud83d\ude21\ud83d\udca5<br \/>\u00bfQui\u00e9n ha amenazado a Bel\u00e9n? \u00bfPor qu\u00e9? \ud83d\udc40<br \/>Todo esto y m\u00e1s en <a href=\"https:\/\/twitter.com\/hashtag\/NoSomos19S?src=hash&amp;ref_src=twsrc%5Etfw\" rel=\"nofollow noopener\" target=\"_blank\">#NoSomos19S<\/a> \ud83d\udcfa <\/p>\n<p>\ud83d\udc49\ud83c\udffb<a href=\"https:\/\/t.co\/fHZxeGRMF1\" rel=\"nofollow\">https:\/\/t.co\/fHZxeGRMF1<\/a> <a href=\"https:\/\/t.co\/ikPoxAqS3v\" rel=\"nofollow\">pic.twitter.com\/ikPoxAqS3v<\/a><\/p>\n<p>\u2014 Canal Quickie (@CanalQuickie) <a href=\"https:\/\/twitter.com\/CanalQuickie\/status\/1969048416694018386?ref_src=twsrc%5Etfw\" rel=\"nofollow noopener\" target=\"_blank\">September 19, 2025<\/a><\/p><\/blockquote>\n<p> \u00ab\u00bfDe verdad que alguien te ha mandado un mensaje y te ha dicho que si sigues hablando en ese tono de Alejandra y Terelu van a hablar de tu hija?\u00bb, pregunt\u00f3 la presentadora Carlota Corredera, a lo que la colaboradora matizaba que \u00abvan a hablar de mi vida con su padre\u00bb. <strong>\u00abSi ten\u00e9is cojones, decid una mentira,<\/strong> porque a mi hija no la conoce nadie. Cuidado, que mi hija no se gana la vida hablando de su primo ni de sus t\u00edos. Yo s\u00ed\u00bb, sentenci\u00f3. <\/p>\n<p>              <img decoding=\"async\" class=\"inTextNews__img\" alt=\"Foto: eurovision-belen-esteban-rtve-espana-israel-abandonar\" src=\"https:\/\/www.europesays.com\/es\/wp-content\/uploads\/2025\/09\/f.elconfidencial.com\/original\/707\/9c9\/b6e\/7079c9b6ee1f0e4e881ae7057e792b9d.jpg\"  \/>     <\/p>\n<p>TE PUEDE INTERESAR<\/p>\n<p>      <a class=\"inTextNews__title\" href=\"https:\/\/www.elconfidencial.com\/television\/programas-tv\/2025-09-16\/eurovision-belen-esteban-rtve-espana-israel-abandonar_4210384\/\" onclick=\"window.ECCO.emit(&#039;amplitude&#039;, { dataEventName: &#039;click_related_article_module&#039;, data: { related_article_url: &#039;https:\/\/www.elconfidencial.com\/television\/programas-tv\/2025-09-16\/eurovision-belen-esteban-rtve-espana-israel-abandonar_4210384\/&#039;, related_article_author: &#039;Daniel Robles&#039;, related_article_section: &#039;programas-tv&#039; } })\" rel=\"nofollow noopener\" target=\"_blank\"> Bel\u00e9n Esteban desvela que RTVE le rega\u00f1\u00f3 por pedir que Espa\u00f1a abandonase Eurovisi\u00f3n: \u00abTuve que pedir perd\u00f3n\u00bb <\/a>   <\/p>\n<p>    Daniel Robles   <\/p>\n<p> Y es que en las \u00faltimas horas, seg\u00fan Bel\u00e9n Esteban tras su participaci\u00f3n el anterior d\u00eda en Ten y Canal Quickie, \u00abha habido gente que trabaja en televisi\u00f3n que me ha dicho: &#8216;Bel\u00e9n, no te vengas muy arriba con este tema, porque a lo mejor te puede perjudicar a ti\u00bb. <strong>\u00abEso es una amenaza\u00bb, apunt\u00f3 el colaborador Chema Garrido.<\/strong> <\/p>\n<p> \u00abLo que me han dicho es que no cuente nada, pero cuando yo me siento en un plat\u00f3, yo no recibo \u00f3rdenes\u00bb, continu\u00f3 denunciando la colaboradora en su arrebato en directo, sacando de la ecuaci\u00f3n de la \u00abamenaza\u00bb a Terelu Campos y Alejandra Rubio. \u00abA m\u00ed no me hace falta denunciar, mi denuncia la hago aqu\u00ed. <strong>Que tengan cojones, que los tengan\u00bb, <\/strong>sentenci\u00f3, visiblemente enfadada la advertencia que ha recibido. <\/p>\n<p> La tensi\u00f3n salt\u00f3 por los aires durante el <a href=\"https:\/\/www.elconfidencial.com\/television\/programas-tv\/2025-09-12\/carolina-sobe-no-somos-nadie-reaparicion-muerte-hermana-dnoe-lamiss_4208025\/\" target=\"_self\" rel=\"nofollow noopener\">No somos nadie<\/a> de este viernes, 19 de septiembre, en <a href=\"https:\/\/www.elconfidencial.com\/television\/programas-tv\/2025-09-12\/no-somo-nadie-nuevo-horario-ten_4207481\/\" target=\"_self\" rel=\"nofollow noopener\">Ten y Canal Quickie<\/a>. Y es que, en la misma jornada en la que Carlo Costanzia padre vuelve a sentarse en \u00a1De viernes! en Telecinco,<strong> <a href=\"https:\/\/www.elconfidencial.com\/television\/programas-tv\/2025-09-16\/eurovision-belen-esteban-rtve-espana-israel-abandonar_4210384\/\" target=\"_self\" rel=\"nofollow noopener\">Bel\u00e9n Esteban<\/a> le mand\u00f3 un contundente recado despu\u00e9s de unas \u00abamenazas\u00bb <\/strong>que habr\u00eda recibido en las \u00faltimas horas por parte del entorno del italiano. <\/p>\n<p>              <script async src=\"https:\/\/platform.twitter.com\/widgets.js\" charset=\"utf-8\"><\/script><\/p>\n","protected":false},"excerpt":{"rendered":"La tensi\u00f3n salt\u00f3 por los aires durante el No somos nadie de este viernes, 19 de septiembre, en&hellip;\n","protected":false},"author":2,"featured_media":125765,"comment_status":"","ping_status":"","sticky":false,"template":"","format":"standard","meta":{"footnotes":""},"categories":[174],"tags":[255,146,147,25,24,256,23],"class_list":{"0":"post-125764","1":"post","2":"type-post","3":"status-publish","4":"format-standard","5":"has-post-thumbnail","7":"category-famosos","8":"tag-celebrities","9":"tag-entertainment","10":"tag-entretenimiento","11":"tag-es","12":"tag-espana","13":"tag-famosos","14":"tag-spain"},"share_on_mastodon":{"url":"","error":""},"_links":{"self":[{"href":"https:\/\/www.europesays.com\/es\/wp-json\/wp\/v2\/posts\/125764","targetHints":{"allow":["GET"]}}],"collection":[{"href":"https:\/\/www.europesays.com\/es\/wp-json\/wp\/v2\/posts"}],"about":[{"href":"https:\/\/www.europesays.com\/es\/wp-json\/wp\/v2\/types\/post"}],"author":[{"embeddable":true,"href":"https:\/\/www.europesays.com\/es\/wp-json\/wp\/v2\/users\/2"}],"replies":[{"embeddable":true,"href":"https:\/\/www.europesays.com\/es\/wp-json\/wp\/v2\/comments?post=125764"}],"version-history":[{"count":0,"href":"https:\/\/www.europesays.com\/es\/wp-json\/wp\/v2\/posts\/125764\/revisions"}],"wp:featuredmedia":[{"embeddable":true,"href":"https:\/\/www.europesays.com\/es\/wp-json\/wp\/v2\/media\/125765"}],"wp:attachment":[{"href":"https:\/\/www.europesays.com\/es\/wp-json\/wp\/v2\/media?parent=125764"}],"wp:term":[{"taxonomy":"category","embeddable":true,"href":"https:\/\/www.europesays.com\/es\/wp-json\/wp\/v2\/categories?post=125764"},{"taxonomy":"post_tag","embeddable":true,"href":"https:\/\/www.europesays.com\/es\/wp-json\/wp\/v2\/tags?post=125764"}],"curies":[{"name":"wp","href":"https:\/\/api.w.org\/{rel}","templated":true}]}}