{"id":125766,"date":"2025-09-19T18:15:11","date_gmt":"2025-09-19T18:15:11","guid":{"rendered":"https:\/\/www.europesays.com\/es\/125766\/"},"modified":"2025-09-19T18:15:11","modified_gmt":"2025-09-19T18:15:11","slug":"casa-ringo-uno-mas-uno-arquitectos","status":"publish","type":"post","link":"https:\/\/www.europesays.com\/es\/125766\/","title":{"rendered":"Casa Ringo \/ UNO M\u00c1S UNO Arquitectos"},"content":{"rendered":"<p><a class=\"js-image-size__link \" href=\"https:\/\/www.archdaily.cl\/cl\/1034290\/casa-ringo-uno-mas-uno-arquitectos\/68cd44510469df0001df270a-casa-ringo-uno-mas-uno-arquitectos-foto\" rel=\"attachment nofollow noopener\" style=\"width: 100%; height: 100%;\" target=\"_blank\"><img decoding=\"async\" alt=\"Casa Ringo \/ UNO M\u00c1S UNO Arquitectos - Fotograf\u00eda exterior, Concreto\" data-nr-picture-id=\"68cd44510469df0001df270a\" fetchpriority=\"high\" height=\"360\" itemprop=\"image\" loading=\"eager\" longdesc=\"https:\/\/www.archdaily.cl\/cl\/1034290\/casa-ringo-uno-mas-uno-arquitectos\/68cd44510469df0001df270a-casa-ringo-uno-mas-uno-arquitectos-foto\" src=\"https:\/\/www.europesays.com\/es\/wp-content\/uploads\/2025\/09\/01.jpg\" style=\"min-height: var(--featured-height, auto); aspect-ratio: auto 640 \/ 360\" width=\"640\"\/><\/a>\u00a9 Luis Abba<\/p>\n<p class=\"thumbs afd-desktop-e clearfix\"><a class=\"thumbs__link\" data-nr-picture-id=\"68cd44520469df0001df270d\" href=\"https:\/\/www.archdaily.cl\/cl\/1034290\/casa-ringo-uno-mas-uno-arquitectos\/68cd44520469df0001df270d-casa-ringo-uno-mas-uno-arquitectos-foto\" rel=\"attachment nofollow noopener\" target=\"_blank\"><img loading=\"lazy\" decoding=\"async\" alt=\"Casa Ringo \/ UNO M\u00c1S UNO Arquitectos - Fotograf\u00eda exterior, Concreto\" class=\"thumbs__img b-lazy\" data-nr-picture-id=\"68cd44520469df0001df270d\" data-pin-nopin=\"true\" src=\"https:\/\/www.europesays.com\/es\/wp-content\/uploads\/2025\/09\/03__1_.jpg\" height=\"125\" longdesc=\"https:\/\/www.archdaily.cl\/cl\/1034290\/casa-ringo-uno-mas-uno-arquitectos\/68cd44520469df0001df270d-casa-ringo-uno-mas-uno-arquitectos-foto\" title=\"\u00a9 Luis Abba\" width=\"125\"\/><\/a><a class=\"thumbs__link\" data-nr-picture-id=\"68cd44550469df0001df271c\" href=\"https:\/\/www.archdaily.cl\/cl\/1034290\/casa-ringo-uno-mas-uno-arquitectos\/68cd44550469df0001df271c-casa-ringo-uno-mas-uno-arquitectos-foto\" rel=\"attachment nofollow noopener\" target=\"_blank\"><img loading=\"lazy\" decoding=\"async\" alt=\"Casa Ringo \/ UNO M\u00c1S UNO Arquitectos - Fotograf\u00eda interior, Madera, Iluminaci\u00f3n, Cocina, Encimera, Sillas, Vidrio\" class=\"thumbs__img b-lazy\" data-nr-picture-id=\"68cd44550469df0001df271c\" data-pin-nopin=\"true\" src=\"https:\/\/www.europesays.com\/es\/wp-content\/uploads\/2025\/09\/1758305709_882_17.jpg\" height=\"125\" longdesc=\"https:\/\/www.archdaily.cl\/cl\/1034290\/casa-ringo-uno-mas-uno-arquitectos\/68cd44550469df0001df271c-casa-ringo-uno-mas-uno-arquitectos-foto\" title=\"\u00a9 Luis Abba\" width=\"125\"\/><\/a><a class=\"thumbs__link\" data-nr-picture-id=\"68cd44520469df0001df270f\" href=\"https:\/\/www.archdaily.cl\/cl\/1034290\/casa-ringo-uno-mas-uno-arquitectos\/68cd44520469df0001df270f-casa-ringo-uno-mas-uno-arquitectos-foto\" rel=\"attachment nofollow noopener\" target=\"_blank\"><img loading=\"lazy\" decoding=\"async\" alt=\"Casa Ringo \/ UNO M\u00c1S UNO Arquitectos - Fotograf\u00eda interior, Comedor, Madera, Iluminaci\u00f3n, Sillas, Mesas, Puerta, Vidrio\" class=\"thumbs__img b-lazy\" data-nr-picture-id=\"68cd44520469df0001df270f\" data-pin-nopin=\"true\" src=\"https:\/\/www.europesays.com\/es\/wp-content\/uploads\/2025\/09\/21.jpg\" height=\"125\" longdesc=\"https:\/\/www.archdaily.cl\/cl\/1034290\/casa-ringo-uno-mas-uno-arquitectos\/68cd44520469df0001df270f-casa-ringo-uno-mas-uno-arquitectos-foto\" title=\"\u00a9 Luis Abba\" width=\"125\"\/><\/a><a class=\"thumbs__link\" data-nr-picture-id=\"68cd44540469df0001df2714\" href=\"https:\/\/www.archdaily.cl\/cl\/1034290\/casa-ringo-uno-mas-uno-arquitectos\/68cd44540469df0001df2714-casa-ringo-uno-mas-uno-arquitectos-foto\" rel=\"attachment nofollow noopener\" target=\"_blank\"><img loading=\"lazy\" decoding=\"async\" alt=\"Casa Ringo \/ UNO M\u00c1S UNO Arquitectos - Fotograf\u00eda interior, Madera, Sillas\" class=\"thumbs__img b-lazy\" data-nr-picture-id=\"68cd44540469df0001df2714\" data-pin-nopin=\"true\" src=\"https:\/\/www.europesays.com\/es\/wp-content\/uploads\/2025\/09\/18.jpg\" height=\"125\" longdesc=\"https:\/\/www.archdaily.cl\/cl\/1034290\/casa-ringo-uno-mas-uno-arquitectos\/68cd44540469df0001df2714-casa-ringo-uno-mas-uno-arquitectos-foto\" title=\"\u00a9 Luis Abba\" width=\"125\"\/><\/a><a class=\"gallery-link afd-desktop-e\" href=\"https:\/\/www.archdaily.cl\/cl\/1034290\/casa-ringo-uno-mas-uno-arquitectos\/68cd44510469df0001df270a-casa-ringo-uno-mas-uno-arquitectos-foto\" rel=\"nofollow noopener\" target=\"_blank\"><img decoding=\"async\" alt=\"Casa Ringo \/ UNO M\u00c1S UNO Arquitectos - M\u00e1s Im\u00e1genes\" class=\"thumbs__img b-lazy\" src=\"https:\/\/www.europesays.com\/es\/wp-content\/uploads\/2025\/09\/01.jpg\" itemprop=\"image\" bad-src=\"data:image\/gif;base64,R0lGODlhAQABAIAAAAUEBAAAACwAAAAAAQABAAACAkQBADs=\"\/>+ 24<\/a><\/p>\n<p>    Compartir<\/p>\n<p>Compartir<\/p>\n<ul class=\"afd-share__networks clearfix\">\n<li class=\"afd-share__social\"><a aria-label=\"Facebook\" class=\"afd-share__button\" data-insights-category=\"share\" data-insights-label=\"facebook_sharing_options\" data-insights-value=\"1034290\" data-social=\"facebook\" href=\"https:\/\/www.facebook.com\/sharer\/sharer.php?u=https:\/\/www.archdaily.cl\/cl\/1034290\/casa-ringo-uno-mas-uno-arquitectos\" rel=\"nofollow noopener\" target=\"_blank\"><\/a>\n<p>Facebook<\/p>\n<\/li>\n<li class=\"afd-share__social\"><a aria-label=\"Twitter\" class=\"afd-share__button\" data-insights-category=\"share\" data-insights-label=\"twitter_sharing_options\" data-insights-value=\"1034290\" data-social=\"twitter\" href=\"https:\/\/twitter.com\/intent\/tweet?text=Casa%20Ringo%20%2F%20UNO%20M%C3%81S%20UNO%20Arquitectos&amp;url=https:\/\/www.archdaily.cl\/cl\/1034290\/casa-ringo-uno-mas-uno-arquitectos&amp;via=parq\" rel=\"nofollow noopener\" target=\"_blank\"><\/a>\n<p>Twitter<\/p>\n<\/li>\n<li class=\"afd-share__social\"><a class=\"afd-share__button\" data-insights-category=\"share\" data-insights-label=\"email_sharing_options\" data-insights-value=\"1034290\" data-social=\"email\" href=\"mailto:?subject=Casa Ringo \/ UNO M\u00c1S UNO Arquitectos&amp;body=https:\/\/www.archdaily.cl\/cl\/1034290\/casa-ringo-uno-mas-uno-arquitectos\"><\/a>\n<p>Mail<\/p>\n<\/li>\n<li class=\"afd-share__social\"><a aria-label=\"Pinterest\" class=\"afd-share__button\" data-insights-category=\"share\" data-insights-label=\"pinterest_sharing_options\" data-insights-value=\"1034290\" data-social=\"pinterest\" href=\"https:\/\/pinterest.com\/pin\/create\/button\/?url=https%3A%2F%2Fwww.archdaily.cl%2Fcl%2F1034290%2Fcasa-ringo-uno-mas-uno-arquitectos&amp;media=https%3A%2F%2Fimages.adsttc.com%2Fmedia%2Fimages%2F68cd%2F4451%2F0469%2Fdf00%2F01df%2F270a%2Flarge_jpg%2F01.jpg%3F1758282873&amp;description=Casa%20Ringo%20%2F%20UNO%20M%C3%81S%20UNO%20Arquitectos\" rel=\"nofollow noopener\" target=\"_blank\"><\/a>\n<p>Pinterest<\/p>\n<\/li>\n<li class=\"afd-share__social\"><a aria-label=\"Whatsapp\" class=\"afd-share__button\" data-action=\"share\/whatsapp\/share\" data-insights-category=\"share\" data-insights-label=\"whatsapp_sharing_options\" data-insights-value=\"1034290\" data-social=\"whatsapp\" href=\"whatsapp:\/\/send?text=Casa+Ringo+%2F+UNO+M%C3%81S+UNO+Arquitectos+%7C+https%3A%2F%2Fwww.archdaily.cl%2Fcl%2F1034290%2Fcasa-ringo-uno-mas-uno-arquitectos%3Futm_source%3DWhatsapp%26utm_medium%3DIM%26utm_campaign%3Dshare-button\" rel=\"nofollow\"><\/a>\n<p>Whatsapp<\/p>\n<\/li>\n<\/ul>\n<p>O<\/p>\n<p>https:\/\/www.archdaily.cl\/cl\/1034290\/casa-ringo-uno-mas-uno-arquitectos<\/p>\n<p>  Portapapeles<\/p>\n<p>              \u00abCOPY\u00bb<\/p>\n<p>Copiar<br \/>\n<a class=\"js-image-size__link lazy-anchor\" href=\"https:\/\/www.archdaily.cl\/cl\/1034290\/casa-ringo-uno-mas-uno-arquitectos\/68cd44520469df0001df270d-casa-ringo-uno-mas-uno-arquitectos-foto\" rel=\"nofollow noopener\" target=\"_blank\"><img decoding=\"async\" alt=\"Casa Ringo \/ UNO M\u00c1S UNO Arquitectos - Fotograf\u00eda exterior, Concreto\" data-nr-picture-id=\"68cd44520469df0001df270d\" height=\"427\" itemprop=\"image\" loading=\"lazy\" longdesc=\"https:\/\/www.archdaily.cl\/cl\/1034290\/casa-ringo-uno-mas-uno-arquitectos\/68cd44520469df0001df270d-casa-ringo-uno-mas-uno-arquitectos-foto\" src=\"https:\/\/www.europesays.com\/es\/wp-content\/uploads\/2025\/09\/1758305709_623_03__1_.jpg\" width=\"640\"\/>\u00a9 Luis Abba<\/a><\/p>\n<p>Descripci\u00f3n enviada por el equipo del proyecto. Un solo volumen rectangular alberga un programa dom\u00e9stico compacto de 90 m\u00b2, organizado por una operaci\u00f3n geom\u00e9trica precisa y potente: <strong>un prisma atravesado transversalmente por dos tabiques de hormig\u00f3n visto, que definen franjas funcionales y proponen una situaci\u00f3n espacial que va m\u00e1s all\u00e1 de lo estructural.<\/strong><\/p>\n<p><a class=\"js-image-size__link lazy-anchor\" href=\"https:\/\/www.archdaily.cl\/cl\/1034290\/casa-ringo-uno-mas-uno-arquitectos\/68cd44550469df0001df271c-casa-ringo-uno-mas-uno-arquitectos-foto\" rel=\"nofollow noopener\" target=\"_blank\"><img decoding=\"async\" alt=\"Casa Ringo \/ UNO M\u00c1S UNO Arquitectos - Fotograf\u00eda interior, Madera, Iluminaci\u00f3n, Cocina, Encimera, Sillas, Vidrio\" data-nr-picture-id=\"68cd44550469df0001df271c\" height=\"427\" itemprop=\"image\" loading=\"lazy\" longdesc=\"https:\/\/www.archdaily.cl\/cl\/1034290\/casa-ringo-uno-mas-uno-arquitectos\/68cd44550469df0001df271c-casa-ringo-uno-mas-uno-arquitectos-foto\" src=\"https:\/\/www.europesays.com\/es\/wp-content\/uploads\/2025\/09\/1758305710_955_17.jpg\" width=\"640\"\/>\u00a9 Luis Abba<\/a><\/p>\n<p>La g\u00e9nesis del proyecto se basa en una cuadr\u00edcula modular de 3&#215;3, una grilla organizadora que estructura la secuencia espacio-funcional y permite articular claramente las distintas \u00e1reas de la vivienda. Dentro de esta trama, la estructura se desarrolla respetando los dos ejes centrales, configurando el car\u00e1cter fundamental de la obra: sostiene, define, construye y comunica. <strong>Los muros de hormig\u00f3n, m\u00e1s all\u00e1 de su rol portante, se convierten en dispositivos proyectuales que dividen, organizan y jerarquizan los espacios interiores, mientras que su proyecci\u00f3n hacia el exterior fragmenta el vac\u00edo del entorno y genera patios laterales que desdibujan el l\u00edmite entre el adentro y el afuera.<\/strong><\/p>\n<p><a class=\"js-image-size__link lazy-anchor\" href=\"https:\/\/www.archdaily.cl\/cl\/1034290\/casa-ringo-uno-mas-uno-arquitectos\/68cd44520469df0001df270f-casa-ringo-uno-mas-uno-arquitectos-foto\" rel=\"nofollow noopener\" target=\"_blank\"><img decoding=\"async\" alt=\"Casa Ringo \/ UNO M\u00c1S UNO Arquitectos - Fotograf\u00eda interior, Comedor, Madera, Iluminaci\u00f3n, Sillas, Mesas, Puerta, Vidrio\" data-nr-picture-id=\"68cd44520469df0001df270f\" height=\"427\" itemprop=\"image\" loading=\"lazy\" longdesc=\"https:\/\/www.archdaily.cl\/cl\/1034290\/casa-ringo-uno-mas-uno-arquitectos\/68cd44520469df0001df270f-casa-ringo-uno-mas-uno-arquitectos-foto\" src=\"https:\/\/www.europesays.com\/es\/wp-content\/uploads\/2025\/09\/1758305710_28_21.jpg\" width=\"640\"\/>\u00a9 Luis Abba<\/a><\/p>\n<p>El sistema de cerramientos acompa\u00f1a esa operaci\u00f3n, redefiniendo los bordes de la vivienda y reconfigurando el l\u00edmite real de la obra. <strong>La apertura total de las carpinter\u00edas m\u00f3viles hacia los patios intermedios diluye las fronteras y potencia una experiencia del habitar en constante di\u00e1logo con el clima, la luz y el paisaje.<\/strong> As\u00ed, la planta, aunque se organiza a partir de la grilla, permite que ciertos elementos la rompan y se extiendan, reforzando la idea de que la trama ordena, pero no condiciona. La vivienda trasciende entonces su contorno f\u00edsico y se expande hacia el paisaje. Se trata de una arquitectura que respira, que se adapta, que propone una forma de vivir \u00edntima pero abierta, austera pero sensible.<\/p>\n<p><a class=\"js-image-size__link lazy-anchor\" href=\"https:\/\/www.archdaily.cl\/cl\/1034290\/casa-ringo-uno-mas-uno-arquitectos\/68cd44560469df0001df272c-casa-ringo-uno-mas-uno-arquitectos-planta\" rel=\"nofollow noopener\" target=\"_blank\"><img decoding=\"async\" alt=\"Casa Ringo \/ UNO M\u00c1S UNO Arquitectos - Imagen 21 de 29\" data-nr-picture-id=\"68cd44560469df0001df272c\" height=\"427\" itemprop=\"image\" loading=\"lazy\" longdesc=\"https:\/\/www.archdaily.cl\/cl\/1034290\/casa-ringo-uno-mas-uno-arquitectos\/68cd44560469df0001df272c-casa-ringo-uno-mas-uno-arquitectos-planta\" src=\"https:\/\/www.europesays.com\/es\/wp-content\/uploads\/2025\/09\/3.CASA_RINGO-PLANTA.jpg\" width=\"640\"\/>Planta<\/a><\/p>\n<p>La materialidad acompa\u00f1a esa b\u00fasqueda de esencialidad. <strong>El hormig\u00f3n visto, elegido tanto por su honestidad expresiva como por su eficiencia constructiva, se combina con carpinter\u00edas met\u00e1licas y terminaciones sobrias en una paleta reducida pero contundente.<\/strong> La luz natural, filtrada por los llenos y vac\u00edos de los muros, es la encargada de animar los espacios interiores, creando atm\u00f3sferas cambiantes a lo largo del d\u00eda.<\/p>\n<p><a class=\"js-image-size__link lazy-anchor\" href=\"https:\/\/www.archdaily.cl\/cl\/1034290\/casa-ringo-uno-mas-uno-arquitectos\/68cd44550469df0001df2723-casa-ringo-uno-mas-uno-arquitectos-foto\" rel=\"nofollow noopener\" target=\"_blank\"><img decoding=\"async\" alt=\"Casa Ringo \/ UNO M\u00c1S UNO Arquitectos - Fotograf\u00eda exterior, Concreto\" data-nr-picture-id=\"68cd44550469df0001df2723\" height=\"427\" itemprop=\"image\" loading=\"lazy\" longdesc=\"https:\/\/www.archdaily.cl\/cl\/1034290\/casa-ringo-uno-mas-uno-arquitectos\/68cd44550469df0001df2723-casa-ringo-uno-mas-uno-arquitectos-foto\" src=\"https:\/\/www.europesays.com\/es\/wp-content\/uploads\/2025\/09\/1758305710_864_15.jpg\" width=\"640\"\/>\u00a9 Luis Abba<\/a><a class=\"js-image-size__link lazy-anchor\" href=\"https:\/\/www.archdaily.cl\/cl\/1034290\/casa-ringo-uno-mas-uno-arquitectos\/68cd44550469df0001df2718-casa-ringo-uno-mas-uno-arquitectos-foto\" rel=\"nofollow noopener\" target=\"_blank\"><img decoding=\"async\" alt=\"Casa Ringo \/ UNO M\u00c1S UNO Arquitectos - Imagen 16 de 29\" data-nr-picture-id=\"68cd44550469df0001df2718\" height=\"427\" itemprop=\"image\" loading=\"lazy\" longdesc=\"https:\/\/www.archdaily.cl\/cl\/1034290\/casa-ringo-uno-mas-uno-arquitectos\/68cd44550469df0001df2718-casa-ringo-uno-mas-uno-arquitectos-foto\" src=\"https:\/\/www.europesays.com\/es\/wp-content\/uploads\/2025\/09\/24.jpg\" width=\"640\"\/>\u00a9 Luis Abba<\/a><\/p>\n<p>Casa Ringo no busca imponerse a su entorno ni sobresalir por estridencia. Por el contrario: se inscribe en una l\u00f3gica de contenci\u00f3n, de precisi\u00f3n y de respeto por el contexto. <strong>Su aparente simplicidad formal esconde una complejidad espacial cuidadosamente trabajada, que permite que en apenas 90 m\u00b2 convivan diversidad, fluidez y profundidad.<\/strong><\/p>\n<p><a class=\"js-image-size__link lazy-anchor\" href=\"https:\/\/www.archdaily.cl\/cl\/1034290\/casa-ringo-uno-mas-uno-arquitectos\/68cd44550469df0001df2724-casa-ringo-uno-mas-uno-arquitectos-foto\" rel=\"nofollow noopener\" target=\"_blank\"><img decoding=\"async\" alt=\"Casa Ringo \/ UNO M\u00c1S UNO Arquitectos - Fotograf\u00eda interior, Comedor\" data-nr-picture-id=\"68cd44550469df0001df2724\" height=\"427\" itemprop=\"image\" loading=\"lazy\" longdesc=\"https:\/\/www.archdaily.cl\/cl\/1034290\/casa-ringo-uno-mas-uno-arquitectos\/68cd44550469df0001df2724-casa-ringo-uno-mas-uno-arquitectos-foto\" src=\"https:\/\/www.europesays.com\/es\/wp-content\/uploads\/2025\/09\/1758305711_754_16.jpg\" width=\"640\"\/>\u00a9 Luis Abba<\/a><\/p>\n<p>En un entorno rural y con recursos controlados, la vivienda responde desde lo t\u00e9cnico, lo constructivo y lo simb\u00f3lico. Su escala, su lenguaje y su modo de habitar la hacen profundamente contempor\u00e1nea, sin perder la conexi\u00f3n con lo esencial: el territorio, la materia, el vac\u00edo, la luz.<\/p>\n<p><a class=\"js-image-size__link lazy-anchor\" href=\"https:\/\/www.archdaily.cl\/cl\/1034290\/casa-ringo-uno-mas-uno-arquitectos\/68cd44520469df0001df270c-casa-ringo-uno-mas-uno-arquitectos-foto\" rel=\"nofollow noopener\" target=\"_blank\"><img decoding=\"async\" alt=\"Casa Ringo \/ UNO M\u00c1S UNO Arquitectos - Fotograf\u00eda exterior, Concreto\" data-nr-picture-id=\"68cd44520469df0001df270c\" height=\"427\" itemprop=\"image\" loading=\"lazy\" longdesc=\"https:\/\/www.archdaily.cl\/cl\/1034290\/casa-ringo-uno-mas-uno-arquitectos\/68cd44520469df0001df270c-casa-ringo-uno-mas-uno-arquitectos-foto\" src=\"https:\/\/www.europesays.com\/es\/wp-content\/uploads\/2025\/09\/02-02.jpg\" width=\"640\"\/>\u00a9 Luis Abba<\/a><script async src=\"https:\/\/platform.twitter.com\/widgets.js\" charset=\"utf-8\"><\/script><\/p>\n","protected":false},"excerpt":{"rendered":"\u00a9 Luis Abba + 24 Compartir Compartir Facebook Twitter Mail Pinterest Whatsapp O https:\/\/www.archdaily.cl\/cl\/1034290\/casa-ringo-uno-mas-uno-arquitectos Portapapeles \u00abCOPY\u00bb Copiar \u00a9&hellip;\n","protected":false},"author":2,"featured_media":125767,"comment_status":"","ping_status":"","sticky":false,"template":"","format":"standard","meta":{"footnotes":""},"categories":[173],"tags":[801,802,229,233,231,230,3738,232,234,146,147,25,24,9142,23],"class_list":{"0":"post-125766","1":"post","2":"type-post","3":"status-publish","4":"format-standard","5":"has-post-thumbnail","7":"category-arte-y-diseno","8":"tag-arquitectura","9":"tag-arquitectura-residencial","10":"tag-arte","11":"tag-arte-y-diseno","12":"tag-arts","13":"tag-arts-and-design","14":"tag-casas","15":"tag-design","16":"tag-diseno","17":"tag-entertainment","18":"tag-entretenimiento","19":"tag-es","20":"tag-espana","21":"tag-mendoza","22":"tag-spain"},"share_on_mastodon":{"url":"","error":""},"_links":{"self":[{"href":"https:\/\/www.europesays.com\/es\/wp-json\/wp\/v2\/posts\/125766","targetHints":{"allow":["GET"]}}],"collection":[{"href":"https:\/\/www.europesays.com\/es\/wp-json\/wp\/v2\/posts"}],"about":[{"href":"https:\/\/www.europesays.com\/es\/wp-json\/wp\/v2\/types\/post"}],"author":[{"embeddable":true,"href":"https:\/\/www.europesays.com\/es\/wp-json\/wp\/v2\/users\/2"}],"replies":[{"embeddable":true,"href":"https:\/\/www.europesays.com\/es\/wp-json\/wp\/v2\/comments?post=125766"}],"version-history":[{"count":0,"href":"https:\/\/www.europesays.com\/es\/wp-json\/wp\/v2\/posts\/125766\/revisions"}],"wp:featuredmedia":[{"embeddable":true,"href":"https:\/\/www.europesays.com\/es\/wp-json\/wp\/v2\/media\/125767"}],"wp:attachment":[{"href":"https:\/\/www.europesays.com\/es\/wp-json\/wp\/v2\/media?parent=125766"}],"wp:term":[{"taxonomy":"category","embeddable":true,"href":"https:\/\/www.europesays.com\/es\/wp-json\/wp\/v2\/categories?post=125766"},{"taxonomy":"post_tag","embeddable":true,"href":"https:\/\/www.europesays.com\/es\/wp-json\/wp\/v2\/tags?post=125766"}],"curies":[{"name":"wp","href":"https:\/\/api.w.org\/{rel}","templated":true}]}}