{"id":12577,"date":"2025-07-29T21:53:08","date_gmt":"2025-07-29T21:53:08","guid":{"rendered":"https:\/\/www.europesays.com\/es\/12577\/"},"modified":"2025-07-29T21:53:08","modified_gmt":"2025-07-29T21:53:08","slug":"help-la-pelicula-de-the-beatles-cumple-60-anos","status":"publish","type":"post","link":"https:\/\/www.europesays.com\/es\/12577\/","title":{"rendered":"&#8216;Help!&#8217;, la pel\u00edcula de The Beatles, cumple 60 a\u00f1os"},"content":{"rendered":"<p class=\"paragraph\"><b>El 29 de julio de 1965 se celebr\u00f3 en Londres el preestreno oficial de la segunda pel\u00edcula de los Beatles, \u2018Help!\u2019.<\/b> El evento tuvo lugar en el London Pavillion, situado en Piccadilly Circus, con la asistencia de los Fab Four. <a href=\"https:\/\/www.heraldo.es\/noticias\/ocio-y-cultura\/2020\/07\/07\/ringo-starr-festeja-con-un-show-virtual-sus-80-primaveras-por-la-pandemia-1384798.html\" title=\"Ringo Starr festeja con un show virtual sus 80 primaveras por la pandemia\" rel=\"nofollow noopener\" target=\"_blank\">Ringo Starr<\/a> vino acompa\u00f1ado de su esposa Maureen Cox, con la que estuvo entre 1962 y 1975 y se hab\u00eda casado apenas cinco meses antes. A John Lennon, por su parte, le acompa\u00f1\u00f3 Cynthia Powell; la pareja, casada desde 1962, tuvo un hijo, Julian, tambi\u00e9n artista.<\/p>\n<p class=\"paragraph\">Alrededor de 10.000 fans esperaban fuera del cine para ver aunque fuera un segundo a los Beatles antes de que comenzara el acto. <b>El grupo y sus acompa\u00f1antes llegaron en un Rolls Royce negro; <\/b>en el interior de la sala les esperaban la princesa Margarita, hermana menor de Isabel II, y su marido, Lord Snowdon. Las notas de sociedad de la \u00e9poca recalcan que la aristocr\u00e1tica pareja hab\u00eda retrasado sus vacaciones veraniegas para poder asistir a la proyecci\u00f3n.<\/p>\n<p class=\"paragraph\">La fiesta no acab\u00f3 en el London Pavillion. <b>El grupo asisti\u00f3 luego a una fiesta en el Orchid Room del hotel Dorchester. <\/b>Simult\u00e1neamente al preeestreno en Londres, la pel\u00edcula ya se estaba proyectando en varias localidades brit\u00e1nicas, desde Barnstaple a Brighton, Clacton, Lowestoft, Plymouth, Ramsgate, Weymouth o Working.<\/p>\n<p class=\"paragraph\"><b>La cr\u00edtica no fue muy complaciente con la pel\u00edcula. <\/b>Al compararla con la primera, \u2018A hard days night\u2019, \u2018\u00a1Help!\u2019 perd\u00eda por goleada. Richard Lester (93 a\u00f1os tiene el cineasta de Filadelfia) estuvo tras las c\u00e1maras en ambas. En esta ocasi\u00f3n, Ringo Starr es el objetivo del sacrificio humano de una secta, y sus compa\u00f1eros de The Beatles deben intentar protegerle de ella.<\/p>\n<p>        <img decoding=\"async\" loading=\"lazy\" width=\"640\" alt=\"Monumento en honor a los Beatles en Obertauern (Austria), donde se rodaron escenas de 'Help!'\" height=\"480\" src=\"https:\/\/imagenes.heraldo.es\/files\/image_640_auto\/uploads\/imagenes\/2025\/07\/29\/beatlesob.jpeg\" data-full-src=\"https:\/\/www.europesays.com\/es\/wp-content\/uploads\/2025\/07\/beatlesob.jpeg\"\/><\/p>\n<p>    Monumento en honor a los Beatles en Obertauern (Austria), donde se rodaron escenas de &#8216;Help!&#8217;Enrique Barcelona<br \/>\nUn testigo desde Zaragoza<\/p>\n<p class=\"paragraph\">Enrique Barcelona no pudo asistir a aquel pase londinense de \u2018Help!\u2019, por cuesti\u00f3n de edad, pero su pasi\u00f3n por los Beatles le ha llevado a visitar y fotografiar lugares ic\u00f3nicos para la banda. Sobre estas primeras pel\u00edculas \u2018beatles\u2019 con Richard Lester, <b>Barcelona opina que \u201cninguna de las dos estaban concebidas para optar al Oscar:<\/b> todo val\u00eda, pero si te gusta el grupo, las ves. Lester tambi\u00e9n hizo \u2018Como gan\u00e9 la guerra\u2019 con Lennon, de aquel rodaje se Almer\u00eda se hizo eco David Trueba en \u2018Vivir es f\u00e1cil con los ojos cerrados\u2019. En cuanto a Lennon y los Beatles, desde luego, me quedo con la m\u00fasica\u201d.<\/p>\n<p class=\"paragraph\">Barcelona ha visitado en dos ocasiones <b>uno de los enclaves en los que se rod\u00f3 \u00a1Help!\u2019: la localidad austriaca de Obertauern. <\/b>\u201cAll\u00e1 se hicieron las secuencias de nieve, tienen una de las mejores estaciones de esqu\u00ed del pa\u00eds. En el 50 aniversario de la pel\u00edcula se hizo una gran fiesta all\u00e1 y pusieron en la entrada un monumento conmemorativo con las figuras de los cuatro Beatles. En el pueblo hay bares dedicados al grupo y en lo alto de la monta\u00f1a, un piano con The Beatles escrito en un lado\u201d.<\/p>\n<p class=\"paragraph\">El zaragozano fue all\u00e1 en septiembre, mes con poca afluencia de turistas en el lugar. \u201cCuando expliqu\u00e9 mi intenci\u00f3n de documentar el tema beatle en la oficina de turismo llamaron a la alcaldesa, y me ense\u00f1aron varios rincones del rodaje. En un hotel de la zona alta hab\u00eda un pub dedicado al grupo<b>, y aunque estaba cerrado por reforma me dejaron verlo\u201d.\u00a0<\/b><\/p>\n<p>        <img decoding=\"async\" loading=\"lazy\" width=\"640\" alt=\"Pancarta contra los Beatles a las afueras del hotel Sacher de Salzburgo durante el rodaje.\" height=\"370\" src=\"https:\/\/imagenes.heraldo.es\/files\/image_640_auto\/uploads\/imagenes\/2025\/07\/29\/beatles-en-salzburgo.jpeg\" data-full-src=\"https:\/\/www.europesays.com\/es\/wp-content\/uploads\/2025\/07\/beatles-en-salzburgo.jpeg\"\/><\/p>\n<p>    Pancarta contra los Beatles a las afueras del hotel Sacher de Salzburgo durante el rodaje.Instagram<\/p>\n<p class=\"paragraph\">Tambi\u00e9n estuvo Enrique Barcelona en el hotel Sacher de Salzburgo, donde The Beatles dieron una rueda de prensa previa al rodaje en suelo austriaco. All\u00e1 no les recibieron muy bien. \u201cMe ense\u00f1aron la habitaci\u00f3n en la que estuvieron dando esa rueda de prensa. <b>Una pancarta los mandaba a casa. No fueron muy amigables con ellos\u201d.\u00a0<\/b><\/p>\n<p class=\"paragraph\">En el Reino Unido, Enrique Barcelona visit\u00f3 los Twickenham Studios de Londres, donde se rodaron interiores. Est\u00e1n junto al estadio nacional de rugby de Inglaterra. <b>\u201cAh\u00ed mismo hay un pub, Turk\u2019s Head, que sale tanto en \u2018A hard days night\u2019 como en \u2018Help!\u2019. <\/b>Tambi\u00e9n rodaron en las orillas del T\u00e1mesis, en Londres\u201d.<\/p>\n","protected":false},"excerpt":{"rendered":"El 29 de julio de 1965 se celebr\u00f3 en Londres el preestreno oficial de la segunda pel\u00edcula de&hellip;\n","protected":false},"author":2,"featured_media":12578,"comment_status":"","ping_status":"","sticky":false,"template":"","format":"standard","meta":{"footnotes":""},"categories":[170],"tags":[8714,8717,146,147,25,24,8715,184,185,1257,8716,23,491],"class_list":{"0":"post-12577","1":"post","2":"type-post","3":"status-publish","4":"format-standard","5":"has-post-thumbnail","7":"category-musica","8":"tag-beatles","9":"tag-enrique-barcelona","10":"tag-entertainment","11":"tag-entretenimiento","12":"tag-es","13":"tag-espana","14":"tag-help","15":"tag-music","16":"tag-musica","17":"tag-pelicula","18":"tag-richard-lester","19":"tag-spain","20":"tag-zaragoza"},"share_on_mastodon":{"url":"","error":""},"_links":{"self":[{"href":"https:\/\/www.europesays.com\/es\/wp-json\/wp\/v2\/posts\/12577","targetHints":{"allow":["GET"]}}],"collection":[{"href":"https:\/\/www.europesays.com\/es\/wp-json\/wp\/v2\/posts"}],"about":[{"href":"https:\/\/www.europesays.com\/es\/wp-json\/wp\/v2\/types\/post"}],"author":[{"embeddable":true,"href":"https:\/\/www.europesays.com\/es\/wp-json\/wp\/v2\/users\/2"}],"replies":[{"embeddable":true,"href":"https:\/\/www.europesays.com\/es\/wp-json\/wp\/v2\/comments?post=12577"}],"version-history":[{"count":0,"href":"https:\/\/www.europesays.com\/es\/wp-json\/wp\/v2\/posts\/12577\/revisions"}],"wp:featuredmedia":[{"embeddable":true,"href":"https:\/\/www.europesays.com\/es\/wp-json\/wp\/v2\/media\/12578"}],"wp:attachment":[{"href":"https:\/\/www.europesays.com\/es\/wp-json\/wp\/v2\/media?parent=12577"}],"wp:term":[{"taxonomy":"category","embeddable":true,"href":"https:\/\/www.europesays.com\/es\/wp-json\/wp\/v2\/categories?post=12577"},{"taxonomy":"post_tag","embeddable":true,"href":"https:\/\/www.europesays.com\/es\/wp-json\/wp\/v2\/tags?post=12577"}],"curies":[{"name":"wp","href":"https:\/\/api.w.org\/{rel}","templated":true}]}}