{"id":125770,"date":"2025-09-19T18:17:10","date_gmt":"2025-09-19T18:17:10","guid":{"rendered":"https:\/\/www.europesays.com\/es\/125770\/"},"modified":"2025-09-19T18:17:10","modified_gmt":"2025-09-19T18:17:10","slug":"ana-guerra-se-pronuncia-sobre-la-no-participacion-de-espana-en-eurovision-si-va-israel","status":"publish","type":"post","link":"https:\/\/www.europesays.com\/es\/125770\/","title":{"rendered":"Ana Guerra se pronuncia sobre la no participaci\u00f3n de Espa\u00f1a en Eurovisi\u00f3n si va Israel"},"content":{"rendered":"<p>La cantante <b>Ana Guerra ha sido<\/b> preguntada en un canutazo ante los medios sobre una de las noticias de la semana: la aprobaci\u00f3n\u2014por mayor\u00eda absoluta: 10 a favor, 4 en contra y una abstenci\u00f3n\u2014 del Consejo de RTVE de <a href=\"https:\/\/www.huffingtonpost.es\/life\/el-consejo-rtve-aprueba-retiradaespana-eurovisionsi-israel-participa.html\" rel=\"nofollow noopener\" target=\"_blank\">la retirada de Espa\u00f1a de Eurovisi\u00f3n si Israel participa.<\/a><\/p>\n<p>Espa\u00f1a se sumar\u00eda a la lista de pa\u00edses que confirman su retirada, en tal caso<b>, junto a Pa\u00edses Bajos, Eslovenia, Islandia e Irlanda<\/b>. No ser\u00eda el caso, de momento, de<a href=\"https:\/\/www.huffingtonpost.es\/virales\/en-alemania-pronuncian-decision-espana-sobre-eurovision-israel-frase-final-generar-lio.html\" rel=\"nofollow noopener\" target=\"_blank\"> Alemania e Italia.<\/a><\/p>\n<p>Ante esa posibilidad, Guerra ha respondido que, para ella, \u00abla m\u00fasica, tal y como yo la vivo, <b>no tiene ideolog\u00eda pol\u00edtica ni religiosa<\/b>, es una cosa universal\u00bb.<\/p>\n<p>\u00abConsidero que <b>no deber\u00eda entrar en juego la m\u00fasica en estas cosas<\/b>, porque la m\u00fasica tambi\u00e9n salva la vida a mucha gente y ayuda en muchos momentos\u00bb, ha concluido. Tambi\u00e9n ha opinado el m\u00fasico y actor V\u00edctor El\u00edas, que ha estado de acuerdo con las palabras de su actual esposa.<\/p>\n<p>\u00abS\u00ed, justo, la m\u00fasica es de todos, <b>pero es verdad que son momentos complicados, las decisiones que se tomen son muy complicadas<\/b> juzgarlas, no se puede entrar ni a juzgar ni a opinar porque&#8230; S\u00ed que es verdad que la m\u00fasica es de todos\u00bb, ha opinado.<\/p>\n<p>Estas declaraciones, recogidas y analizadas en Aruseros, programa de La Sexta, han generado algunas reacciones. El presentador Alfonso Ar\u00fas ha recordado y matizado que \u00abcuando se dice que Espa\u00f1a no va a participar o que Israel s\u00ed lo har\u00e1, eso es incorrecto, porque los que participan son las televisiones\u00bb.<\/p>\n<p>La cantante Amaia Romero, que fue excompa\u00f1era de Ana Guerra en Operaci\u00f3n Triunfo 2017,<a href=\"https:\/\/www.huffingtonpost.es\/virales\/preguntan-amaia-espana-eurovision-israel-tarda-segundo-responder.html\" rel=\"nofollow noopener\" target=\"_blank\"> tambi\u00e9n se ha pronunciado al respecto<\/a>, pero ha defendido que le parece <b>\u00abgenial y estoy muy a favor de esta decisi\u00f3n, lo entiendo al 100%\u00bb.\u00a0 \u00abNo s\u00e9 c\u00f3mo funciona o si nos puede pasar factura, pero da igual, es lo<\/b> de menos\u00bb, ha concluido\u00bb.<\/p>\n","protected":false},"excerpt":{"rendered":"La cantante Ana Guerra ha sido preguntada en un canutazo ante los medios sobre una de las noticias&hellip;\n","protected":false},"author":2,"featured_media":125771,"comment_status":"","ping_status":"","sticky":false,"template":"","format":"standard","meta":{"footnotes":""},"categories":[171],"tags":[40913,146,147,25,24,24121,37776,23,214],"class_list":{"0":"post-125770","1":"post","2":"type-post","3":"status-publish","4":"format-standard","5":"has-post-thumbnail","7":"category-tv","8":"tag-ana-guerra","9":"tag-entertainment","10":"tag-entretenimiento","11":"tag-es","12":"tag-espana","13":"tag-eurovision","14":"tag-guerra-israel-gaza","15":"tag-spain","16":"tag-tv"},"share_on_mastodon":{"url":"","error":""},"_links":{"self":[{"href":"https:\/\/www.europesays.com\/es\/wp-json\/wp\/v2\/posts\/125770","targetHints":{"allow":["GET"]}}],"collection":[{"href":"https:\/\/www.europesays.com\/es\/wp-json\/wp\/v2\/posts"}],"about":[{"href":"https:\/\/www.europesays.com\/es\/wp-json\/wp\/v2\/types\/post"}],"author":[{"embeddable":true,"href":"https:\/\/www.europesays.com\/es\/wp-json\/wp\/v2\/users\/2"}],"replies":[{"embeddable":true,"href":"https:\/\/www.europesays.com\/es\/wp-json\/wp\/v2\/comments?post=125770"}],"version-history":[{"count":0,"href":"https:\/\/www.europesays.com\/es\/wp-json\/wp\/v2\/posts\/125770\/revisions"}],"wp:featuredmedia":[{"embeddable":true,"href":"https:\/\/www.europesays.com\/es\/wp-json\/wp\/v2\/media\/125771"}],"wp:attachment":[{"href":"https:\/\/www.europesays.com\/es\/wp-json\/wp\/v2\/media?parent=125770"}],"wp:term":[{"taxonomy":"category","embeddable":true,"href":"https:\/\/www.europesays.com\/es\/wp-json\/wp\/v2\/categories?post=125770"},{"taxonomy":"post_tag","embeddable":true,"href":"https:\/\/www.europesays.com\/es\/wp-json\/wp\/v2\/tags?post=125770"}],"curies":[{"name":"wp","href":"https:\/\/api.w.org\/{rel}","templated":true}]}}