{"id":125780,"date":"2025-09-19T18:23:10","date_gmt":"2025-09-19T18:23:10","guid":{"rendered":"https:\/\/www.europesays.com\/es\/125780\/"},"modified":"2025-09-19T18:23:10","modified_gmt":"2025-09-19T18:23:10","slug":"yuji-horii-comenta-por-que-dragon-quest-vii-reimagined-regresa-antes-que-la-trilogia-zenithiana","status":"publish","type":"post","link":"https:\/\/www.europesays.com\/es\/125780\/","title":{"rendered":"Yuji Horii comenta por qu\u00e9 Dragon Quest VII Reimagined regresa antes que la Trilog\u00eda Zenithiana"},"content":{"rendered":"<p><b>Parece que ya tenemos detalles adicionales de esta entrega de Dragon<\/b><strong>\u00a0Quest<\/strong>. Hablamos de lo siguiente tras\u00a0<a href=\"https:\/\/www.nintenderos.com\/2022\/01\/dragon-quest-iii-el-remake-2d-hd-parece-lanzarse-este-ano\/\" rel=\"nofollow noopener\" target=\"_blank\">Dragon Quest III HD-2D Remake<\/a>. S\u00ed, nos llegan novedades despu\u00e9s de conocer hace unos meses\u00a0<a href=\"https:\/\/www.nintenderos.com\/2024\/06\/dragon-quest-iii-hd-2d-remake-confirma-fecha-junto-al-anuncio-de-i-ii-hd-2d-remake\/\" rel=\"nofollow noopener\" target=\"_blank\">el anuncio del remake de I y II<\/a>\u00a0y ahora nos centramos en este\u00a0<a href=\"https:\/\/www.nintenderos.com\/2025\/09\/dragon-quest-7-reimagined-se-confirma-para-nintendo-switch-2-y-nintendo-switch\/\" rel=\"nofollow noopener\" target=\"_blank\">Dragon Quest VII Reimagined<\/a>.<\/p>\n<p>Este juego se lanza<strong> el 5 de febrero de 2026 y ahora hemos conocido <\/strong>declaraciones de su desarrollo. Este juego nos sorprendi\u00f3 con su anuncio en el \u00faltimo Nintendo Direct, lo que llev\u00f3 a muchos a pensar en <strong>la posibilidad de que la Trilog\u00eda Zenithiana (IV, V y VI)<\/strong> fuese el siguiente paso tras los remakes de I, II y III.<\/p>\n<p>Sin embargo, en una reciente transmisi\u00f3n, Yuji Horii ha dejado claro que el pr\u00f3ximo remake no corresponde a esos juegos, asegurando que el VII se eligi\u00f3 \u201cpor casualidad\u201d, aunque sin cerrar del todo la puerta a futuros proyectos. A pesar de las insinuaciones de sus interlocutores, <strong>Horii repiti\u00f3 entre risas que no hab\u00eda confirmado nada sobre IV, V o VI, aunque reconoci\u00f3 que su deseo es que toda la saga sea jugable en plataformas actuales<\/strong>.<\/p>\n<p>Otros contenidos en esta categor\u00eda:<\/p>\n<p>Os recordamos que Amazon Espa\u00f1a ya lo tiene en reserva:<\/p>\n<ul>\n<li>Dragon Quest VII Reimagined para\u00a0<strong>Switch 2<\/strong>\u00a0(game key card) \u2013\u00a0<a class=\"external\" href=\"https:\/\/amzn.to\/47LBbBt\" rel=\"nofollow noopener\" target=\"_blank\">71,99\u20ac<\/a><\/li>\n<li>Dragon Quest VII Reimagined para\u00a0<strong>Switch 1<\/strong>\u00a0(no mejorable a Switch 2) \u2013\u00a0<a class=\"external\" href=\"https:\/\/amzn.to\/46snzZG\" rel=\"nofollow noopener\" target=\"_blank\">61,99\u20ac<\/a><\/li>\n<\/ul>\n<p>Os recordamos que, en esta nueva versi\u00f3n de todo un cl\u00e1sico, un grupo de valientes se dispone a averiguar\u00a0<strong>por qu\u00e9 el reino en el que viven es la \u00fanica isla que queda en el mundo<\/strong>. Por el camino, correr\u00e1n toda suerte de alegres aventuras\u2026 pero tambi\u00e9n sufrir\u00e1n infortunios.<\/p>\n<p>Este t\u00edtulo ofrece un nuevo estilo art\u00edstico que a\u00fana el aspecto de las miniaturas con el ic\u00f3nico dise\u00f1o de personajes de\u00a0<strong>Akira Toriyama<\/strong>, as\u00ed como una historia principal revisada, la opci\u00f3n de equipar dos vocaciones al mismo tiempo y muchas cosas m\u00e1s. Si los usuarios reservan el juego, recibir\u00e1n un atuendo para el h\u00e9roe junto con objetos \u00fatiles para la aventura.<\/p>\n<p>Os dejamos con su tr\u00e1iler:<\/p>\n<p><a href=\"https:\/\/www.nintendolife.com\/news\/2025\/09\/why-remake-dragon-quest-vii-before-the-zenithian-trilogy-yuji-horii-comments\" class=\"external\" rel=\"nofollow noopener\" target=\"_blank\">Fuente<\/a><\/p>\n<p>\u00abPara apoyar nuestro trabajo y mantener la calidad de Nintenderos.com, compartimos ofertas relevantes de Amazon. Cada compra que realices a trav\u00e9s de nuestros enlaces de afiliado nos ayuda a seguir ofreci\u00e9ndote el mejor contenido, sin coste adicional para ti.\u00bb<\/p>\n","protected":false},"excerpt":{"rendered":"Parece que ya tenemos detalles adicionales de esta entrega de Dragon\u00a0Quest. Hablamos de lo siguiente tras\u00a0Dragon Quest III&hellip;\n","protected":false},"author":2,"featured_media":125781,"comment_status":"","ping_status":"","sticky":false,"template":"","format":"standard","meta":{"footnotes":""},"categories":[81],"tags":[119,123,124,40897,40898,25,24,117,121,122,23,118,120,40899],"class_list":{"0":"post-125780","1":"post","2":"type-post","3":"status-publish","4":"format-standard","5":"has-post-thumbnail","7":"category-ciencia-y-tecnologia","8":"tag-ciencia","9":"tag-ciencia-y-tecnologia","10":"tag-cienciaytecnologia","11":"tag-dragon-quest","12":"tag-dragon-quest-vii-reimagined","13":"tag-es","14":"tag-espana","15":"tag-science","16":"tag-science-and-technology","17":"tag-scienceandtechnology","18":"tag-spain","19":"tag-technology","20":"tag-tecnologia","21":"tag-yuji-horii"},"share_on_mastodon":{"url":"","error":""},"_links":{"self":[{"href":"https:\/\/www.europesays.com\/es\/wp-json\/wp\/v2\/posts\/125780","targetHints":{"allow":["GET"]}}],"collection":[{"href":"https:\/\/www.europesays.com\/es\/wp-json\/wp\/v2\/posts"}],"about":[{"href":"https:\/\/www.europesays.com\/es\/wp-json\/wp\/v2\/types\/post"}],"author":[{"embeddable":true,"href":"https:\/\/www.europesays.com\/es\/wp-json\/wp\/v2\/users\/2"}],"replies":[{"embeddable":true,"href":"https:\/\/www.europesays.com\/es\/wp-json\/wp\/v2\/comments?post=125780"}],"version-history":[{"count":0,"href":"https:\/\/www.europesays.com\/es\/wp-json\/wp\/v2\/posts\/125780\/revisions"}],"wp:featuredmedia":[{"embeddable":true,"href":"https:\/\/www.europesays.com\/es\/wp-json\/wp\/v2\/media\/125781"}],"wp:attachment":[{"href":"https:\/\/www.europesays.com\/es\/wp-json\/wp\/v2\/media?parent=125780"}],"wp:term":[{"taxonomy":"category","embeddable":true,"href":"https:\/\/www.europesays.com\/es\/wp-json\/wp\/v2\/categories?post=125780"},{"taxonomy":"post_tag","embeddable":true,"href":"https:\/\/www.europesays.com\/es\/wp-json\/wp\/v2\/tags?post=125780"}],"curies":[{"name":"wp","href":"https:\/\/api.w.org\/{rel}","templated":true}]}}