{"id":125786,"date":"2025-09-19T18:26:13","date_gmt":"2025-09-19T18:26:13","guid":{"rendered":"https:\/\/www.europesays.com\/es\/125786\/"},"modified":"2025-09-19T18:26:13","modified_gmt":"2025-09-19T18:26:13","slug":"la-calle-torneo-perdera-dos-carriles-por-las-obras-de-mejora-de-su-mediana","status":"publish","type":"post","link":"https:\/\/www.europesays.com\/es\/125786\/","title":{"rendered":"La calle Torneo perder\u00e1 dos carriles por las obras de mejora de su mediana"},"content":{"rendered":"<p><img decoding=\"async\" class=\"voc-author__img\" src=\"https:\/\/www.europesays.com\/es\/wp-content\/uploads\/2025\/08\/autor-6268-foto-1.jpeg\" alt=\"Mario Daza\"\/><\/p>\n<p>19\/09\/2025<br \/>\n<br \/><strong><br \/>\nActualizado a las 17:25h.<br \/>\n<\/strong><\/p>\n<p class=\"voc-p\" style=\"\">Los sevillanos se encontrar\u00e1n a partir de este pr\u00f3ximo lunes con<strong> un nuevo inconveniente a la hora de circular<\/strong> con sus veh\u00edculos por la ciudad con toda normalidad. Este 22 de septiembre est\u00e1 previsto que <strong>se corte al tr\u00e1fico parte de la calle Torneo<\/strong>, una de las principales arterias de la capital hispalense, con motivo del comienzo de las obras de mejora y reurbanizaci\u00f3n de su mediana. Unos trabajos que han sido impulsados desde la Delegaci\u00f3n de Parques y Jardines y en los que <strong>se invertir\u00e1n algo m\u00e1s de 400.000 euros en la ejecuci\u00f3n de un nuevo dise\u00f1o paisaj\u00edstico<\/strong> que incluye la plantaci\u00f3n de hasta 154 \u00e1rboles de especies ornamentales.<\/p>\n<p class=\"voc-p\" style=\"\">La presencia de los operarios en esta zona de la ciudad obligar\u00e1 a<strong> invadir dos carriles de la calzada, uno por cada uno de los sentidos<\/strong>. En la pr\u00e1ctica, esta decisi\u00f3n va a suponer que los conductores pasen de tres a dos carriles a su disposici\u00f3n cuando tengan que circular por la calle Torneo. En concreto, los que se ver\u00e1n afectados a partir del este pr\u00f3ximo lunes ser\u00e1n <strong>aquellos que est\u00e1n m\u00e1s pr\u00f3ximos a la mediana<\/strong>, quedando en activo el resto y los de las dos v\u00edas de servicio por las que est\u00e1 autorizado el tr\u00e1nsito de las l\u00edneas de Tussam, as\u00ed como de los taxis, las motocicletas, los veh\u00edculos el\u00e9ctricos, de emergencia y restos de servicios p\u00fablicos.<\/p>\n<p class=\"voc-p\" style=\"\">El inicio de esta obra <strong>coincidir\u00e1 con los primeros cortes de tr\u00e1fico que van a provocar los trabajos de construcci\u00f3n del tranvib\u00fas<\/strong> entre la estaci\u00f3n de Santa Justa y la Plaza del Duque, que arrancar\u00e1n tambi\u00e9n este pr\u00f3ximo lunes. Seg\u00fan ha anunciado la Delegaci\u00f3n de Movilidad del Ayuntamiento, a partir de este 22 de septiembre <strong>se cerrar\u00e1 la circulaci\u00f3n en la Campana y la calle Mart\u00edn Villa<\/strong>, prolong\u00e1ndose hasta el mes de noviembre. Por este motivo, Tussam tendr\u00e1 que desviar las cuatro l\u00edneas que habitualmente dna servicio a la zona. Por un lado, <strong>la 13 y 14 saldr\u00e1n del Casco Antiguo<\/strong> por la calle Alfonso XII, en lugar de por Santa Mar\u00eda de Gracia, Amor de Dios y Feria. Igualmente, <strong>la 27 y las 32 cambian su \u00faltima parada<\/strong>, adelant\u00e1ndose hasta la Plaza Ponce de Le\u00f3n.<\/p>\n<p>\nActuaci\u00f3n sobre la mediana\n<\/p>\n<p class=\"voc-p\" style=\"\">La reducci\u00f3n de dos carriles de la calle Torneo a partir de este lunes <strong>se va a prolongar durante al menos dos semanas<\/strong>, coincidiendo con el inicio de las obras de mejora y reurbanizaci\u00f3n de la mediana de esta v\u00eda, que pasar\u00e1 a ser \u00abm\u00e1s verde, m\u00e1s sostenible y menos contaminante\u00bb, tal y como ha explicado<strong> la delegada de Parques y Jardines, Evelia Rinc\u00f3n<\/strong>. La intervenci\u00f3n va a consistir en la plantaci\u00f3n de 154 \u00e1rboles de especies ornamentales, entre las que destacan<strong> las palmeras Reina, los \u00e1rboles de J\u00fapiter y las Sicas<\/strong>. Adem\u00e1s, se instalar\u00e1 un tapiz verde de Lippia nodiflora, similar al que ha funcionado \u00abcon \u00e9xito\u00bb en la avenida de Kansas City y que \u00abpermanecer\u00e1 verde durante todo el a\u00f1o\u00bb. <strong>Este proyecto se extender\u00e1 hasta 2026<\/strong> por otros siete accesos m\u00e1s a la ciudad, con una inversi\u00f3n total de 1,8 millones.<\/p>\n<p>Reportar un error<\/p>\n","protected":false},"excerpt":{"rendered":"19\/09\/2025 Actualizado a las 17:25h. Los sevillanos se encontrar\u00e1n a partir de este pr\u00f3ximo lunes con un nuevo&hellip;\n","protected":false},"author":2,"featured_media":125787,"comment_status":"","ping_status":"","sticky":false,"template":"","format":"standard","meta":{"footnotes":""},"categories":[8],"tags":[17,18,10872,34800,1563,25,24,13,14,11,19,20,40914,8719,9,10,15,16,474,17584,23,12,775,21,22],"class_list":{"0":"post-125786","1":"post","2":"type-post","3":"status-publish","4":"format-standard","5":"has-post-thumbnail","7":"category-espana","8":"tag-breaking-news","9":"tag-breakingnews","10":"tag-calle","11":"tag-carriles","12":"tag-dos","13":"tag-es","14":"tag-espana","15":"tag-featured-news","16":"tag-featurednews","17":"tag-headlines","18":"tag-latest-news","19":"tag-latestnews","20":"tag-mediana","21":"tag-mejora","22":"tag-news","23":"tag-noticias","24":"tag-noticias-destacadas","25":"tag-noticiasdestacadas","26":"tag-obras","27":"tag-perdera","28":"tag-spain","29":"tag-titulares","30":"tag-torneo","31":"tag-ultimas-noticias","32":"tag-ultimasnoticias"},"share_on_mastodon":{"url":"","error":""},"_links":{"self":[{"href":"https:\/\/www.europesays.com\/es\/wp-json\/wp\/v2\/posts\/125786","targetHints":{"allow":["GET"]}}],"collection":[{"href":"https:\/\/www.europesays.com\/es\/wp-json\/wp\/v2\/posts"}],"about":[{"href":"https:\/\/www.europesays.com\/es\/wp-json\/wp\/v2\/types\/post"}],"author":[{"embeddable":true,"href":"https:\/\/www.europesays.com\/es\/wp-json\/wp\/v2\/users\/2"}],"replies":[{"embeddable":true,"href":"https:\/\/www.europesays.com\/es\/wp-json\/wp\/v2\/comments?post=125786"}],"version-history":[{"count":0,"href":"https:\/\/www.europesays.com\/es\/wp-json\/wp\/v2\/posts\/125786\/revisions"}],"wp:featuredmedia":[{"embeddable":true,"href":"https:\/\/www.europesays.com\/es\/wp-json\/wp\/v2\/media\/125787"}],"wp:attachment":[{"href":"https:\/\/www.europesays.com\/es\/wp-json\/wp\/v2\/media?parent=125786"}],"wp:term":[{"taxonomy":"category","embeddable":true,"href":"https:\/\/www.europesays.com\/es\/wp-json\/wp\/v2\/categories?post=125786"},{"taxonomy":"post_tag","embeddable":true,"href":"https:\/\/www.europesays.com\/es\/wp-json\/wp\/v2\/tags?post=125786"}],"curies":[{"name":"wp","href":"https:\/\/api.w.org\/{rel}","templated":true}]}}