{"id":125788,"date":"2025-09-19T18:27:19","date_gmt":"2025-09-19T18:27:19","guid":{"rendered":"https:\/\/www.europesays.com\/es\/125788\/"},"modified":"2025-09-19T18:27:19","modified_gmt":"2025-09-19T18:27:19","slug":"valladolid-hace-de-puente-entre-espana-e-india-para-estrechar-lazos-culturales-y-educativos","status":"publish","type":"post","link":"https:\/\/www.europesays.com\/es\/125788\/","title":{"rendered":"Valladolid hace de puente entre Espa\u00f1a e India para estrechar lazos culturales y educativos"},"content":{"rendered":"<p>Descripci\u00f3n<\/p>\n<ul>\n<li>\nCarnero facilitar\u00e1 tanto con la UVA como con la Universidad Europa Miguel de Cervantes que nuestros estudiantes tengan la posibilidad de cursar sus estudios en India gracias a becas educativas ofrecidas por este pa\u00eds asi\u00e1tico.\n<\/li>\n<\/ul>\n<p class=\"cmParagraph cmAlignjustify\">El alcalde de Valladolid, Jes\u00fas Julio Carnero, se ha reunido hoy en Nueva Delhi con la directora del Consejo Indio de Relaciones Culturales (ICCR), Ms.Nandini Singla, el \u00f3rgano de quien depende la Fundaci\u00f3n de la Casa de la India en Valladolid, instituci\u00f3n que mantiene vivo el v\u00ednculo de nuestra ciudad con la India.<\/p>\n<p class=\"cmParagraph cmAlignjustify\">Se ha tratado de un encuentro de trabajo para avanzar en proyectos de colaboraci\u00f3n durante el pr\u00f3ximo a\u00f1o dual 2026 Espa\u00f1a \u2013 India, donde se pretende que Valladolid tenga un protagonismo especial en aspectos tan importantes como el cultural, el educativo y el empresarial.<\/p>\n<p class=\"cmParagraph cmAlignjustify\">Como ha manifestado el alcalde, \u00abqueremos seguir contando con el apoyo del ICCR, a trav\u00e9s de nuestra Casa de la India, puesto que solo hay otras dos sedes en Europa como esta, en Londres y Berl\u00edn, y por eso nos sentimos protagonistas de la cultura y de la manera de ser de un pa\u00eds tan importante como la India\u00bb.<\/p>\n<p class=\"cmParagraph cmAlignjustify\">Se trata, ha a\u00f1adido Carnero, \u00abde seguir estrechando y consiguiendo una mayor relaci\u00f3n entre Valladolid y el pa\u00eds asi\u00e1tico, m\u00e1s si cabe cuando Valladolid ser\u00e1 una de las sedes culturales del a\u00f1o dual 2026, y es de agradecer la propuesta de la directora del ICCR como es la posibilidad de que el Ayuntamiento de Valladolid pueda hacer de altavoz y difundir un amplio cat\u00e1logo de becas que el Gobierno indio dispone a trav\u00e9s de este Consejo para estudiantes universitarios de nuestro territorio para realizar parte de su carrera, o en su plenitud, y en ello trabajaremos junto a la Universidad de Valladolid y la Universidad Europea Miguel de Cervantes\u00bb.<\/p>\n<p class=\"cmParagraph cmAlignjustify\"><strong>Visita a la Galer\u00eda Nacional de Arte Moderno  <\/strong><\/p>\n<p class=\"cmParagraph cmAlignjustify\">Asimismo, el alcalde ha mantenido un encuentro institucional con el director general de la Galer\u00eda Nacional de Arte Moderno de Nueva Delhi, Sanjeev Kishor Goutam , con el objetivo de establecer l\u00edneas de colaboraci\u00f3n cultural entre ambas ciudades.<\/p>\n<p class=\"cmParagraph cmAlignjustify\">Durante la reuni\u00f3n, celebrada en la sede de la prestigiosa instituci\u00f3n india, se han abordado proyectos de <strong>intercambio de exposiciones<\/strong> que permitir\u00e1n mostrar en Valladolid una selecci\u00f3n representativa del arte moderno y contempor\u00e1neo de la India, al tiempo que obras relevantes de artistas vallisoletanos y espa\u00f1oles podr\u00edan ser exhibidas en Nueva Delhi.<\/p>\n<p class=\"cmParagraph cmAlignjustify\">El alcalde ha destacado que esta cooperaci\u00f3n \u00ababre una puerta de gran valor para dar proyecci\u00f3n internacional al talento art\u00edstico de nuestra ciudad y, al mismo tiempo, acercar a los vallisoletanos la riqueza y diversidad del patrimonio cultural de la India\u00bb.<\/p>\n<p class=\"cmParagraph cmAlignjustify\">Por su parte, el director de la Galer\u00eda Nacional de Arte Moderno ha subrayado la importancia de esta iniciativa como \u00abun puente cultural que refuerza los lazos entre ambos pa\u00edses a trav\u00e9s del arte, con el objetivo de idear un plan de acci\u00f3n\u00bb.<\/p>\n<p class=\"cmParagraph cmAlignjustify\">El encuentro se enmarca dentro de la estrategia del Ayuntamiento de Valladolid para <strong>internacionalizar la actividad cultural de la ciudad<\/strong>, m\u00e1s si cabe en el pr\u00f3ximo a\u00f1o dual 2026 Espa\u00f1a \u2013 India, consolid\u00e1ndola como un referente en la organizaci\u00f3n de proyectos art\u00edsticos de car\u00e1cter global.<\/p>\n<p><\/p>\n","protected":false},"excerpt":{"rendered":"Descripci\u00f3n Carnero facilitar\u00e1 tanto con la UVA como con la Universidad Europa Miguel de Cervantes que nuestros estudiantes&hellip;\n","protected":false},"author":2,"featured_media":125789,"comment_status":"","ping_status":"","sticky":false,"template":"","format":"standard","meta":{"footnotes":""},"categories":[5],"tags":[4115,4109,249,1250,17,18,4107,4114,777,4110,25,24,13,14,260,11,19,20,4108,9,4112,10,15,16,4111,4116,4113,23,12,21,22,1607],"class_list":{"0":"post-125788","1":"post","2":"type-post","3":"status-publish","4":"format-standard","5":"has-post-thumbnail","7":"category-titulares","8":"tag-agendas","9":"tag-alcaldia","10":"tag-ayudas","11":"tag-ayuntamiento","12":"tag-breaking-news","13":"tag-breakingnews","14":"tag-castilla","15":"tag-centros","16":"tag-ciudad","17":"tag-corporacion","18":"tag-es","19":"tag-espana","20":"tag-featured-news","21":"tag-featurednews","22":"tag-gente","23":"tag-headlines","24":"tag-latest-news","25":"tag-latestnews","26":"tag-leon","27":"tag-news","28":"tag-normativas","29":"tag-noticias","30":"tag-noticias-destacadas","31":"tag-noticiasdestacadas","32":"tag-presupuestos","33":"tag-publicaciones","34":"tag-servicios","35":"tag-spain","36":"tag-titulares","37":"tag-ultimas-noticias","38":"tag-ultimasnoticias","39":"tag-valladolid"},"share_on_mastodon":{"url":"","error":""},"_links":{"self":[{"href":"https:\/\/www.europesays.com\/es\/wp-json\/wp\/v2\/posts\/125788","targetHints":{"allow":["GET"]}}],"collection":[{"href":"https:\/\/www.europesays.com\/es\/wp-json\/wp\/v2\/posts"}],"about":[{"href":"https:\/\/www.europesays.com\/es\/wp-json\/wp\/v2\/types\/post"}],"author":[{"embeddable":true,"href":"https:\/\/www.europesays.com\/es\/wp-json\/wp\/v2\/users\/2"}],"replies":[{"embeddable":true,"href":"https:\/\/www.europesays.com\/es\/wp-json\/wp\/v2\/comments?post=125788"}],"version-history":[{"count":0,"href":"https:\/\/www.europesays.com\/es\/wp-json\/wp\/v2\/posts\/125788\/revisions"}],"wp:featuredmedia":[{"embeddable":true,"href":"https:\/\/www.europesays.com\/es\/wp-json\/wp\/v2\/media\/125789"}],"wp:attachment":[{"href":"https:\/\/www.europesays.com\/es\/wp-json\/wp\/v2\/media?parent=125788"}],"wp:term":[{"taxonomy":"category","embeddable":true,"href":"https:\/\/www.europesays.com\/es\/wp-json\/wp\/v2\/categories?post=125788"},{"taxonomy":"post_tag","embeddable":true,"href":"https:\/\/www.europesays.com\/es\/wp-json\/wp\/v2\/tags?post=125788"}],"curies":[{"name":"wp","href":"https:\/\/api.w.org\/{rel}","templated":true}]}}